{"id":44079,"date":"2026-02-23T21:39:38","date_gmt":"2026-02-23T21:39:38","guid":{"rendered":"https:\/\/bihavadis.com\/?p=44079"},"modified":"2026-02-23T21:39:38","modified_gmt":"2026-02-23T21:39:38","slug":"norvec-monarsinin-devamini-secti","status":"publish","type":"post","link":"https:\/\/bihavadis.com\/index.php\/2026\/02\/23\/norvec-monarsinin-devamini-secti\/","title":{"rendered":"Norve\u00e7 monar\u015finin devam\u0131n\u0131 se\u00e7ti"},"content":{"rendered":"<p>Son d\u00f6nemde Epstein dosyalar\u0131nda isimlerin ge\u00e7mesiyle tarihinin en zorlu g\u00fcnlerini ya\u015fayan Norve\u00e7 monar\u015fisi, halk\u0131n ve siyasetin s\u0131nav\u0131ndan g\u00fc\u00e7lenerek \u00e7\u0131kt\u0131. Norve\u00e7 Parlamentosu&#8217;nda (Stortinget) \u00fclkenin y\u00f6netim bi\u00e7imini k\u00f6kten de\u011fi\u015ftirecek olan &#8220;Cumhuriyet&#8221; \u00f6nergesi, Epstein g\u00f6lgesindeki tart\u0131\u015fmalar\u0131n aksine b\u00fcy\u00fck bir farkla reddedildi.<\/p>\n<p>Oylama, \u00fclkede son d\u00f6nemde monar\u015fi tart\u0131\u015fmalar\u0131n\u0131n yeniden alevlendi\u011fi bir d\u00f6nemde ger\u00e7ekle\u015fti. Cumhuriyet yanl\u0131lar\u0131, kraliyet ailesinin sembolik rol\u00fcn\u00fcn g\u00fcn\u00fcm\u00fcz demokratik de\u011ferleriyle \u00f6rt\u00fc\u015fmedi\u011fini savunurken, monar\u015fi yanl\u0131lar\u0131 ise kraliyet kurumunun Norve\u00e7&#8217;in istikrar\u0131 ve ulusal kimli\u011fi a\u00e7\u0131s\u0131ndan \u00f6nemli oldu\u011funu dile getirdi.<\/p>\n<p><b>EPSTE\u0130N DOSYALARI TARTI\u015eMAYI G\u00d6LGELED\u0130 <\/b><\/p>\n<p>Oylama s\u00fcreci, kamuoyunda yank\u0131 uyand\u0131ran Jeffrey Epstein dosyalar\u0131 ile ilgili iddialar\u0131n yeniden g\u00fcndeme gelmesiyle dikkat \u00e7ekti. Uluslararas\u0131 bas\u0131na yans\u0131yan baz\u0131 belgelerde, Norve\u00e7 kraliyet ailesinin isminin Epstein dosyalar\u0131nda ge\u00e7en istismar iddialar\u0131 ba\u011flam\u0131nda an\u0131ld\u0131\u011f\u0131 \u00f6ne s\u00fcr\u00fclm\u00fc\u015ft\u00fc. S\u00f6z konusu iddialar, \u00fclkede monar\u015finin \u015feffafl\u0131\u011f\u0131 ve hesap verebilirli\u011fi konusunda yeni tart\u0131\u015fmalar\u0131 beraberinde getirdi.<\/p>\n<p>Yay\u0131mlanan yeni dosyalarda, veliaht prenses Mette-Marit&#8217;in Jeffrey Epstein ile y\u0131llar boyunca yaz\u0131\u015ft\u0131\u011f\u0131 ortaya \u00e7\u0131kt\u0131. 2011-2014 y\u0131llar\u0131 aras\u0131nda ger\u00e7ekle\u015fen bu ileti\u015fimler, uzmanlar\u0131n &#8220;zay\u0131f de\u011ferlendirme&#8221; olarak nitelendirdi\u011fi g\u00f6r\u00fc\u015fmeye yol a\u00e7t\u0131. Mette-Marit, bu ili\u015fki i\u00e7in &#8220;hatam\u0131 kabul ediyorum ve bu temas benim i\u00e7in utan\u00e7 verici oldu&#8221; diye a\u00e7\u0131klama yapt\u0131.<\/p>\n<div>\n<figure><img decoding=\"async\" src=\"https:\/\/bihavadis.com\/wp-content\/uploads\/2026\/02\/norvec-monarsinin-devamini-secti-0-7z6P1ahe.jpg\"\/><\/figure>\n<\/div>\n<p>Norve\u00e7li yetkililer ve kraliyet cephesi ise bu iddialara ili\u015fkin resmi bir su\u00e7lama bulunmad\u0131\u011f\u0131n\u0131 vurgulayarak, spek\u00fclatif yorumlara kar\u015f\u0131 temkinli olunmas\u0131 \u00e7a\u011fr\u0131s\u0131nda bulundu.<\/p>\n<p><b>O\u011eLU DA TECAV\u00dcZLE SU\u00c7LANIYOR <\/b><\/p>\n<p>Veliaht prensesin 29 ya\u015f\u0131ndaki o\u011flu da tecav\u00fcz su\u00e7lamas\u0131yla kar\u015f\u0131 kar\u015f\u0131ya.Mette-Marit&#8217;in o\u011flu Marius Borg H\u00f8iby, 38 farkl\u0131 su\u00e7lamayla yarg\u0131lan\u0131yor. Viyana&#8217;daki mahkemede s\u00fcren davada H\u00f8iby, d\u00f6rt kad\u0131na tecav\u00fcz, sald\u0131r\u0131 ve uyu\u015fturucu su\u00e7lar\u0131 dahil a\u011f\u0131r su\u00e7lamalarla kar\u015f\u0131 kar\u015f\u0131ya ve h\u00fck\u00fcm giymesi halinde uzun bir hapis cezas\u0131 alabilir.<\/p>\n<p><b>MONAR\u015e\u0130 TARTI\u015eMASI S\u00dcRECEK <\/b><\/p>\n<p>Meclis oylamas\u0131nda monar\u015finin korunmas\u0131 y\u00f6n\u00fcnde net bir \u00e7o\u011funluk sa\u011flanm\u0131\u015f olsa da, uzmanlar ve siyaset\u00e7iler, \u00f6zellikle gen\u00e7 ku\u015faklar aras\u0131nda cumhuriyet fikrine deste\u011fin artt\u0131\u011f\u0131na dikkat \u00e7ekiyor. Bu nedenle Norve\u00e7&#8217;te monar\u015fi\u2013cumhuriyet tart\u0131\u015fmas\u0131n\u0131n \u00f6n\u00fcm\u00fczdeki y\u0131llarda da g\u00fcndemde kalmas\u0131 bekleniyor.<\/p>\n","protected":false},"excerpt":{"rendered":"<p>Son g\u00fcnlerde Epstein dosyalar\u0131yla g\u00fcndeme gelen Norve\u00e7 monar\u015fisi mecliste yap\u0131lan oylama ile rahat bir nefes ald\u0131. Parlamentoda cumhuriyet rejimine ge\u00e7ilip ge\u00e7ilmeyece\u011fine ili\u015fkin yap\u0131lan oylamada, monar\u015finin devam\u0131 y\u00f6n\u00fcnde karar \u00e7\u0131kt\u0131. 169 sandalyeli Norve\u00e7 Parlamentosu&#8217;nda yap\u0131lan oylamada, 141 milletvekili monar\u015finin s\u00fcrd\u00fcr\u00fclmesini, 28 milletvekili ise cumhuriyet rejimine ge\u00e7ilmesini destekledi.<\/p>\n","protected":false},"author":1,"featured_media":44080,"comment_status":"open","ping_status":"open","sticky":false,"template":"","format":"standard","meta":{"footnotes":""},"categories":[12],"tags":[2183,5962,3939],"class_list":["post-44079","post","type-post","status-publish","format-standard","has-post-thumbnail","hentry","category-siyaset","tag-epstein","tag-monarsi","tag-norvec"],"_links":{"self":[{"href":"https:\/\/bihavadis.com\/index.php\/wp-json\/wp\/v2\/posts\/44079","targetHints":{"allow":["GET"]}}],"collection":[{"href":"https:\/\/bihavadis.com\/index.php\/wp-json\/wp\/v2\/posts"}],"about":[{"href":"https:\/\/bihavadis.com\/index.php\/wp-json\/wp\/v2\/types\/post"}],"author":[{"embeddable":true,"href":"https:\/\/bihavadis.com\/index.php\/wp-json\/wp\/v2\/users\/1"}],"replies":[{"embeddable":true,"href":"https:\/\/bihavadis.com\/index.php\/wp-json\/wp\/v2\/comments?post=44079"}],"version-history":[{"count":1,"href":"https:\/\/bihavadis.com\/index.php\/wp-json\/wp\/v2\/posts\/44079\/revisions"}],"predecessor-version":[{"id":44082,"href":"https:\/\/bihavadis.com\/index.php\/wp-json\/wp\/v2\/posts\/44079\/revisions\/44082"}],"wp:featuredmedia":[{"embeddable":true,"href":"https:\/\/bihavadis.com\/index.php\/wp-json\/wp\/v2\/media\/44080"}],"wp:attachment":[{"href":"https:\/\/bihavadis.com\/index.php\/wp-json\/wp\/v2\/media?parent=44079"}],"wp:term":[{"taxonomy":"category","embeddable":true,"href":"https:\/\/bihavadis.com\/index.php\/wp-json\/wp\/v2\/categories?post=44079"},{"taxonomy":"post_tag","embeddable":true,"href":"https:\/\/bihavadis.com\/index.php\/wp-json\/wp\/v2\/tags?post=44079"}],"curies":[{"name":"wp","href":"https:\/\/api.w.org\/{rel}","templated":true}]}}