{"id":44090,"date":"2026-02-23T21:48:07","date_gmt":"2026-02-23T21:48:07","guid":{"rendered":"https:\/\/bihavadis.com\/?p=44090"},"modified":"2026-02-23T21:48:07","modified_gmt":"2026-02-23T21:48:07","slug":"tbmmde-yeni-katip-uye-secildi","status":"publish","type":"post","link":"https:\/\/bihavadis.com\/index.php\/2026\/02\/23\/tbmmde-yeni-katip-uye-secildi\/","title":{"rendered":"TBMM&#8217;de Yeni Katip \u00dcye Se\u00e7ildi"},"content":{"rendered":"<p>\n<p>T\u00dcRK\u0130YE B\u00fcy\u00fck Millet Meclisi (TBMM) Tar\u0131m, Orman ve K\u00f6yi\u015fleri Komisyonu&#8217;nda ger\u00e7ekle\u015ftirilen katip \u00fcye se\u00e7imlerinde AK Parti Mersin Milletvekili Hasan Ufuk \u00c7ak\u0131r, Katip \u00dcye olarak se\u00e7ildi.<\/p>\n<p>TBMM Tar\u0131m, Orman ve K\u00f6yi\u015fleri Komisyonu, AK Parti Kahramanmara\u015f Milletvekili Vahit Kiri\u015f\u00e7i Ba\u015fkanl\u0131\u011f\u0131nda topland\u0131. Kiri\u015f\u00e7i, Katip \u00dcye A\u011fr\u0131 Milletvekili Ruken Kilerci&#8217;nin komisyon \u00fcyeli\u011fi g\u00f6revinin son buldu\u011funu hat\u0131rlatarak, &#8220;Bu sebeple Komisyon Ba\u015fkanl\u0131k Divan\u0131nda bo\u015f bulunan katip \u00fcyelik i\u00e7in se\u00e7im g\u00fcndemiyle toplanm\u0131\u015f bulunmaktay\u0131z. T\u00fcrkiye B\u00fcy\u00fck Millet Meclisi \u0130\u00e7 T\u00fcz\u00fck&#8217;\u00fcn\u00fcn 24&#8217;\u00fcnc\u00fc maddesi uyar\u0131nca Komisyonumuzun Ba\u015fkanl\u0131k Divan\u0131 se\u00e7imine ge\u00e7ebilmemiz i\u00e7in gerekli olan salt \u00e7o\u011funluk \u015fu anda haz\u0131r bulunmaktad\u0131r. Dolay\u0131s\u0131yla toplant\u0131 yeter say\u0131m\u0131z vard\u0131r&#8221; ifadelerini kulland\u0131.<\/p>\n<p>Ard\u0131ndan Komisyon Ba\u015fkan\u0131 Kiri\u015f\u00e7i, AK Parti Mersin Milletvekili Hasan Ufuk \u00c7ak\u0131r&#8217;\u0131n tek aday olarak teklif edildi\u011fini ve gizli oylama yap\u0131laca\u011f\u0131n\u0131 belirterek oylamay\u0131 ba\u015flatt\u0131. Oylama sonucunda AK Parti&#8217;li \u00c7ak\u0131r, komisyonun Katip \u00dcye olarak se\u00e7ildi. Se\u00e7imlerin ard\u0131ndan s\u00f6z alan Kiri\u015f\u00e7i, birle\u015fimi kapatt\u0131. <\/p>\n","protected":false},"excerpt":{"rendered":"<p>Hasan Ufuk \u00c7ak\u0131r, TBMM Tar\u0131m Komisyonu&#8217;nda katip \u00fcye olarak se\u00e7ildi.<\/p>\n","protected":false},"author":1,"featured_media":44091,"comment_status":"open","ping_status":"open","sticky":false,"template":"","format":"standard","meta":{"footnotes":""},"categories":[12],"tags":[1061,2113],"class_list":["post-44090","post","type-post","status-publish","format-standard","has-post-thumbnail","hentry","category-siyaset","tag-komisyon","tag-millet"],"_links":{"self":[{"href":"https:\/\/bihavadis.com\/index.php\/wp-json\/wp\/v2\/posts\/44090","targetHints":{"allow":["GET"]}}],"collection":[{"href":"https:\/\/bihavadis.com\/index.php\/wp-json\/wp\/v2\/posts"}],"about":[{"href":"https:\/\/bihavadis.com\/index.php\/wp-json\/wp\/v2\/types\/post"}],"author":[{"embeddable":true,"href":"https:\/\/bihavadis.com\/index.php\/wp-json\/wp\/v2\/users\/1"}],"replies":[{"embeddable":true,"href":"https:\/\/bihavadis.com\/index.php\/wp-json\/wp\/v2\/comments?post=44090"}],"version-history":[{"count":1,"href":"https:\/\/bihavadis.com\/index.php\/wp-json\/wp\/v2\/posts\/44090\/revisions"}],"predecessor-version":[{"id":44092,"href":"https:\/\/bihavadis.com\/index.php\/wp-json\/wp\/v2\/posts\/44090\/revisions\/44092"}],"wp:featuredmedia":[{"embeddable":true,"href":"https:\/\/bihavadis.com\/index.php\/wp-json\/wp\/v2\/media\/44091"}],"wp:attachment":[{"href":"https:\/\/bihavadis.com\/index.php\/wp-json\/wp\/v2\/media?parent=44090"}],"wp:term":[{"taxonomy":"category","embeddable":true,"href":"https:\/\/bihavadis.com\/index.php\/wp-json\/wp\/v2\/categories?post=44090"},{"taxonomy":"post_tag","embeddable":true,"href":"https:\/\/bihavadis.com\/index.php\/wp-json\/wp\/v2\/tags?post=44090"}],"curies":[{"name":"wp","href":"https:\/\/api.w.org\/{rel}","templated":true}]}}