{"id":44122,"date":"2026-02-23T22:15:06","date_gmt":"2026-02-23T22:15:06","guid":{"rendered":"https:\/\/bihavadis.com\/?p=44122"},"modified":"2026-02-23T22:15:06","modified_gmt":"2026-02-23T22:15:06","slug":"fransadan-epstein-dosyasini-sorusturmasi-icin-ozel-ekip","status":"publish","type":"post","link":"https:\/\/bihavadis.com\/index.php\/2026\/02\/23\/fransadan-epstein-dosyasini-sorusturmasi-icin-ozel-ekip\/","title":{"rendered":"Fransa&#8217;dan Epstein dosyas\u0131n\u0131 soru\u015fturmas\u0131 i\u00e7in \u00f6zel ekip"},"content":{"rendered":"<p>Frans\u0131z RFI radyosunun haberine g\u00f6re, Paris Savc\u0131l\u0131\u011f\u0131, ABD\u2019de kamuoyuyla payla\u015f\u0131lan 3 milyondan fazla Epstein belgesiyle ilgili yeni bir karar ald\u0131.<\/p>\n<p><strong>EPSTEIN BELGELER\u0130 \u0130\u00c7\u0130N \u00d6ZEL EK\u0130P KURULDU<\/strong><\/p>\n<p>Paris Savc\u0131l\u0131\u011f\u0131, s\u00f6z konusu belgelerde Frans\u0131z vatanda\u015flar\u0131n\u0131n i\u015fledi\u011fi olas\u0131 su\u00e7lar\u0131 ara\u015ft\u0131rmak i\u00e7in \u00f6zel bir ekip kurdu\u011funu a\u00e7\u0131klad\u0131.<\/p>\n<p>Savc\u0131l\u0131k ayr\u0131ca hapiste 2022&#8217;de hayat\u0131n\u0131 kaybeden ve ad\u0131 Epstein belgelerinde ge\u00e7en eski manken ajans\u0131 y\u00f6neticisi Jean-Luc Brunel hakk\u0131ndaki soru\u015fturma dosyas\u0131n\u0131 ba\u015ftan inceleyece\u011fini bildirdi.<\/p>\n<p>Paris Savc\u0131l\u0131\u011f\u0131, Ulusal Mali Savc\u0131l\u0131k ve Ulusal Adli Polis Birimi ile i\u015fbirli\u011fi i\u00e7inde, yeni soru\u015fturmalar a\u00e7abilmek amac\u0131yla yeni Epstein belgelerinin incelendi\u011fini belirtti.<\/p>\n<p>Brunel, \u00e7ocuklara ve modellere y\u00f6nelik cinsel sald\u0131r\u0131da bulunmaktan da su\u00e7lanm\u0131\u015f, Fransa&#8217;da tutuklu bulundu\u011fu hapishanede 2022&#8217;de \u00f6l\u00fc bulunmu\u015ftu.<\/p>\n<p><img decoding=\"async\" src=\"https:\/\/bihavadis.com\/wp-content\/uploads\/2026\/02\/fransadan-epstein-dosyasini-sorusturmasi-icin-ozel-ekip-0-ULxaInin.jpg\"\/><\/p>\n<p><strong>JEFFREY EPSTEIN OLAYI<\/strong><\/p>\n<p>18 ya\u015f alt\u0131ndaki onlarca k\u0131z \u00e7ocu\u011funa cinsel istismarda bulunmak ve fuhu\u015f a\u011f\u0131 olu\u015fturmak su\u00e7lamas\u0131yla yarg\u0131lanan Epstein, tutuklu oldu\u011fu New York Manhattan Metropolitan Merkez Hapishanesi&#8217;ndeki h\u00fccresinde 10 A\u011fustos 2019&#8217;da \u00f6l\u00fc bulunmu\u015ftu.<\/p>\n<p>A\u00e7\u0131klanan Epstein dava dosyalar\u0131nda eski Prens Andrew, ABD Ba\u015fkan\u0131 Donald Trump, eski ABD Ba\u015fkan\u0131 Bill Clinton, eski \u0130srail Ba\u015fbakan\u0131 Ehud Barak, eski ABD Ba\u015fkan Yard\u0131mc\u0131s\u0131 Al Gore, akt\u00f6r Kevin Spacey, \u015fark\u0131c\u0131 Michael Jackson, ill\u00fczyonist David Copperfield, avukat Alan Dershowitz ve eski New Mexico Valisi Bill Richardson gibi \u00fcnl\u00fc isimler yer alm\u0131\u015ft\u0131.<\/p>\n<p>ABD Federal Soru\u015fturma B\u00fcrosu (FBI) da ABD Adalet Bakanl\u0131\u011f\u0131 ile yapt\u0131\u011f\u0131 inceleme sonucunda, \u00fcnl\u00fc isimlerden olu\u015fan <em><b>&#8220;m\u00fc\u015fteri listesi&#8221;<\/b><\/em>nin tutuldu\u011funa dair herhangi bir kan\u0131ta ula\u015f\u0131lamad\u0131\u011f\u0131n\u0131, aralar\u0131nda h\u00fck\u00fcmet yetkilileri, \u00fcnl\u00fcler ve i\u015f insanlar\u0131n\u0131n da bulundu\u011fu ki\u015filerin su\u00e7una ortak oldu\u011fu gerek\u00e7esiyle \u00f6rtbas amac\u0131yla \u00f6ld\u00fcr\u00fcld\u00fc\u011f\u00fc \u00f6ne s\u00fcr\u00fclen Epstein&#8217;\u0131n ise asl\u0131nda h\u00fccresinde intihar etti\u011fi sonucuna var\u0131ld\u0131\u011f\u0131n\u0131 a\u00e7\u0131klam\u0131\u015ft\u0131.<\/p>\n","protected":false},"excerpt":{"rendered":"<p>Fransa&#8217;da savc\u0131l\u0131k, ABD&#8217;de re\u015fit olmayan k\u0131z \u00e7ocuklar\u0131na y\u00f6nelik fuhu\u015f a\u011f\u0131 kurdu\u011fu iddias\u0131yla yarg\u0131land\u0131\u011f\u0131 s\u0131rada hapishanede \u00f6l\u00fc bulunan milyarder Jeffrey Epstein ile ilgili belgelerde Frans\u0131z vatanda\u015flar\u0131n\u0131n i\u015fledi\u011fi olas\u0131 su\u00e7lar\u0131 ara\u015ft\u0131rmak \u00fczere \u00f6zel bir ekip olu\u015fturdu.<\/p>\n","protected":false},"author":1,"featured_media":44123,"comment_status":"open","ping_status":"open","sticky":false,"template":"","format":"standard","meta":{"footnotes":""},"categories":[6],"tags":[272,2183,1123],"class_list":["post-44122","post","type-post","status-publish","format-standard","has-post-thumbnail","hentry","category-dunya","tag-abd","tag-epstein","tag-eski"],"_links":{"self":[{"href":"https:\/\/bihavadis.com\/index.php\/wp-json\/wp\/v2\/posts\/44122","targetHints":{"allow":["GET"]}}],"collection":[{"href":"https:\/\/bihavadis.com\/index.php\/wp-json\/wp\/v2\/posts"}],"about":[{"href":"https:\/\/bihavadis.com\/index.php\/wp-json\/wp\/v2\/types\/post"}],"author":[{"embeddable":true,"href":"https:\/\/bihavadis.com\/index.php\/wp-json\/wp\/v2\/users\/1"}],"replies":[{"embeddable":true,"href":"https:\/\/bihavadis.com\/index.php\/wp-json\/wp\/v2\/comments?post=44122"}],"version-history":[{"count":1,"href":"https:\/\/bihavadis.com\/index.php\/wp-json\/wp\/v2\/posts\/44122\/revisions"}],"predecessor-version":[{"id":44125,"href":"https:\/\/bihavadis.com\/index.php\/wp-json\/wp\/v2\/posts\/44122\/revisions\/44125"}],"wp:featuredmedia":[{"embeddable":true,"href":"https:\/\/bihavadis.com\/index.php\/wp-json\/wp\/v2\/media\/44123"}],"wp:attachment":[{"href":"https:\/\/bihavadis.com\/index.php\/wp-json\/wp\/v2\/media?parent=44122"}],"wp:term":[{"taxonomy":"category","embeddable":true,"href":"https:\/\/bihavadis.com\/index.php\/wp-json\/wp\/v2\/categories?post=44122"},{"taxonomy":"post_tag","embeddable":true,"href":"https:\/\/bihavadis.com\/index.php\/wp-json\/wp\/v2\/tags?post=44122"}],"curies":[{"name":"wp","href":"https:\/\/api.w.org\/{rel}","templated":true}]}}