{"id":44126,"date":"2026-02-23T22:18:44","date_gmt":"2026-02-23T22:18:44","guid":{"rendered":"https:\/\/bihavadis.com\/?p=44126"},"modified":"2026-02-23T22:18:44","modified_gmt":"2026-02-23T22:18:44","slug":"turkiye-ve-suudi-arabistandan-31-maddelik-ortak-bildiri","status":"publish","type":"post","link":"https:\/\/bihavadis.com\/index.php\/2026\/02\/23\/turkiye-ve-suudi-arabistandan-31-maddelik-ortak-bildiri\/","title":{"rendered":"T\u00fcrkiye ve Suudi Arabistan&#8217;dan 31 maddelik ortak bildiri"},"content":{"rendered":"<p>Cumhurba\u015fkan\u0131 Recep Tayyip Erdo\u011fan, Suudi Arabistan ziyareti i\u00e7in bulundu\u011fu Riyad&#8217;da Suudi Arabistan Veliaht Prensi Muhammed bin Selman ile bir araya geldi.<\/p>\n<p><strong>Kritik temas\u0131n ard\u0131ndan iki \u00fclke aras\u0131nda 31 maddelik ortak bir bildiri yay\u0131mland\u0131: <\/strong><\/p>\n<p><strong>1) <\/strong> T\u00fcrkiye Cumhuriyeti Cumhurba\u015fkan\u0131 Ekselanslar\u0131 Say\u0131n Recep Tayyip Erdo\u011fan, T\u00fcrkiye Cumhuriyeti ile Suudi Arabistan Krall\u0131\u011f\u0131 liderlerini ve karde\u015f halklar\u0131n\u0131 bir araya getiren karde\u015f\u00e7e ba\u011flara, se\u00e7kin ili\u015fkilere ve k\u00f6kl\u00fc tarihi ba\u011flara dayanarak, Miladi 3\/02\/2026 tarihine tekab\u00fcl eden Hicri 15\/08\/1447 tarihinde Suudi Arabistan Krall\u0131\u011f\u0131&#8217;na resm\u00ee bir ziyarette bulunmu\u015ftur.<\/p>\n<p><strong>2) <\/strong>T\u00fcrkiye Cumhuriyeti Cumhurba\u015fkan\u0131 Ekselanslar\u0131 Say\u0131n Recep Tayyip Erdo\u011fan, Altesleri Prens ve Ba\u015fbakan Muhammed bin Salman bin Abdulaziz El Suud ile bir toplant\u0131 yapm\u0131\u015ft\u0131r. Altesleri, T\u00fcrkiye Cumhuriyeti Cumhurba\u015fkan\u0131 Ekselanslar\u0131 Say\u0131n Recep Tayyip Erdo\u011fan&#8217;a Haremeyn-i \u015eerifeyn&#8217;in Hadimi Kral Salman bin Abdulaziz El Suud&#8217;un selamlar\u0131n\u0131 ve Ekselanslar\u0131n\u0131n sa\u011fl\u0131\u011f\u0131 ve esenli\u011finin devam\u0131na ve T\u00fcrkiye Cumhuriyeti ve karde\u015f halk\u0131n\u0131n daha da ilerlemesi ve refah\u0131na y\u00f6nelik dileklerini iletmi\u015ftir. T\u00fcrkiye Cumhuriyeti Cumhurba\u015fkan\u0131 Ekselanslar\u0131 Say\u0131n Recep Tayyip Erdo\u011fan, Haremeyn-i \u015eerifeyn&#8217;in Hadimi Kral Salman bin Abdulaziz El Suud&#8217;a, selamlar\u0131n\u0131 ve sa\u011fl\u0131\u011f\u0131n\u0131n ve esenli\u011finin devam\u0131 i\u00e7in i\u00e7ten dileklerini iletmesini Alteslerinden rica etmi\u015ftir. \u0130ki karde\u015f \u00fclke aras\u0131ndaki tarihi ili\u015fkileri ve bu ili\u015fkileri her alanda geli\u015ftirmenin yollar\u0131n\u0131 ele ald\u0131klar\u0131 resm\u00ee g\u00f6r\u00fc\u015fmelerde bulunmu\u015flard\u0131r.<\/p>\n<p><strong>3) <\/strong>Toplant\u0131n\u0131n ba\u015f\u0131nda T\u00fcrk taraf\u0131, T\u00fcrkiye Cumhuriyeti&#8217;nden gelen hac\u0131lar, umreciler ve ziyaret\u00e7ilerin rahat\u0131n\u0131 sa\u011flamak i\u00e7in iki \u00fclke aras\u0131ndaki e\u015f g\u00fcd\u00fcm seviyesinden \u00f6vg\u00fcyle bahsederek, Suudi Arabistan Krall\u0131\u011f\u0131 h\u00fck\u00fcmetinin Haremeyn-i \u015eerifeyn&#8217;e ve ziyaret\u00e7ilerine hizmet etmek i\u00e7in g\u00f6sterdi\u011fi \u00e7abalar\u0131 takdir etmi\u015ftir.<\/p>\n<p><strong>4)<\/strong> Her iki taraf da iki \u00fclke aras\u0131nda t\u00fcm alanlarda i\u015f birli\u011finin kapsam\u0131n\u0131n geni\u015flemesine katk\u0131da bulunan, Altesleri Veliaht Prens ve Ba\u015fbakan&#8217;\u0131n Miladi 22\/06\/2022 tarihine tekab\u00fcl eden Hicri 23\/11\/1443 tarihinde T\u00fcrkiye Cumhuriyeti&#8217;ne yapt\u0131\u011f\u0131 ziyaretin ve T\u00fcrkiye Cumhuriyeti Cumhurba\u015fkan\u0131 Ekselanslar\u0131 Recep Tayyip Erdo\u011fan&#8217;\u0131n Miladi 17\/07\/2023 tarihine tekab\u00fcl eden Hicri 29\/12\/1444 tarihinde Suudi Arabistan Krall\u0131\u011f\u0131&#8217;na yapt\u0131\u011f\u0131 ziyaretin olumlu sonu\u00e7lar\u0131ndan \u00f6vg\u00fcyle bahsetmi\u015ftir.<\/p>\n<p><b>EKONOM\u0130, T\u0130CARET VE YATIRIMLAR<\/b><\/p>\n<p><strong>5)<\/strong> Her iki Taraf, ekonomi, ticaret ve yat\u0131r\u0131m sekt\u00f6rlerinde iki \u00fclke aras\u0131ndaki ekonomik ba\u011flar\u0131n g\u00fcc\u00fcnden \u00f6vg\u00fcyle bahsetmi\u015f ve \u00f6zellikle kar\u015f\u0131l\u0131kl\u0131 \u00f6nceli\u011fi olan sekt\u00f6rlerde bu ba\u011flar\u0131n g\u00fc\u00e7lendirilmesinin \u00f6nemi konusunda mutab\u0131k kalm\u0131\u015flard\u0131r. Ayr\u0131ca, her iki ekonominin kar\u015f\u0131l\u0131kl\u0131 yarar\u0131 i\u00e7in (Suudi 2030 Vizyonu) ve (T\u00fcrkiye Y\u00fczy\u0131l\u0131 Vizyonu) ile sunulan yat\u0131r\u0131m f\u0131rsatlar\u0131ndan faydalan\u0131lmas\u0131 konusunda mutab\u0131k kalm\u0131\u015flard\u0131r. Ticaret hacminin d\u00fczeyinden \u00f6vg\u00fcyle bahsetmi\u015f ve petrol d\u0131\u015f\u0131 ticaret hacmini geli\u015ftirmek, kamu ve \u00f6zel sekt\u00f6r yetkilileri aras\u0131nda kar\u015f\u0131l\u0131kl\u0131 ziyaretleri yo\u011funla\u015ft\u0131rmak ve (T\u00fcrkiye-Suudi Arabistan \u0130\u015f Konseyi) arac\u0131l\u0131\u011f\u0131yla her iki \u00fclkede ticaret etkinlikleri d\u00fczenlemek i\u00e7in ortak \u00e7abalar\u0131n s\u00fcrd\u00fcr\u00fclmesinin \u00f6nemini vurgulam\u0131\u015flard\u0131r. T\u00fcrkiye Cumhuriyeti ile K\u00f6rfez Arap \u00dclkeleri \u0130\u015f birli\u011fi Konseyi (K\u0130K) \u00fclkeleri aras\u0131nda Serbest Ticaret Anla\u015fmas\u0131 m\u00fczakerelerinin sonu\u00e7land\u0131r\u0131lmas\u0131n\u0131n \u00f6nemini vurgulam\u0131\u015flard\u0131r.<\/p>\n<p><strong>6)<\/strong> Her iki taraf, finans, sigortac\u0131l\u0131k, gayrimenkul, imalat ve hizmet alanlar\u0131ndaki Suudi yat\u0131r\u0131mlar\u0131 da dahil olmak \u00fczere kar\u015f\u0131l\u0131kl\u0131 yat\u0131r\u0131mlar\u0131n seviyesini takdir etmi\u015ftir. Ayn\u0131 zamanda her iki taraf; m\u00fchendislik, in\u015faat, gayrimenkul geli\u015ftirme ile imalat sanayi gibi \u00e7e\u015fitli alanlarda faaliyet g\u00f6steren T\u00fcrk \u015firketlerinin oynad\u0131\u011f\u0131 hayati rol\u00fc memnuniyetle kar\u015f\u0131lam\u0131\u015flard\u0131r. Suudi taraf\u0131, T\u00fcrk in\u015faat ve dan\u0131\u015fmanl\u0131k firmalar\u0131n\u0131n Suudi Arabistan&#8217;da ger\u00e7ekle\u015ftirdi\u011fi projeleri takdir etmi\u015f, her iki taraf da Krall\u0131\u011f\u0131n 2030 Vizyonu \u00e7er\u00e7evesinde daha fazla altyap\u0131 ve \u00fcstyap\u0131 projelerinin hayata ge\u00e7irilmesi i\u00e7in i\u015f birli\u011fini geli\u015ftirmeye haz\u0131r olduklar\u0131n\u0131 ifade etmi\u015ftir.<\/p>\n<p><strong>7)<\/strong> Her iki taraf ayr\u0131ca, 3 \u015eubat 2026 tarihinde Riyad&#8217;da d\u00fczenlenen T\u00fcrk-Suudi Yat\u0131r\u0131m Forumu&#8217;nun olumlu sonu\u00e7lar\u0131n\u0131 takdir etmi\u015ftir. Forum, her iki \u00fclkeden b\u00fcy\u00fck \u015firketlerin geni\u015f kat\u0131l\u0131m\u0131na sahne olmu\u015f; turizm ve konaklama, in\u015faat, ileti\u015fim ve bilgi teknolojileri ile ya\u015fam bilimleri ve sa\u011fl\u0131k alanlar\u0131nda umut vadeden yat\u0131r\u0131m f\u0131rsatlar\u0131n\u0131 ve uzmanl\u0131k payla\u015f\u0131m\u0131n\u0131 ortaya koymu\u015ftur. <\/p>\n<div>\n<figure><img decoding=\"async\" src=\"https:\/\/bihavadis.com\/wp-content\/uploads\/2026\/02\/turkiye-ve-suudi-arabistandan-31-maddelik-ortak-bildiri-0-Gk9yaMJQ.jpg\"\/><\/figure>\n<\/div>\n<p><b>ENERJ\u0130, \u0130KL\u0130M DE\u011e\u0130\u015e\u0130KL\u0130\u011e\u0130<\/b><\/p>\n<p><strong>8)<\/strong> Her iki Taraf, enerji sekt\u00f6r\u00fcnde, b\u00f6lgelerinin ve k\u00fcresel pazarlar\u0131n enerji arz\u0131na \u00f6nemli \u00f6l\u00e7\u00fcde katk\u0131 sa\u011flanmas\u0131nda rollerinin \u00f6nemini vurgulam\u0131\u015ft\u0131r.T\u00fcrk Taraf\u0131, Suudi Arabistan Krall\u0131\u011f\u0131&#8217;n\u0131n k\u00fcresel petrol piyasalar\u0131n\u0131n g\u00fcvenilirli\u011fini ve istikrar\u0131n\u0131, \u00fcreticilerin ve t\u00fcketicilerin \u00e7\u0131karlar\u0131na hizmet edecek ve k\u00fcresel ekonomik b\u00fcy\u00fcmeyi destekleyecek bir \u015fekilde art\u0131rmadaki \u00f6nc\u00fc rol\u00fcn\u00fc vurgulam\u0131\u015ft\u0131r. Her iki Taraf da petrol, petrol t\u00fcrevleri ve petrokimya tedariki alanlar\u0131nda i\u015f birli\u011fini g\u00fc\u00e7lendirme, petrokimya ve tar\u0131msal besin maddeleri sekt\u00f6rlerindeki yat\u0131r\u0131m f\u0131rsatlar\u0131n\u0131 de\u011ferlendirmek i\u00e7in birlikte \u00e7al\u0131\u015fma ve hidrokarbonlar\u0131n yenilik\u00e7i kullan\u0131mlar\u0131 konusunda i\u015f birli\u011fi yapma konusunda anla\u015fm\u0131\u015flard\u0131r.<\/p>\n<p><strong>9)<\/strong> Her iki Taraf, iki \u00fclkenin yenilenebilir enerji entegrasyonu alan\u0131ndaki geni\u015f deneyiminden ve Suudi Arabistan&#8217;\u0131n b\u00fcy\u00fck \u00f6l\u00e7ekli enerji yat\u0131r\u0131mlar\u0131ndan yararlanarak, elektrik ve yenilenebilir enerji alanlar\u0131nda i\u015f birli\u011fini g\u00fc\u00e7lendirme arzular\u0131n\u0131 teyit etmi\u015ftir. \u0130ki \u00fclke aras\u0131ndaki elektrik ba\u011flant\u0131s\u0131 i\u00e7in fizibilite \u00e7al\u0131\u015fmalar\u0131n\u0131 h\u0131zland\u0131rmay\u0131, elektrik ve yenilenebilir enerji teknolojileri ve \u015febeke otomasyonu, elektrik \u015febekesi g\u00fcvenli\u011fi ve dayan\u0131kl\u0131l\u0131\u011f\u0131, yenilenebilir enerji projeleri, \u015febeke ba\u011flant\u0131s\u0131, enerji depolama teknolojileri alanlar\u0131nda uzmanl\u0131k teatisinde bulunmay\u0131 ve bu projelerin uygulanmas\u0131nda her iki taraf\u0131n \u015firketlerinin kat\u0131l\u0131m\u0131n\u0131 te\u015fvik etmeyi taahh\u00fct etmi\u015flerdir. Ayr\u0131ca, enerji verimlili\u011fi ve tasarrufu alanlar\u0131nda i\u015f birli\u011finin g\u00fc\u00e7lendirilmesinin, bu konunun \u00f6nemine ili\u015fkin fark\u0131ndal\u0131\u011f\u0131n art\u0131r\u0131lmas\u0131n\u0131n ve enerji hizmetleri sekt\u00f6r\u00fcnde uzmanl\u0131k al\u0131\u015fveri\u015finin ve bu alanda kapasite geli\u015ftirmenin \u00f6nemini vurgulam\u0131\u015flard\u0131r.<\/p>\n<p><strong>10)<\/strong> Taraflar, temiz hidrojen alan\u0131nda i\u015f birli\u011fi f\u0131rsatlar\u0131n\u0131 ara\u015ft\u0131rmay\u0131, hidrojenin ta\u015f\u0131nmas\u0131 ve depolanmas\u0131yla ilgili teknolojiler geli\u015ftirmeyi ve temiz hidrojen alan\u0131nda en iyi uygulamalar\u0131 hayata ge\u00e7irmek i\u00e7in uzmanl\u0131k ve deneyim al\u0131\u015fveri\u015finde bulunmay\u0131 memnuniyetle kar\u015f\u0131lam\u0131\u015flard\u0131r. Enerji tedarik zincirlerinin geli\u015ftirilmesi ve s\u00fcrd\u00fcr\u00fclmesi konusunda i\u015f birli\u011fini g\u00fc\u00e7lendirmenin ve her iki \u00fclkedeki \u015firketler aras\u0131nda i\u015f birli\u011fini m\u00fcmk\u00fcn k\u0131larak yerel kaynaklardan yararlanman\u0131n, b\u00f6ylelikle de daha esnek ve verimli enerji tedarikine katk\u0131da bulunman\u0131n gereklili\u011fi konusunda mutab\u0131k kalm\u0131\u015flard\u0131r.<\/p>\n<p><strong>11)<\/strong> Her iki Taraf, maden kaynaklar\u0131n\u0131n ke\u015ffi, \u00e7\u0131kar\u0131lmas\u0131 ve i\u015flenmesinde i\u015f birli\u011fini g\u00fc\u00e7lendirme konusunda mutab\u0131k kalm\u0131\u015flard\u0131r. Ayr\u0131ca, k\u00fcresel enerji d\u00f6n\u00fc\u015f\u00fcm\u00fc i\u00e7in hayati \u00f6nem ta\u015f\u0131yan tedarik zincirlerinin g\u00fcvenli\u011fini sa\u011flamak amac\u0131yla ve kritik mineraller alan\u0131nda uluslararas\u0131 i\u015f birli\u011fi ve ortak giri\u015fimlerin \u00f6nemini vurgulam\u0131\u015flard\u0131r.<\/p>\n<p><strong>12)<\/strong> Her iki Taraf, iklim de\u011fi\u015fikli\u011fi konular\u0131na ili\u015fkin olarak, Birle\u015fmi\u015f Milletler \u0130klim De\u011fi\u015fikli\u011fi \u00c7er\u00e7eve S\u00f6zle\u015fmesi (UNFCCC) ve Paris Anla\u015fmas\u0131 ilkelerine ba\u011fl\u0131 kalman\u0131n \u00f6nemini ve kaynaklardan ziyade emisyonlara odaklanan iklim anla\u015fmalar\u0131 geli\u015ftirilmesinin ve uygulamaya ge\u00e7irilmesinin gereklili\u011fini vurgulam\u0131\u015ft\u0131r. Suudi Arabistan Krall\u0131\u011f\u0131, iklim de\u011fi\u015fikli\u011fiyle m\u00fccadeleye y\u00f6nelik uluslararas\u0131 \u00e7abalar \u00e7er\u00e7evesinde T\u00fcrkiye&#8217;nin Birle\u015fmi\u015f Milletler \u0130klim De\u011fi\u015fikli\u011fi \u00c7er\u00e7eve S\u00f6zle\u015fmesi (UNFCCC) 31. Taraflar Konferans\u0131 (COP31) ba\u015fkanl\u0131\u011f\u0131n\u0131 ve 9-20 Kas\u0131m 2026 tarihlerinde Antalya&#8217;da d\u00fczenlenecek 31. Taraflar Konferans\u0131&#8217;na (COP31) ev sahipli\u011fi yapmas\u0131n\u0131 memnuniyetle kar\u015f\u0131lam\u0131\u015ft\u0131r. T\u00fcrk Taraf\u0131, Suudi Arabistan&#8217;\u0131n iklim de\u011fi\u015fikli\u011fi alan\u0131ndaki tutum ve \u00e7abalar\u0131ndan \u00f6vg\u00fcyle bahsetmi\u015ftir. Ayr\u0131ca, emisyonlar\u0131 y\u00f6netmek ve iklim de\u011fi\u015fikli\u011fi hedeflerine ula\u015fmak i\u00e7in di\u011fer azalt\u0131m yakla\u015f\u0131mlar\u0131n\u0131n yan\u0131 s\u0131ra, d\u00f6ng\u00fcsel karbon ekonomisini bir ara\u00e7 olarak kullanan politikalar\u0131 te\u015fvik ederek, d\u00f6ng\u00fcsel karbon ekonomisi uygulamalar\u0131n\u0131n geli\u015ftirilmesinde ortak i\u015f birli\u011finin \u00f6nemini vurgulam\u0131\u015flard\u0131r.<\/p>\n<p><b>T\u00dcRK-SUUD\u0130 KOORD\u0130NASYON KONSEY\u0130, D\u0130\u011eER \u0130\u015e B\u0130RL\u0130\u011e\u0130 ALANLARI<\/b><\/p>\n<p><strong>13) <\/strong>Her iki Taraf, ortak menfaatlerin elde edilmesi ve t\u00fcm sekt\u00f6rlerde yeni ufuklara ta\u015f\u0131nmas\u0131 amac\u0131yla (T\u00fcrk-Suudi Koordinasyon Konseyi) \u00e7er\u00e7evesindeki koordinasyon ve i\u015f birli\u011fi d\u00fczeyini takdir etmi\u015flerdir. A\u015fa\u011f\u0131daki alanlarda i\u015f birli\u011fi ve ortakl\u0131\u011f\u0131n g\u00fc\u00e7lendirilmesinin \u00f6nemini vurgulam\u0131\u015flard\u0131r: (1) dijital ekonomi, yapay zek\u00e2, yeni teknolojiler ve uzay teknolojileri; (2) ula\u015ft\u0131rma, lojistik ve sivil havac\u0131l\u0131k; (3) hukuk ve adalet; (4) k\u00fclt\u00fcr; (5) turizm; (6) spor ve gen\u00e7lik; (7) bilim ve e\u011fitim alan\u0131nda i\u015f birli\u011fi; (8) medya; (9) \u00e7evre, su, tar\u0131m ve g\u0131da g\u00fcvenli\u011fi; (10) g\u00fcmr\u00fck;<\/p>\n<p> (11) savunma sanayileri, (12) sa\u011fl\u0131k.<\/p>\n<div>\n<figure><img decoding=\"async\" src=\"https:\/\/bihavadis.com\/wp-content\/uploads\/2026\/02\/turkiye-ve-suudi-arabistandan-31-maddelik-ortak-bildiri-1-PmnFW9nT.jpg\"\/><\/figure>\n<\/div>\n<p><b>SAVUNMA VE G\u00dcVENL\u0130K<\/b><\/p>\n<p><strong>14)<\/strong> Savunma ve g\u00fcvenlik alan\u0131nda, her iki Taraf, iki \u00fclke aras\u0131nda savunma i\u015f birli\u011fi alanlar\u0131nda imzalanan anla\u015fmalar\u0131n harekete ge\u00e7irilmesi gerekti\u011fi konusunda mutab\u0131k kalm\u0131\u015flard\u0131r. Taraflar, her iki \u00fclkenin menfaatlerine hizmet edecek ve b\u00f6lgede g\u00fcvenlik ve istikrar\u0131n sa\u011flanmas\u0131na katk\u0131da bulunacak \u015fekilde, \u00e7ok tarafl\u0131 i\u015f birli\u011fi platformlar\u0131 arac\u0131l\u0131\u011f\u0131yla da dahil olmak \u00fczere, savunma ili\u015fkilerini g\u00fc\u00e7lendirme ve geli\u015ftirme konusundaki arzular\u0131n\u0131 teyit etmi\u015flerdir. Her t\u00fcrl\u00fc su\u00e7la m\u00fccadele, a\u015f\u0131r\u0131l\u0131k\u00e7\u0131l\u0131k ve ter\u00f6rizm ile bunlar\u0131n finansman\u0131na kar\u015f\u0131 m\u00fccadele, uzmanl\u0131k ve e\u011fitim teatisi dahil olmak \u00fczere ortak menfaatlerinin oldu\u011fu alanlar\u0131nda mevcut g\u00fcvenlik i\u015f birli\u011fi ve e\u015f g\u00fcd\u00fcm\u00fcn\u00fcn art\u0131r\u0131lmas\u0131n\u0131n ve her iki \u00fclkenin \u00e7\u0131karlar\u0131na ve ulusal g\u00fcvenli\u011fine hizmet edecek \u015fekilde siber g\u00fcvenlik alan\u0131nda i\u015f birli\u011finin g\u00fc\u00e7lendirilmesinin \u00f6nemini vurgulam\u0131\u015flard\u0131r.<\/p>\n<p><b>ULUSLARARASI \u0130\u015e B\u0130RL\u0130\u011e\u0130<\/b><\/p>\n<p><strong>15)<\/strong> Her iki Taraf, uluslararas\u0131 forum ve \u00f6rg\u00fctler ile \u00e7ok tarafl\u0131 mali ve ekonomik kurulu\u015flarda s\u00fcregelen i\u015f birli\u011finin s\u00fcrd\u00fcr\u00fclmesinin \u00f6nemini vurgulam\u0131\u015f ve T\u00fcrk taraf\u0131, Suudi Arabistan&#8217;\u0131n 2030 y\u0131l\u0131nda (G20 Zirvesi&#8217;ne) ev sahipli\u011fi yapma iste\u011fine deste\u011fini ifade etmi\u015ftir. <\/p>\n<p>Anla\u015fmalar, Mutabakat Zab\u0131tlar\u0131:<\/p>\n<p><strong>16)<\/strong> \u0130ki Taraf, bu ziyaret s\u0131ras\u0131nda adalet, yenilenebilir enerji, uzay\u0131n bar\u0131\u015f\u00e7\u0131l ama\u00e7larla kullan\u0131m\u0131 ile AR-GE ve inovasyon i\u015f birli\u011fi dahil olmak \u00fczere \u00e7e\u015fitli alanlarda 4 anla\u015fma imzalanmas\u0131n\u0131 memnuniyetle kar\u015f\u0131lam\u0131\u015ft\u0131r. <\/p>\n<p><b>B\u00d6LGESEL VE ULUSLARARASI KONULAR<\/b><\/p>\n<p><strong>17)<\/strong> Taraflar, uluslararas\u0131 bar\u0131\u015f ve g\u00fcvenli\u011fi korumak i\u00e7in e\u015f g\u00fcd\u00fcm\u00fc s\u00fcrd\u00fcrme ve \u00e7abalar\u0131 yo\u011funla\u015ft\u0131rma taahh\u00fctlerini yeniden teyit etmi\u015flerdir. B\u00f6lgesel ve uluslararas\u0131 d\u00fczeyde, kar\u015f\u0131l\u0131kl\u0131 ilgi alanlar\u0131na giren konularda g\u00f6r\u00fc\u015f al\u0131\u015fveri\u015finde bulunmu\u015f ve bu konularda i\u015f birli\u011fini ve ortak koordinasyonu g\u00fc\u00e7lendirme konusundaki kararl\u0131l\u0131klar\u0131n\u0131 vurgulam\u0131\u015flard\u0131r. Ayr\u0131ca, b\u00f6lgede ve d\u00fcnyada bar\u0131\u015f ve istikrar\u0131n tesis edilmesine y\u00f6nelik t\u00fcm \u00e7abalar\u0131 desteklemeye devam edeceklerini belirtmi\u015flerdir.<\/p>\n<p><strong>18)<\/strong> Taraflar, b\u00f6lgesel geli\u015fmeler hakk\u0131nda kapsaml\u0131 bir g\u00f6r\u00fc\u015f al\u0131\u015fveri\u015finde bulunmu\u015f; b\u00f6lgedeki \u00e7at\u0131\u015fmalar, gerilimler ve t\u0131rmanma riskinin artmas\u0131yla ilgili endi\u015felerini dile getirmi\u015f ve b\u00f6lgesel i\u015f birli\u011finin \u00f6nemini vurgulam\u0131\u015flard\u0131r. Bu ba\u011flamda, b\u00f6lgesel istikrar, bar\u0131\u015f ve refah\u0131 sa\u011flamay\u0131 ama\u00e7layan kolektif giri\u015fimlere destek verdiklerini teyit etmi\u015flerdir.<\/p>\n<div>\n<figure><img decoding=\"async\" src=\"https:\/\/bihavadis.com\/wp-content\/uploads\/2026\/02\/turkiye-ve-suudi-arabistandan-31-maddelik-ortak-bildiri-2-nrCwHL6H.jpg\"\/><\/figure>\n<\/div>\n<p><b>F\u0130L\u0130ST\u0130N<\/b><\/p>\n<p><strong>19)<\/strong> Filistin&#8217;deki son geli\u015fmelere ili\u015fkin olarak, her iki Taraf, Gazze \u015eeridi&#8217;nde k\u00f6t\u00fcle\u015fen insani durum, devam eden \u0130srail sald\u0131r\u0131lar\u0131 ve insani yard\u0131mlar\u0131n ve s\u0131n\u0131r ge\u00e7i\u015flerinin engellenmesi konusunda derin endi\u015felerini dile getirmi\u015ftir. Gazze&#8217;de yard\u0131m \u00e7abalar\u0131n\u0131n yo\u011funla\u015ft\u0131r\u0131lmas\u0131 ve \u00e7ok ihtiya\u00e7 duyulan insani yard\u0131m\u0131n ula\u015ft\u0131r\u0131lmas\u0131n\u0131 sa\u011flamak i\u00e7in \u015eerit boyunca t\u00fcm ge\u00e7i\u015flerin engelsiz bir \u015fekilde a\u00e7\u0131lmas\u0131n\u0131n sa\u011flanmas\u0131n\u0131n \u00f6nemini vurgulam\u0131\u015flard\u0131r. Ayr\u0131ca, uluslararas\u0131 toplumun sivillerin korunmas\u0131n\u0131n garanti alt\u0131na al\u0131nmas\u0131, hayati altyap\u0131y\u0131 hedef almaktan ka\u00e7\u0131nmas\u0131 ve uluslararas\u0131 hukuka ve uluslararas\u0131 insani hukuka uymas\u0131n\u0131 sa\u011flamak i\u00e7in \u0130srail i\u015fgal makamlar\u0131na bask\u0131 uygulamas\u0131 gerekti\u011fini vurgulam\u0131\u015flard\u0131r. Ayr\u0131ca, ate\u015fkesin peki\u015ftirilmesi, Gazze&#8217;nin i\u015fgalinin sona erdirilmesi ve Filistin Ulusal Y\u00f6netimi&#8217;nin Gazze \u015eeridine ili\u015fkin sorumluluklar\u0131n\u0131 yeniden \u00fcstlenmesinin \u00f6n\u00fcn\u00fcn a\u00e7\u0131lmas\u0131, en nihayetinde ise i\u015fgalin sona erdirilmesi ve uluslararas\u0131 hukuk ve 2002 Arap Bar\u0131\u015f Giri\u015fimi uyar\u0131nca, ba\u015fkenti Do\u011fu Kud\u00fcs olan 1967 s\u0131n\u0131rlar\u0131 i\u00e7inde ba\u011f\u0131ms\u0131z bir Filistin devletinin kurulmas\u0131n\u0131n sa\u011flanmas\u0131n\u0131n gereklili\u011fini vurgulam\u0131\u015flard\u0131r.<\/p>\n<p><strong>20)<\/strong> Her iki Taraf, \u00fclkelerinin, ABD Ba\u015fkan\u0131 Donald Trump&#8217;\u0131n \u00f6nderlik etti\u011fi bar\u0131\u015f \u00e7abalar\u0131n\u0131 desteklemek \u00fczere (Bar\u0131\u015f Kurulu&#8217;na) kat\u0131lmas\u0131n\u0131 memnuniyetle kar\u015f\u0131lam\u0131\u015ft\u0131r. Gazze&#8217;de kapsaml\u0131 bar\u0131\u015f plan\u0131n\u0131n ikinci a\u015famas\u0131n\u0131n ba\u015flat\u0131lmas\u0131n\u0131 ve Gazze \u015eeridi&#8217;nin Y\u00f6netimi i\u00e7in Ba\u011f\u0131ms\u0131z Ulusal Komite&#8217;nin \u00e7al\u0131\u015fmalar\u0131na ba\u015flamas\u0131n\u0131 memnuniyetle kar\u015f\u0131lam\u0131\u015f ve bu konuda g\u00f6sterilen uluslararas\u0131 \u00e7abalar\u0131 takdir etmi\u015flerdir. Suudi Taraf\u0131, karde\u015f T\u00fcrkiye Cumhuriyeti&#8217;nin bar\u0131\u015f anla\u015fmas\u0131n\u0131n garant\u00f6r devletleriyle birlikte y\u00fcr\u00fctt\u00fc\u011f\u00fc ara buluculuk \u00e7abalar\u0131n\u0131 ve elde edilen kazan\u0131mlar\u0131 takdir etmi\u015ftir. T\u00fcrk Taraf\u0131, Suudi Arabistan&#8217;\u0131n Birle\u015fmi\u015f Milletler Filistin Sorununun Bar\u0131\u015f\u00e7\u0131l \u00c7\u00f6z\u00fcm\u00fc ve \u0130ki Devletli \u00c7\u00f6z\u00fcm\u00fcn Uygulanmas\u0131na \u0130li\u015fkin Y\u00fcksek D\u00fczeyli Konferans\u0131&#8217;ndaki e\u015f ba\u015fkanl\u0131k rol\u00fcn\u00fc ve bunun sonucunda Filistin Devleti&#8217;nin birbiri ard\u0131na uluslararas\u0131 tan\u0131nma elde etmesini takdir etmi\u015ftir.<\/p>\n<p><strong>21)<\/strong> Her iki Taraf, Filistin halk\u0131na temel hizmetlerin sa\u011flanmas\u0131nda Birle\u015fmi\u015f Milletler Filistin M\u00fclteciler Yard\u0131m ve \u00c7al\u0131\u015fma Ajans\u0131&#8217;n\u0131n (UNRWA) oynad\u0131\u011f\u0131 \u00f6nemli ve hayati rol\u00fc yeniden teyit etmi\u015ftir. \u0130srail g\u00fc\u00e7lerinin \u0130\u015fgal alt\u0131ndaki Kud\u00fcs&#8217;te UNRWA binalar\u0131n\u0131 y\u0131kmas\u0131n\u0131 en \u015fiddetli \u015fekilde k\u0131nam\u0131\u015f ve \u0130srail i\u015fgal makamlar\u0131n\u0131n uluslararas\u0131 norm ve yasalar\u0131 ihlal etmesini tamamen reddetmi\u015flerdir. Uluslararas\u0131 topluma, uluslararas\u0131 yard\u0131m kurulu\u015flar\u0131na y\u00f6nelik bu uygulamalarla ve su\u00e7larla m\u00fccadele \u00e7a\u011fr\u0131s\u0131nda bulunmu\u015flard\u0131r.<\/p>\n<p><strong>22)<\/strong> Her iki Taraf, \u0130slam \u0130\u015fbirli\u011fi Te\u015fkilat\u0131&#8217;n\u0131n Filistin davas\u0131n\u0131n savunulmas\u0131ndaki hayati rol\u00fcn\u00fc tekrar vurgulam\u0131\u015f ve Arap-\u0130slam Gazze Temas Grubu&#8217;nun yapt\u0131\u011f\u0131 \u00e7al\u0131\u015fmalar\u0131 takdir etmi\u015ftir. Her iki Taraf, T\u00fcrkiye ile Arap Devletleri Ligi aras\u0131ndaki diyalog ve i\u015f birli\u011finin geli\u015ftirilmesini te\u015fvik etme konusunda mutab\u0131k kalm\u0131\u015ft\u0131r.<\/p>\n<p><b>YEMEN<\/b><\/p>\n<p><strong>23) <\/strong>Taraflar, Yemen meselesinde, Yemen Cumhuriyeti Cumhurba\u015fkanl\u0131\u011f\u0131 Liderlik Konseyi Ba\u015fkan\u0131 ve h\u00fck\u00fcmeti taraf\u0131ndan temsil edilen me\u015fru Yemen h\u00fck\u00fcmetine desteklerini teyit etmi\u015flerdir. Yemen&#8217;in egemenli\u011finin, birli\u011finin ve toprak b\u00fct\u00fcnl\u00fc\u011f\u00fcn\u00fcn korunmas\u0131n\u0131n \u00f6nemini vurgulam\u0131\u015flard\u0131r. Yemen&#8217;i b\u00f6lmeye veya \u00fclkedeki g\u00fcvenlik ve istikrar\u0131 bozmaya \u00e7al\u0131\u015fan i\u00e7 g\u00fc\u00e7leri desteklemeye y\u00f6nelik her t\u00fcrl\u00fc giri\u015fime kar\u015f\u0131 \u00e7\u0131k\u0131lmas\u0131n\u0131n gereklili\u011fini vurgulam\u0131\u015flard\u0131r. T\u00fcrk Taraf\u0131, Suudi Arabistan Krall\u0131\u011f\u0131&#8217;n\u0131n Yemen&#8217;de oynad\u0131\u011f\u0131 \u00f6nemli role ve Yemen Cumhuriyeti Cumhurba\u015fkanl\u0131\u011f\u0131 Liderlik Konseyi Ba\u015fkan\u0131&#8217;n\u0131n krizin \u00e7\u00f6z\u00fclmesi ve Yemen&#8217;de ulusal uzla\u015fman\u0131n g\u00fc\u00e7lendirilmesi i\u00e7in t\u00fcm g\u00fcney gruplar\u0131n kat\u0131l\u0131m\u0131yla Riyad&#8217;da kapsaml\u0131 bir konferans d\u00fczenlenmesi talebine yan\u0131t verilmesi de dahil olmak \u00fczere Yemen krizini sona erdirmek i\u00e7in g\u00f6sterdi\u011fi \u00e7abalara destek verdi\u011fini ifade etmi\u015ftir. <\/p>\n<div>\n<figure><img decoding=\"async\" src=\"https:\/\/bihavadis.com\/wp-content\/uploads\/2026\/02\/turkiye-ve-suudi-arabistandan-31-maddelik-ortak-bildiri-3-PIsHsdJc.jpg\"\/><\/figure>\n<\/div>\n<p><b>SOMAL\u0130<\/b><\/p>\n<p><strong>24) <\/strong>Taraflar, Somali meselesine ili\u015fkin olarak, Somali Federal Cumhuriyeti&#8217;nin egemenli\u011fi, toprak b\u00fct\u00fcnl\u00fc\u011f\u00fc ve birli\u011fine olan sars\u0131lmaz desteklerini ve Somali&#8217;nin istikrar\u0131n\u0131, halk\u0131n\u0131n refah\u0131n\u0131 ve kalk\u0131nmas\u0131n\u0131 muhafaza etmeye olan ba\u011fl\u0131l\u0131klar\u0131n\u0131 teyit etmi\u015flerdir. \u0130srail i\u015fgal makamlar\u0131 ile Somali Federal Cumhuriyeti&#8217;nin bir par\u00e7as\u0131 olarak g\u00f6rd\u00fckleri s\u00f6zde &#8220;Somaliland&#8221; b\u00f6lgesi aras\u0131nda kar\u015f\u0131l\u0131kl\u0131 tan\u0131ma beyan\u0131n\u0131, uluslararas\u0131 hukuku ihlal eden ve b\u00f6lgedeki gerilimi t\u0131rmand\u0131ran tek tarafl\u0131 ayr\u0131l\u0131k\u00e7\u0131 eylemleri peki\u015ftirdi\u011fi i\u00e7in reddetmi\u015flerdir. Ayr\u0131ca, Somali&#8217;nin birli\u011fini zedeleyen paralel yap\u0131lar\u0131 dayatma giri\u015fimlerini de reddettiklerini ifade etmi\u015flerdir.<\/p>\n<p><b>SUDAN<\/b><\/p>\n<p><strong>25) <\/strong>Taraflar, Sudan meselesine ili\u015fkin olarak, Sudan&#8217;\u0131n birli\u011fini ve g\u00fcvenli\u011fini, istikrar\u0131n\u0131 ve egemenli\u011fini korumaya y\u00f6nelik kararl\u0131 tutumlar\u0131n\u0131 teyit etmi\u015flerdir. Me\u015fru Sudan devlet kurumlar\u0131 kapsam\u0131 d\u0131\u015f\u0131nda kalan herhangi bir gayrime\u015fru veya paralel yap\u0131 olu\u015fumunu reddetmi\u015flerdir. Ayr\u0131ca, Sudan&#8217;\u0131n ihtilaflar\u0131n ve yasa d\u0131\u015f\u0131 faaliyetlerin sahnesi haline gelmesinin ve \u00fclkeye yabanc\u0131 men\u015feli silahlar\u0131n yasa d\u0131\u015f\u0131 \u015fekilde giri\u015finin \u00f6nlenmesinin \u00f6nemini vurgulam\u0131\u015flard\u0131r. (Uluslararas\u0131 \u0130nsani Hukuk) ve 11 May\u0131s 2023 tarihinde imzalanan (Cidde Deklarasyonu) uyar\u0131nca, sivillerin korunmas\u0131na uyulmas\u0131n\u0131n yan\u0131 s\u0131ra, Sudan&#8217;\u0131n t\u00fcm b\u00f6lgelerine insani yard\u0131m ve yard\u0131m malzemelerinin ula\u015ft\u0131r\u0131lmas\u0131n\u0131n kolayla\u015ft\u0131r\u0131lmas\u0131n\u0131n gereklili\u011fini de vurgulam\u0131\u015flard\u0131r. Sudan devlet kurumlar\u0131n\u0131n korunmas\u0131n\u0131n ve Sudan halk\u0131na kar\u015f\u0131 su\u00e7 i\u015fleyen a\u015f\u0131r\u0131l\u0131k\u00e7\u0131 gruplar ve olu\u015fumlar\u0131 i\u00e7ermeyen bir sivil h\u00fck\u00fcmetin kurulmas\u0131 yoluyla Sudanl\u0131lar\u0131n \u00f6nderli\u011finde bir siyasi s\u00fcrecin ba\u015flat\u0131lmas\u0131n\u0131n \u00f6nemini vurgulam\u0131\u015flard\u0131r.<\/p>\n<p><strong>26) <\/strong>T\u00fcrk Taraf\u0131, Sudan&#8217;da bar\u0131\u015f\u0131 sa\u011flamak, sava\u015f\u0131 sona erdirmek, \u00fclkenin birli\u011fini, g\u00fcvenli\u011fini ve istikrar\u0131n\u0131 korumak ile ayn\u0131 zamanda Sudan halk\u0131n\u0131n ac\u0131lar\u0131n\u0131 hafifletmek i\u00e7in Krall\u0131\u011f\u0131n g\u00f6sterdi\u011fi \u00e7abalar\u0131 takdir etmi\u015ftir. Suudi Taraf\u0131, T\u00fcrkiye&#8217;nin Sudan&#8217;daki insani krize yan\u0131t vermek i\u00e7in s\u00fcrd\u00fcrd\u00fc\u011f\u00fc insani yard\u0131m faaliyetleri ve \u00e7abalar\u0131na y\u00f6nelik takdirlerini dile getirmi\u015ftir.<\/p>\n<p><strong>27) <\/strong>Taraflar, Sudan Silahl\u0131 Kuvvetleri&#8217;nin \u00c7ad ile Adr\u00e9 s\u0131n\u0131r kap\u0131s\u0131n\u0131n daha uzun s\u00fcre a\u00e7\u0131k olmas\u0131 ve Kassala, Dongola ve El Ubeyd&#8217;deki havaalanlar\u0131 ile Kadugli s\u0131n\u0131r kap\u0131s\u0131n\u0131 insani yard\u0131m\u0131n ula\u015ft\u0131r\u0131lmas\u0131 i\u00e7in yeniden a\u00e7ma karar\u0131n\u0131 memnuniyetle kar\u015f\u0131lam\u0131\u015flard\u0131r.<\/p>\n<div>\n<figure><img decoding=\"async\" src=\"https:\/\/bihavadis.com\/wp-content\/uploads\/2026\/02\/turkiye-ve-suudi-arabistandan-31-maddelik-ortak-bildiri-4-5HgFuO8Y.jpg\"\/><\/figure>\n<\/div>\n<p><b>SUR\u0130YE<\/b><\/p>\n<p><strong>28)<\/strong> Taraflar, Suriye konusunda, karde\u015f Suriye h\u00fck\u00fcmetinin \u00e7abalar\u0131n\u0131 ve Suriye&#8217;nin g\u00fcvenli\u011fini, istikrar\u0131n\u0131 ve toprak b\u00fct\u00fcnl\u00fc\u011f\u00fcn\u00fc korumak i\u00e7in att\u0131\u011f\u0131 sorumlu ad\u0131mlar\u0131 ve ald\u0131\u011f\u0131 \u00f6nlemleri takdir etmi\u015flerdir. Ayr\u0131ca, Suriye h\u00fck\u00fcmetini desteklemeye ve uygulanan yapt\u0131r\u0131mlar\u0131 kald\u0131rmaya y\u00f6nelik olarak uluslararas\u0131 toplumun \u00e7abalar\u0131n\u0131 takdir etmi\u015flerdir. 30 Ocak tarihinde a\u00e7\u0131klanan ate\u015fkes ve entegrasyon anla\u015fmas\u0131n\u0131n uygulanmas\u0131n\u0131 desteklemi\u015f ve Suriye H\u00fck\u00fcmeti&#8217;nin Suriye&#8217;nin ve t\u00fcm b\u00f6lgenin istikrar\u0131n\u0131 tehdit eden ter\u00f6rist \u00f6rg\u00fctleri engellemek ve sivil bar\u0131\u015f\u0131 te\u015fvik etmek i\u00e7in yap\u0131lan \u00e7abalar\u0131n\u0131 tam olarak desteklediklerini teyit etmi\u015flerdir. Ayr\u0131ca, Suriye&#8217;nin egemenli\u011fini ve toprak b\u00fct\u00fcnl\u00fc\u011f\u00fcn\u00fc korumay\u0131 ve Suriye halk\u0131n\u0131n kalk\u0131nma ve refah arzular\u0131n\u0131 yerine getirmeyi onaylam\u0131\u015flard\u0131r. \u0130srail i\u015fgal makamlar\u0131n\u0131n Suriye topraklar\u0131na ve egemenli\u011fine kar\u015f\u0131 ger\u00e7ekle\u015ftirdi\u011fi tekrarl\u0131 ihlalleri ve tecav\u00fczleri k\u0131nad\u0131klar\u0131n\u0131 yinelemi\u015flerdir. Bu ihlaller ve tecav\u00fczler, uluslararas\u0131 hukuku a\u00e7\u0131k\u00e7a ihlal etmekte, b\u00f6lgesel g\u00fcvenlik ve istikrar\u0131 tehdit etmekte ve \u015fiddet ve a\u015f\u0131r\u0131c\u0131l\u0131\u011f\u0131n artmas\u0131na elveri\u015fli bir ortam yaratmaktad\u0131r. \u0130srail&#8217;in \u0130\u015fgal alt\u0131ndaki t\u00fcm Suriye topraklar\u0131ndan derhal \u00e7ekilmesi konusundaki \u00e7a\u011fr\u0131lar\u0131n\u0131 yinelemi\u015flerdir. <\/p>\n<p><b>RUSYA \u2013 UKRAYNA KR\u0130Z\u0130 <\/b><\/p>\n<p><strong>29)<\/strong> Rusya- Ukrayna krizi konusunda, her iki Taraf b\u00f6lgede ve \u00f6tesinde kal\u0131c\u0131 bar\u0131\u015f, istikrar ve refah\u0131 sa\u011flayacak, uluslararas\u0131 hukuka ve Birle\u015fmi\u015f Milletler \u015eart\u0131&#8217;na uygun kapsaml\u0131 bir m\u00fczakereye dayal\u0131 \u00e7\u00f6z\u00fcme y\u00f6nelik g\u00fc\u00e7l\u00fc desteklerini teyit etmi\u015flerdir.<\/p>\n<div>\n<figure><img decoding=\"async\" src=\"https:\/\/bihavadis.com\/wp-content\/uploads\/2026\/02\/turkiye-ve-suudi-arabistandan-31-maddelik-ortak-bildiri-5-kJRIaBb9.jpg\"\/><\/figure>\n<\/div>\n<p><b>SONU\u00c7<\/b><\/p>\n<p><strong>30)<\/strong> Ziyaretin sonunda, T\u00fcrkiye Cumhuriyeti Cumhurba\u015fkan\u0131 Ekselanslar\u0131 Recep Tayyip Erdo\u011fan, kendisine ve beraberindeki heyete g\u00f6sterilen s\u0131cak kar\u015f\u0131lama ve c\u00f6mert misafirperverlik i\u00e7in Haremeyn-i \u015eerifeyn&#8217;in Hadimi Kral Salman bin Abdulaziz El Suud&#8217;a ve Altesleri Veliaht Prens ve Ba\u015fbakan Muhammed bin Salman bin Abdulaziz El Suud&#8217;a \u015f\u00fckran ve takdirlerini sunmu\u015ftur. Altesleri Veliaht Prens Muhammed bin Salman bin Abdulaziz El Suud, Ekselanslar\u0131na sa\u011fl\u0131k ve esenlik, karde\u015f T\u00fcrk halk\u0131na ise terakki ve refah dileklerini iletmi\u015ftir.<\/p>\n<p><strong>31) <\/strong>Ekselanslar\u0131 Cumhurba\u015fkan\u0131 Recep Tayyip Erdo\u011fan, Haremeyn-i \u015eerifeyn&#8217;in Hadimi Kral Selman bin Abdulaziz Al Saud ve Altesleri Veliaht Prens ve Ba\u015fbakan Muhammed bin Selman bin Abdulaziz Al Saud&#8217;u T\u00fcrkiye&#8217;de a\u011f\u0131rlamak i\u00e7in samimi arzusunu ifade etmi\u015ftir.<\/p>\n","protected":false},"excerpt":{"rendered":"<p>T\u00fcrkiye ve Suudi Arabistan&#8217;dan 31 maddelik ortak bildiri<\/p>\n","protected":false},"author":1,"featured_media":44127,"comment_status":"open","ping_status":"open","sticky":false,"template":"","format":"standard","meta":{"footnotes":""},"categories":[12],"tags":[1888,1662,5963,1939,975],"class_list":["post-44126","post","type-post","status-publish","format-standard","has-post-thumbnail","hentry","category-siyaset","tag-baris","tag-is-birligi","tag-takdir","tag-taraf","tag-uluslararasi"],"_links":{"self":[{"href":"https:\/\/bihavadis.com\/index.php\/wp-json\/wp\/v2\/posts\/44126","targetHints":{"allow":["GET"]}}],"collection":[{"href":"https:\/\/bihavadis.com\/index.php\/wp-json\/wp\/v2\/posts"}],"about":[{"href":"https:\/\/bihavadis.com\/index.php\/wp-json\/wp\/v2\/types\/post"}],"author":[{"embeddable":true,"href":"https:\/\/bihavadis.com\/index.php\/wp-json\/wp\/v2\/users\/1"}],"replies":[{"embeddable":true,"href":"https:\/\/bihavadis.com\/index.php\/wp-json\/wp\/v2\/comments?post=44126"}],"version-history":[{"count":1,"href":"https:\/\/bihavadis.com\/index.php\/wp-json\/wp\/v2\/posts\/44126\/revisions"}],"predecessor-version":[{"id":44134,"href":"https:\/\/bihavadis.com\/index.php\/wp-json\/wp\/v2\/posts\/44126\/revisions\/44134"}],"wp:featuredmedia":[{"embeddable":true,"href":"https:\/\/bihavadis.com\/index.php\/wp-json\/wp\/v2\/media\/44127"}],"wp:attachment":[{"href":"https:\/\/bihavadis.com\/index.php\/wp-json\/wp\/v2\/media?parent=44126"}],"wp:term":[{"taxonomy":"category","embeddable":true,"href":"https:\/\/bihavadis.com\/index.php\/wp-json\/wp\/v2\/categories?post=44126"},{"taxonomy":"post_tag","embeddable":true,"href":"https:\/\/bihavadis.com\/index.php\/wp-json\/wp\/v2\/tags?post=44126"}],"curies":[{"name":"wp","href":"https:\/\/api.w.org\/{rel}","templated":true}]}}