{"id":44135,"date":"2026-02-23T22:21:05","date_gmt":"2026-02-23T22:21:05","guid":{"rendered":"https:\/\/bihavadis.com\/?p=44135"},"modified":"2026-02-23T22:21:05","modified_gmt":"2026-02-23T22:21:05","slug":"baskan-guner-iftar-cadirinda-vatandaslarla-bir-araya-geldi","status":"publish","type":"post","link":"https:\/\/bihavadis.com\/index.php\/2026\/02\/23\/baskan-guner-iftar-cadirinda-vatandaslarla-bir-araya-geldi\/","title":{"rendered":"Ba\u015fkan G\u00fcner, \u0130ftar \u00c7ad\u0131r\u0131nda Vatanda\u015flarla Bir Araya Geldi"},"content":{"rendered":"<p><b>\u00c7ankaya Belediye Ba\u015fkan\u0131 H\u00fcseyin Can G\u00fcner, Cebeci iftar \u00e7ad\u0131r\u0131n\u0131 ziyaret ederek vatanda\u015flarla birlikte iftar yapt\u0131. Ba\u015fkan G\u00fcner, dayan\u0131\u015fma sofras\u0131nda iftara gelen vatanda\u015flar s\u0131ra beklerken tek tek selamla\u015ft\u0131. G\u00fcner, \u201c\u00c7ankaya\u2019da \u00fc\u00e7 b\u00f6lgede, g\u00fcnl\u00fck yakla\u015f\u0131k \u00fc\u00e7 bine yak\u0131n yurtta\u015f\u0131m\u0131zla iftar sofram\u0131z\u0131 payla\u015fman\u0131n mutlulu\u011funu ya\u015f\u0131yoruz\u201d dedi.<\/b><\/p>\n<p>\u00c7ankaya Belediye Ba\u015fkan\u0131 H\u00fcseyin Can G\u00fcner, Cebeci\u2019de kurulan iftar \u00e7ad\u0131r\u0131nda vatanda\u015flarla bir araya geldi. \u00c7ankaya\u2019da \u00fc\u00e7 b\u00f6lgede iftar \u00e7ad\u0131r\u0131 kurduklar\u0131n\u0131 kaydeden G\u00fcner, \u201cG\u00fcnl\u00fck yakla\u015f\u0131k \u00fc\u00e7 bine yak\u0131n yurtta\u015f\u0131m\u0131zla iftar sofram\u0131z\u0131 payla\u015fman\u0131n mutlulu\u011funu ya\u015f\u0131yoruz\u201d dedi.\u00a0\u0130ftar sofralar\u0131n\u0131n yaln\u0131zca ihtiya\u00e7 sahiplerine de\u011fil, dayan\u0131\u015fma duygusunu payla\u015fmak isteyen t\u00fcm yurtta\u015flara a\u00e7\u0131k oldu\u011funu dile getiren G\u00fcner, \u201cRamazan ay\u0131n\u0131n birlik ve beraberli\u011fimizi g\u00fc\u00e7lendirmesini diliyoruz. Ekonomik ko\u015fullar\u0131n daha iyi oldu\u011fu, sosyal ba\u011flar\u0131n daha g\u00fc\u00e7l\u00fc hale geldi\u011fi g\u00fcnleri hep birlikte g\u00f6rmeyi temenni ediyoruz\u201d \u015feklinde konu\u015ftu.<\/p>\n<p><b>YILIN HER G\u00dcN\u00dc YURTTA\u015eA DESTEK<\/b><\/p>\n<p>\u00c7ankaya\u2019da dayan\u0131\u015fma ve payla\u015fma k\u00fclt\u00fcr\u00fcn\u00fc g\u00fc\u00e7lendirmeye y\u00f6nelik sosyal destek \u00e7al\u0131\u015fmalar\u0131n\u0131n y\u0131l\u0131n her g\u00fcn\u00fc aral\u0131ks\u0131z s\u00fcrd\u00fcrd\u00fcklerini belirten Ba\u015fkan H\u00fcseyin Can G\u00fcner, \u00a0\u201cHer ak\u015fam \u00fccretsiz ak\u015fam yeme\u011fiyle \u00fcniversite \u00f6\u011frencisi gen\u00e7lerimizin yanlar\u0131nda oluyoruz. Onlar\u0131n Ankara\u2019da konforlu ve sa\u011fl\u0131kl\u0131 \u015fekilde ya\u015famalar\u0131n\u0131 sa\u011flamaya gayret ediyoruz. Bunun yan\u0131 s\u0131ra biri de bu mahallede olan Kent Lokantalar\u0131m\u0131zda, yurtta\u015flar\u0131m\u0131za sa\u011fl\u0131kl\u0131 g\u0131day\u0131 uygun ekonomik ko\u015fullarla sunuyoruz\u201d a\u00e7\u0131klamas\u0131nda bulundu.\u00a0\u00a0G\u00fcner, bu hizmetlerin \u00f6zellikle ekonomik zorluklar\u0131n hissedildi\u011fi d\u00f6nemde \u00f6nemli bir ihtiyaca kar\u015f\u0131l\u0131k verdi\u011fini s\u00f6zlerine ekledi.<\/p>\n<p><b>\u0130FTAR SOFRASINA YET\u0130\u015eEMEYENE \u00c7ORBA \u0130KRAMI<\/b><\/p>\n<p>\u00c7ankaya Belediyesi, Ramazan ay\u0131 boyunca il\u00e7enin \u00fc\u00e7 farkl\u0131 noktas\u0131nda kurdu\u011fu iftar \u00e7ad\u0131rlar\u0131yla vatanda\u015flar\u0131 ayn\u0131 sofrada bulu\u015fturmaya devam edecek. Cebeci Camii \u00f6n\u00fc, Metin Oktay Mahallesi ve Huzur Mahallesi\u2019nde kurulan iftar \u00e7ad\u0131rlar\u0131nda, Ramazan ay\u0131n\u0131n sonuna kadar her g\u00fcn y\u00fczlerce ki\u015fi bir araya gelerek oru\u00e7lar\u0131n\u0131 birlikte a\u00e7ma imkan\u0131 bulacak. Belediye ayr\u0131ca iftar sofras\u0131na yeti\u015femeyen vatanda\u015flar i\u00e7in de \u00c7ankaya Belediye Ba\u015fkanl\u0131\u011f\u0131 \u00f6n\u00fcnde ve G\u00fcvenpark\u2019ta \u00e7orba, ekmek ve su ikram\u0131nda bulunuyor.<\/p>\n<p>\u00a0<\/p>\n<p>Kaynak: (BYZHA) Beyaz Haber Ajans\u0131<\/p>\n","protected":false},"excerpt":{"rendered":"<p>\u00c7ankaya Belediye Ba\u015fkan\u0131 H\u00fcseyin Can G\u00fcner, Cebeci iftar \u00e7ad\u0131r\u0131n\u0131 ziyaret ederek vatanda\u015flarla birlikte iftar yapt\u0131.<\/p>\n","protected":false},"author":1,"featured_media":44136,"comment_status":"open","ping_status":"open","sticky":false,"template":"","format":"standard","meta":{"footnotes":""},"categories":[4],"tags":[516,236,5964,675,1135],"class_list":["post-44135","post","type-post","status-publish","format-standard","has-post-thumbnail","hentry","category-gundem","tag-baskan","tag-gun","tag-guner","tag-iftar","tag-vatandaslar"],"_links":{"self":[{"href":"https:\/\/bihavadis.com\/index.php\/wp-json\/wp\/v2\/posts\/44135","targetHints":{"allow":["GET"]}}],"collection":[{"href":"https:\/\/bihavadis.com\/index.php\/wp-json\/wp\/v2\/posts"}],"about":[{"href":"https:\/\/bihavadis.com\/index.php\/wp-json\/wp\/v2\/types\/post"}],"author":[{"embeddable":true,"href":"https:\/\/bihavadis.com\/index.php\/wp-json\/wp\/v2\/users\/1"}],"replies":[{"embeddable":true,"href":"https:\/\/bihavadis.com\/index.php\/wp-json\/wp\/v2\/comments?post=44135"}],"version-history":[{"count":1,"href":"https:\/\/bihavadis.com\/index.php\/wp-json\/wp\/v2\/posts\/44135\/revisions"}],"predecessor-version":[{"id":44137,"href":"https:\/\/bihavadis.com\/index.php\/wp-json\/wp\/v2\/posts\/44135\/revisions\/44137"}],"wp:featuredmedia":[{"embeddable":true,"href":"https:\/\/bihavadis.com\/index.php\/wp-json\/wp\/v2\/media\/44136"}],"wp:attachment":[{"href":"https:\/\/bihavadis.com\/index.php\/wp-json\/wp\/v2\/media?parent=44135"}],"wp:term":[{"taxonomy":"category","embeddable":true,"href":"https:\/\/bihavadis.com\/index.php\/wp-json\/wp\/v2\/categories?post=44135"},{"taxonomy":"post_tag","embeddable":true,"href":"https:\/\/bihavadis.com\/index.php\/wp-json\/wp\/v2\/tags?post=44135"}],"curies":[{"name":"wp","href":"https:\/\/api.w.org\/{rel}","templated":true}]}}