{"id":44144,"date":"2026-02-23T22:27:06","date_gmt":"2026-02-23T22:27:06","guid":{"rendered":"https:\/\/bihavadis.com\/?p=44144"},"modified":"2026-02-23T22:27:06","modified_gmt":"2026-02-23T22:27:06","slug":"cumhurbaskani-erdogan-turkiye-iran-ile-abd-arasinda-kolaylastirici-rol-ustlenmeye-hazir","status":"publish","type":"post","link":"https:\/\/bihavadis.com\/index.php\/2026\/02\/23\/cumhurbaskani-erdogan-turkiye-iran-ile-abd-arasinda-kolaylastirici-rol-ustlenmeye-hazir\/","title":{"rendered":"Cumhurba\u015fkan\u0131 Erdo\u011fan: &#8220;T\u00fcrkiye, \u0130ran ile ABD aras\u0131nda kolayla\u015ft\u0131r\u0131c\u0131 rol \u00fcstlenmeye haz\u0131r&#8221;"},"content":{"rendered":"<p>Cumhurba\u015fkan\u0131 Recep Tayyip Erdo\u011fan, &#8221; T\u00fcrkiye, \u0130ran ile ABD aras\u0131nda kolayla\u015ft\u0131r\u0131c\u0131 rol \u00fcstlenmeye haz\u0131r&#8221; ifadelerini kullanarak, &#8220;B\u00f6lgeyi ate\u015fe atacak her ad\u0131m\u0131n kar\u015f\u0131s\u0131nda, bar\u0131\u015f\u0131 g\u00fc\u00e7lendirecek her ad\u0131m\u0131n yan\u0131nday\u0131z&#8221; dedi.<\/p>\n<p>Cumhurba\u015fkan\u0131 Recep Tayyip Erdo\u011fan, Suudi Arabistan&#8217;\u0131n ve Arap d\u00fcnyas\u0131n\u0131n \u00f6nde gelen gazetelerinden \u015earkul Avsat m\u00fclakat verdi. Cumhurba\u015fkan\u0131 Erdo\u011fan&#8217;\u0131n, b\u00f6lgesel bar\u0131\u015f, g\u00fcvenlik ve i\u015f birli\u011fi vizyonunu ortaya koydu\u011fu, T\u00fcrkiye-Suudi Arabistan ili\u015fkileri, \u0130ran, Gazze, Suriye, Sudan ve Somali gibi k\u00fcresel g\u00fcndemlere ili\u015fkin de\u011ferlendirmelerini i\u00e7eren m\u00fclakat\u0131, Suudi Arabistan&#8217;\u0131n ve Arap d\u00fcnyas\u0131n\u0131n \u00f6nde gelen gazetelerinden \u015earkul Avsat&#8217;ta Arap\u00e7a ve \u0130ngilizce olarak yay\u0131mland\u0131.<\/p>\n<p>T\u00fcrkiye-Suudi Arabistan ili\u015fkileri<\/p>\n<p>T\u00fcrkiye-Suudi Arabistan ili\u015fkilerinin b\u00f6lgede g\u00fcvenlik ve istikrar a\u00e7\u0131s\u0131ndan nas\u0131l de\u011ferlendirildi\u011fine ili\u015fkin soru \u00fczerine Cumhurba\u015fkan\u0131 Erdo\u011fan, iki \u00fclkenin tarihi ba\u011flara, g\u00fc\u00e7l\u00fc devlet geleneklerine ve b\u00f6lgesel sorumluluk bilincine sahip iki dost \u00fclke oldu\u011funu belirterek, bu ili\u015fkinin yaln\u0131zca ikili g\u00fcndemle s\u0131n\u0131rl\u0131 olmad\u0131\u011f\u0131n\u0131 ifade etti. Cumhurba\u015fkan\u0131 Erdo\u011fan, iki \u00fclke aras\u0131ndaki dostlu\u011fun ayn\u0131 zamanda b\u00f6lgesel huzur, istikrar ve refah a\u00e7\u0131s\u0131ndan stratejik bir mahiyet ta\u015f\u0131d\u0131\u011f\u0131n\u0131 vurgulad\u0131.<\/p>\n<p>Ziyaretin ana g\u00fcndemine ili\u015fkin de\u011ferlendirmesinde Cumhurba\u015fkan\u0131 Erdo\u011fan, b\u00f6lgesel meselelerde isti\u015fareyi derinle\u015ftirmeyi ve ikili ili\u015fkileri somut alanlarda ileri ta\u015f\u0131may\u0131 hedeflediklerini s\u00f6yledi. Program\u0131n i\u015f d\u00fcnyas\u0131n\u0131 da kapsayacak \u015fekilde kurgulanmas\u0131n\u0131n ekonomik i\u015f birli\u011fini ileriye ta\u015f\u0131ma iradesinin bir yans\u0131mas\u0131 oldu\u011funu kaydeden Cumhurba\u015fkan\u0131 Erdo\u011fan, g\u00fcndemde Filistin, Gazze&#8217;de kal\u0131c\u0131 ate\u015fkes ve Suriye ba\u015fta olmak \u00fczere b\u00f6lgesel ba\u015fl\u0131klar\u0131n bulundu\u011funu, ekonomik boyutta ise ticaret, yat\u0131r\u0131mlar ve ortak projelerin ele al\u0131naca\u011f\u0131n\u0131 dile getirdi.<\/p>\n<p>Cumhurba\u015fkan\u0131 Erdo\u011fan, yeni i\u015f birli\u011fi ad\u0131mlar\u0131nda sahada kar\u015f\u0131l\u0131\u011f\u0131 olan, s\u00fcrd\u00fcr\u00fclebilir ve somut projelere odakland\u0131klar\u0131n\u0131, ekonomi, ticaret, yat\u0131r\u0131m\u0131n yan\u0131 s\u0131ra enerji, turizm, ula\u015ft\u0131rma ve lojistik alanlar\u0131nda ciddi potansiyel g\u00f6rd\u00fcklerini, savunma sanayisinde ise kar\u015f\u0131l\u0131kl\u0131 g\u00fcvene dayal\u0131 bir i\u015f birli\u011fi hedeflediklerini ifade etti.<\/p>\n<p>\u0130ran&#8217;la ilgili gerilim<\/p>\n<p>\u0130ran&#8217;la ilgili son gerilim ba\u011flam\u0131nda muhtemel bir \u00e7at\u0131\u015fman\u0131n \u00f6nlenmesine y\u00f6nelik soru \u00fczerine Cumhurba\u015fkan\u0131 Erdo\u011fan, b\u00f6lgede yeni bir sava\u015f\u0131n ya\u015fanmas\u0131n\u0131 kesinlikle istemediklerini, meselelerin diyalog ve sa\u011fduyu ile \u00e7\u00f6z\u00fclmesinden yana olduklar\u0131n\u0131 vurgulad\u0131. \u0130ran&#8217;a y\u00f6nelik askeri m\u00fcdahaleye kar\u015f\u0131 olduklar\u0131n\u0131 her platformda dile getirdiklerini belirten Cumhurba\u015fkan\u0131 Erdo\u011fan, tansiyonu y\u00fckseltecek ad\u0131mlardan ka\u00e7\u0131n\u0131lmas\u0131 gerekti\u011fini muhataplar\u0131na ilettiklerini s\u00f6yledi. T\u00fcrkiye&#8217;nin \u0130ran ile ABD aras\u0131nda kolayla\u015ft\u0131r\u0131c\u0131 rol \u00fcstlenmeye haz\u0131r oldu\u011funu ifade eden Cumhurba\u015fkan\u0131 Erdo\u011fan, b\u00f6lgeyi ate\u015fe atacak her ad\u0131m\u0131n kar\u015f\u0131s\u0131nda, bar\u0131\u015f\u0131 g\u00fc\u00e7lendirecek her ad\u0131m\u0131n yan\u0131nda olduklar\u0131n\u0131 kaydetti. Erdo\u011fan, Suudi Arabistan ve Pakistan dahil olmak \u00fczere b\u00f6lge \u00fclkeleriyle y\u00fcr\u00fct\u00fclen isti\u015fare ve koordinasyonun \u00f6nemine de dikkat \u00e7ekti.<\/p>\n<p>Gazze&#8217;de Bar\u0131\u015f Plan\u0131&#8217;n\u0131n ikinci a\u015famas\u0131<\/p>\n<p>Gazze bar\u0131\u015f plan\u0131n\u0131n ikinci a\u015famas\u0131n\u0131n \u00f6n\u00fcndeki zorluklara ili\u015fkin soru \u00fczerine Cumhurba\u015fkan\u0131 Erdo\u011fan, ate\u015fkesin k\u0131r\u0131lganl\u0131\u011f\u0131n\u0131n en b\u00fcy\u00fck engellerden biri oldu\u011funu belirterek, sivillerin korunmas\u0131, insani yard\u0131m\u0131n kesintisiz ula\u015ft\u0131r\u0131lmas\u0131 ve zorla yerinden edilmelerin sona erdirilmesinin temel \u00f6ncelikler oldu\u011funu s\u00f6yledi. Yeniden imar \u00e7al\u0131\u015fmalar\u0131n\u0131n vakit kaybedilmeden ba\u015flat\u0131lmas\u0131 gerekti\u011fini vurgulayan Cumhurba\u015fkan\u0131 Erdo\u011fan, sahada g\u00fcven tesis edilmeden kal\u0131c\u0131 s\u00fckunetin sa\u011flanamayaca\u011f\u0131n\u0131 ifade etti. Erdo\u011fan, T\u00fcrkiye&#8217;nin gerekli \u015fartlar olu\u015ftu\u011funda Gazze&#8217;de bar\u0131\u015fa katk\u0131 sunmaya haz\u0131r oldu\u011funu da dile getirdi.<\/p>\n<p>Suriye&#8217;deki geli\u015fmeler<\/p>\n<p>Suriye h\u00fck\u00fcmeti ile ter\u00f6r \u00f6rg\u00fct\u00fc SDG\/YPG aras\u0131nda y\u00fcr\u00fct\u00fclen temaslara ili\u015fkin soru \u00fczerine Cumhurba\u015fkan\u0131 Erdo\u011fan, sahada ve diplomaside ortaya \u00e7\u0131kan m\u00fcspet geli\u015fmelerin Suriye&#8217;de yeni bir siyasi ufkun m\u00fcmk\u00fcn oldu\u011funu g\u00f6sterdi\u011fini belirtti. Suriye&#8217;nin toprak b\u00fct\u00fcnl\u00fc\u011f\u00fcn\u00fcn korunmas\u0131, ulusal birli\u011fin g\u00fc\u00e7lendirilmesi ve devlet otoritesinin \u00fclke genelinde tesis edilmesinin \u00f6nemine i\u015faret eden Cumhurba\u015fkan\u0131 Erdo\u011fan, T\u00fcrkiye i\u00e7in \u00f6l\u00e7\u00fcn\u00fcn kom\u015fular\u0131na tehdit \u00fcretmeyen ve ter\u00f6r \u00f6rg\u00fctlerine alan a\u00e7mayan bir Suriye oldu\u011funu vurgulad\u0131. Cumhurba\u015fkan\u0131 Erdo\u011fan, Suriye&#8217;nin gelece\u011finin Suriyelilerin iradesiyle \u015fekillenece\u011fini ifade etti.<\/p>\n<p>Sudan&#8217;daki i\u00e7 sava\u015f<\/p>\n<p>Sudan&#8217;da devam eden sava\u015f\u0131n sona erdirilmesine y\u00f6nelik soru \u00fczerine Cumhurba\u015fkan\u0131 Erdo\u011fan, Sudan&#8217;daki sava\u015f\u0131n bin g\u00fcn\u00fcn\u00fc doldurdu\u011funu, Sudan halk\u0131n\u0131n a\u011f\u0131r bedeller \u00f6dedi\u011fini belirtti. T\u00fcrkiye&#8217;nin bar\u0131\u015f\u0131n sa\u011flanmas\u0131 i\u00e7in diplomatik \u00e7abalara destek verdi\u011fini ifade eden Cumhurba\u015fkan\u0131 Erdo\u011fan, Port Sudan&#8217;da T\u0130KA ofisi ve Ziraat Bankas\u0131 \u015fubesinin yeniden a\u00e7\u0131ld\u0131\u011f\u0131n\u0131, T\u00fcrk Hava Yollar\u0131&#8217;n\u0131n seferler ba\u015flatt\u0131\u011f\u0131n\u0131 ve insani yard\u0131mlar\u0131n s\u00fcrd\u00fc\u011f\u00fcn\u00fc aktard\u0131. Erdo\u011fan, Suudi Arabistan, ABD ve M\u0131s\u0131r&#8217;\u0131n y\u00fcr\u00fctt\u00fc\u011f\u00fc yap\u0131c\u0131 giri\u015fimleri de\u011ferli bulduklar\u0131n\u0131 da kaydetti.<\/p>\n<p>Somaliland meselesi<\/p>\n<p>\u0130srail&#8217;in Somaliland&#8217;\u0131 tan\u0131mas\u0131na ili\u015fkin soru \u00fczerine Cumhurba\u015fkan\u0131 Erdo\u011fan, bu karar\u0131n gayrime\u015fru oldu\u011funu ve T\u00fcrkiye&#8217;nin bu karar\u0131 yok h\u00fckm\u00fcnde g\u00f6rd\u00fc\u011f\u00fcn\u00fc s\u00f6yledi. T\u00fcrkiye&#8217;nin Birle\u015fmi\u015f Milletler kararlar\u0131 do\u011frultusunda Somali&#8217;nin toprak b\u00fct\u00fcnl\u00fc\u011f\u00fcn\u00fc savunmaya devam edece\u011fini belirten Cumhurba\u015fkan\u0131 Erdo\u011fan, b\u00f6lge \u00fclkelerinin ve uluslararas\u0131 kurulu\u015flar\u0131n karar\u0131 reddeden a\u00e7\u0131klamalar\u0131n\u0131 k\u0131ymetli bulduklar\u0131n\u0131 ifade etti. &#8211; R\u0130YAD<\/p>\n","protected":false},"excerpt":{"rendered":"<p>Cumhurba\u015fkan\u0131 Recep Tayyip Erdo\u011fan, &#8220;T\u00fcrkiye, \u0130ran ile ABD aras\u0131nda kolayla\u015ft\u0131r\u0131c\u0131 rol \u00fcstlenmeye haz\u0131r&#8221; ifadelerini kullanarak, &#8220;B\u00f6lgeyi ate\u015fe atacak her ad\u0131m\u0131n kar\u015f\u0131s\u0131nda, bar\u0131\u015f\u0131 g\u00fc\u00e7lendirecek her ad\u0131m\u0131n yan\u0131nday\u0131z&#8221; dedi.<\/p>\n","protected":false},"author":1,"featured_media":44145,"comment_status":"open","ping_status":"open","sticky":false,"template":"","format":"standard","meta":{"footnotes":""},"categories":[12],"tags":[1888,2169,1931,361,514],"class_list":["post-44144","post","type-post","status-publish","format-standard","has-post-thumbnail","hentry","category-siyaset","tag-baris","tag-cumhurbaskani-erdogan","tag-iliskin","tag-suriye","tag-suudi-arabistan"],"_links":{"self":[{"href":"https:\/\/bihavadis.com\/index.php\/wp-json\/wp\/v2\/posts\/44144","targetHints":{"allow":["GET"]}}],"collection":[{"href":"https:\/\/bihavadis.com\/index.php\/wp-json\/wp\/v2\/posts"}],"about":[{"href":"https:\/\/bihavadis.com\/index.php\/wp-json\/wp\/v2\/types\/post"}],"author":[{"embeddable":true,"href":"https:\/\/bihavadis.com\/index.php\/wp-json\/wp\/v2\/users\/1"}],"replies":[{"embeddable":true,"href":"https:\/\/bihavadis.com\/index.php\/wp-json\/wp\/v2\/comments?post=44144"}],"version-history":[{"count":1,"href":"https:\/\/bihavadis.com\/index.php\/wp-json\/wp\/v2\/posts\/44144\/revisions"}],"predecessor-version":[{"id":44146,"href":"https:\/\/bihavadis.com\/index.php\/wp-json\/wp\/v2\/posts\/44144\/revisions\/44146"}],"wp:featuredmedia":[{"embeddable":true,"href":"https:\/\/bihavadis.com\/index.php\/wp-json\/wp\/v2\/media\/44145"}],"wp:attachment":[{"href":"https:\/\/bihavadis.com\/index.php\/wp-json\/wp\/v2\/media?parent=44144"}],"wp:term":[{"taxonomy":"category","embeddable":true,"href":"https:\/\/bihavadis.com\/index.php\/wp-json\/wp\/v2\/categories?post=44144"},{"taxonomy":"post_tag","embeddable":true,"href":"https:\/\/bihavadis.com\/index.php\/wp-json\/wp\/v2\/tags?post=44144"}],"curies":[{"name":"wp","href":"https:\/\/api.w.org\/{rel}","templated":true}]}}