{"id":44154,"date":"2026-02-23T22:36:05","date_gmt":"2026-02-23T22:36:05","guid":{"rendered":"https:\/\/bihavadis.com\/?p=44154"},"modified":"2026-02-23T22:36:05","modified_gmt":"2026-02-23T22:36:05","slug":"baskan-guner-genc-akademide-genclerle-bulustu","status":"publish","type":"post","link":"https:\/\/bihavadis.com\/index.php\/2026\/02\/23\/baskan-guner-genc-akademide-genclerle-bulustu\/","title":{"rendered":"Ba\u015fkan G\u00fcner, Gen\u00e7 Akademi&#8217;de Gen\u00e7lerle Bulu\u015ftu"},"content":{"rendered":"<p><b>\u00c7ankaya Belediye Ba\u015fkan\u0131 H\u00fcseyin Can G\u00fcner, Ankara B\u00fcy\u00fck\u015fehir Belediyesi Gen\u00e7lik ve Spor Hizmetleri Dairesine ba\u011fl\u0131 \u00c7ayyolu Gen\u00e7 Akademide gen\u00e7lerle bir araya geldi.<\/b><\/p>\n<p>\u00c7ankaya Belediye Ba\u015fkan\u0131 H\u00fcseyin Can G\u00fcner, Ankara B\u00fcy\u00fck\u015fehir Belediyesi Gen\u00e7lik ve Spor Hizmetleri Dairesine ba\u011fl\u0131 \u00c7ayyolu Gen\u00e7 Akademide gen\u00e7lerle bir araya geldi.\u00a0Ankara B\u00fcy\u00fck\u015fehir Belediyesi Gen\u00e7lik ve Spor Hizmetleri Dairesi Ba\u015fkan\u0131 Do\u00e7. Dr. Serkan Yorganc\u0131lar\u2019\u0131n ev sahipli\u011finde ger\u00e7ekle\u015fen bulu\u015fmada gen\u00e7lerle bir araya gelmekten duydu\u011fu memnuniyeti dile getiren G\u00fcner, deneyimlerini payla\u015farak gen\u00e7lere tavsiyelerde bulundu.<\/p>\n<p><b>S\u0130YASETE UZANAN YOLCULUKTA HUKUK BA\u015eROLDEYD\u0130<\/b><\/p>\n<p>Gen\u00e7 Akademi idarecisi Sevda Keskin\u2019in moderat\u00f6rl\u00fc\u011f\u00fcnde ger\u00e7ekle\u015fen etkinlikte gen\u00e7lerin sorular\u0131na i\u00e7tenlikle cevap veren \u00c7ankaya Belediye Ba\u015fkan\u0131 H\u00fcseyin Can G\u00fcner, hukuktan siyasete uzanan yolculu\u011funda nelerle kar\u015f\u0131la\u015ft\u0131\u011f\u0131n\u0131 aktard\u0131. G\u00fcner, \u2018Siyasetle hukuk bir arada var olan bir alan, \u00e7ocukluktan itibaren \u00e7evreye, siyasete duyarl\u0131 bir birey olarak yeti\u015ftim. Hukuk Fak\u00fcltesini se\u00e7memde de bunun rol\u00fc oldu\u011funu d\u00fc\u015f\u00fcn\u00fcyorum. Belediye Ba\u015fkan\u0131 olmadan \u00f6nce de ya\u015fad\u0131\u011f\u0131m \u00e7evrede olan bitenle ilgilenen bir yap\u0131m vard\u0131. Hukukun, adaletin, demokrasinin i\u00e7selle\u015fti\u011fi bir ortam i\u00e7in siyaset yapt\u0131m ve yapmaya da devam ediyorum. Ben de gen\u00e7 bir siyaset\u00e7i olarak herkesin \u00f6zg\u00fcrce ya\u015fayabilece\u011fi bir \u00fclke hayaliyle siyaset yap\u0131yorum\u2019 diye konu\u015ftu.<\/p>\n<p><b>E\u015e\u0130T H\u0130ZMET G\u00d6T\u00dcRME NOKTASINDA ADALET DUYGUSU DEVREYE G\u0130R\u0130YOR<\/b><\/p>\n<p>Hukuk Fak\u00fcltesi okuman\u0131n Belediye Ba\u015fkanl\u0131\u011f\u0131nda kendisine \u00e7ok faydas\u0131 oldu\u011funu belirten G\u00fcner, \u2018Personel y\u00f6netiminden tutun da il\u00e7e genelinde alaca\u011f\u0131n\u0131z kararlara kadar bir\u00e7ok noktada karar verici olarak zorlanabiliyorsunuz. 124 mahallesi olan \u00c7ankaya\u2019da nereye hangi hizmeti yapaca\u011f\u0131m\u0131z konusunda belirleyici olma konusunda hakkaniyetli karar vermemiz gerekiyor. E\u015fit hizmet g\u00f6t\u00fcrme noktas\u0131nda adalet duygusu devreye giriyor. \u0130nisiyatif ald\u0131\u011f\u0131m\u0131z yerlerde de hem adalet duygusunu hem hakkaniyeti g\u00f6zeterek y\u00f6netim zorlu\u011funu da bilerek karar veriyoruz. Hukuk g\u00f6z\u00fcyle adalet duygusuyla bakmayan birisi olsak daha kolay karar verebiliriz ama bu da bizim ya\u015fam felsefemize uymuyor. Hi\u00e7bir toplum kesimini ay\u0131rmadan herkese e\u015fit davranmaya \u00e7aba g\u00f6steriyoruz\u2019 dedi.<\/p>\n<p><b>HALKA DOKUNAN T\u00dcM PROJELER BEN\u0130M \u0130\u00c7\u0130N \u00d6ZEL B\u0130R YERE SAH\u0130PT\u0130R<\/b><\/p>\n<p>Belediyelerin vatanda\u015flar\u0131n en kolay ula\u015fabildi\u011fi kurum oldu\u011funu dile getiren G\u00fcner, ne kadar yurtta\u015fa ula\u015fabilirlerse kendileri i\u00e7in en b\u00fcy\u00fck sosyal belediyecilik anlay\u0131\u015f\u0131n\u0131n bu oldu\u011funu kaydetti.<\/p>\n<p>G\u00fcner \u015f\u00f6yle devam etti: Tek bir projeyle ben gurur duyuyorum diyebilece\u011fim bir \u015fey yok halka dokunan t\u00fcm projeler benim i\u00e7in \u00f6zel bir yere sahiptir. E\u011fer vatanda\u015f\u0131n g\u00f6z\u00fcnde bir mutluluk g\u00f6rebiliyorsak bu bizim i\u00e7in daha de\u011ferlidir. Burada 13 \u00fcniversitede 200-300 bin \u00fcniversite \u00f6\u011frencisine ev sahipli\u011fi yapan il\u00e7emizde gen\u00e7lere de\u011fer vererek onlar\u0131n gelecek planlamas\u0131nda s\u00f6z sahibi olaca\u011f\u0131 bir durumu olu\u015fturmak i\u00e7in \u00e7aba g\u00f6steriyoruz. Gen\u00e7lere yol g\u00f6sterecek hizmetlerin oldu\u011fu merkezi bir yerde Gen\u00e7lik Merkezimizi hayata ge\u00e7irdik. K\u0131z \u00f6\u011frencilerimizin kendilerini g\u00fcvende hissedece\u011fi yurdumuzu hizmete sunduk. Gen\u00e7lerimizin geleceklerine y\u00f6n verecekleri her kulvarda onlar\u0131n yan\u0131nda olmaya devam edece\u011fiz. 10 senenin sonunda bakt\u0131\u011f\u0131m\u0131zda \u2018Ya bu adam iyi bir belediye ba\u015fkan\u0131yd\u0131 herkes i\u00e7in de \u00e7al\u0131\u015ft\u0131 g\u00fczel i\u015flere imza att\u0131 ay\u0131rt etmedi e\u015fit davrand\u0131\u2019 derlerse bu benim i\u00e7in en b\u00fcy\u00fck projedir.\u201d<b>\u00a0<\/b><\/p>\n<p><b>GEN\u00c7LER M\u00dcCADELEDEN VAZGE\u00c7MES\u0130NLER<\/b><\/p>\n<p>Gen\u00e7lere tavsiyelerde de bulunan G\u00fcner, uzun bir maraton olan hayata dahil olmalar\u0131n\u0131n b\u00fcy\u00fck \u00f6nem ta\u015f\u0131d\u0131\u011f\u0131n\u0131 belirtti. Hayat\u0131n bir m\u00fccadele alan\u0131 oldu\u011funa dikkat \u00e7eken G\u00fcner, \u2018M\u00fccadeleden vazge\u00e7mesinler, \u00f6nlerine \u00e7\u0131kan zorluklara kar\u015f\u0131 \u00e7\u0131k\u0131\u015f yollar\u0131 aras\u0131nlar. Buraya gelen gen\u00e7lerin aras\u0131ndan gelece\u011fin sanat\u00e7\u0131lar\u0131, siyaset\u00e7ileri \u00e7\u0131kacak. Bulundu\u011fu her ortamda s\u00f6z sahibi olmay\u0131, hem ele\u015ftirmeyi hem de yeni s\u00f6zler s\u00f6ylemeyi hayat felsefesi olarak als\u0131nlar\u2019 diye konu\u015ftu. \u00a0<\/p>\n<p>\u00a0<\/p>\n<p>Kaynak: (BYZHA) Beyaz Haber Ajans\u0131<\/p>\n","protected":false},"excerpt":{"rendered":"<p>\u00c7ankaya Belediye Ba\u015fkan\u0131 H\u00fcseyin Can G\u00fcner, Ankara B\u00fcy\u00fck\u015fehir Belediyesi Gen\u00e7lik ve Spor Hizmetleri Dairesine ba\u011fl\u0131 \u00c7ayyolu Gen\u00e7 Akademide gen\u00e7lerle bir araya geldi.<\/p>\n","protected":false},"author":1,"featured_media":44155,"comment_status":"open","ping_status":"open","sticky":false,"template":"","format":"standard","meta":{"footnotes":""},"categories":[4],"tags":[340,5964,315,1993,1744],"class_list":["post-44154","post","type-post","status-publish","format-standard","has-post-thumbnail","hentry","category-gundem","tag-genc","tag-guner","tag-hizmet","tag-hukuk","tag-siyaset"],"_links":{"self":[{"href":"https:\/\/bihavadis.com\/index.php\/wp-json\/wp\/v2\/posts\/44154","targetHints":{"allow":["GET"]}}],"collection":[{"href":"https:\/\/bihavadis.com\/index.php\/wp-json\/wp\/v2\/posts"}],"about":[{"href":"https:\/\/bihavadis.com\/index.php\/wp-json\/wp\/v2\/types\/post"}],"author":[{"embeddable":true,"href":"https:\/\/bihavadis.com\/index.php\/wp-json\/wp\/v2\/users\/1"}],"replies":[{"embeddable":true,"href":"https:\/\/bihavadis.com\/index.php\/wp-json\/wp\/v2\/comments?post=44154"}],"version-history":[{"count":1,"href":"https:\/\/bihavadis.com\/index.php\/wp-json\/wp\/v2\/posts\/44154\/revisions"}],"predecessor-version":[{"id":44156,"href":"https:\/\/bihavadis.com\/index.php\/wp-json\/wp\/v2\/posts\/44154\/revisions\/44156"}],"wp:featuredmedia":[{"embeddable":true,"href":"https:\/\/bihavadis.com\/index.php\/wp-json\/wp\/v2\/media\/44155"}],"wp:attachment":[{"href":"https:\/\/bihavadis.com\/index.php\/wp-json\/wp\/v2\/media?parent=44154"}],"wp:term":[{"taxonomy":"category","embeddable":true,"href":"https:\/\/bihavadis.com\/index.php\/wp-json\/wp\/v2\/categories?post=44154"},{"taxonomy":"post_tag","embeddable":true,"href":"https:\/\/bihavadis.com\/index.php\/wp-json\/wp\/v2\/tags?post=44154"}],"curies":[{"name":"wp","href":"https:\/\/api.w.org\/{rel}","templated":true}]}}