{"id":44178,"date":"2026-02-23T22:54:06","date_gmt":"2026-02-23T22:54:06","guid":{"rendered":"https:\/\/bihavadis.com\/?p=44178"},"modified":"2026-02-23T22:54:06","modified_gmt":"2026-02-23T22:54:06","slug":"menderes-belediyesinden-doga-dostu-dev-adim","status":"publish","type":"post","link":"https:\/\/bihavadis.com\/index.php\/2026\/02\/23\/menderes-belediyesinden-doga-dostu-dev-adim\/","title":{"rendered":"Menderes Belediyesi&#8217;nden Do\u011fa Dostu Dev Ad\u0131m"},"content":{"rendered":"<p><span><span><span>Menderes Belediyesi, ba\u015flatm\u0131\u015f kampanya ile at\u0131k ya\u011flar\u0131 toplay\u0131p zeytin fidan\u0131 hediye ederek do\u011fa dostu ad\u0131mlar att\u0131.<\/span><\/span><\/span><\/p>\n<p><span><span><span>Menderes Belediyesi \u0130klim De\u011fi\u015fikli\u011fi ve S\u0131f\u0131r At\u0131k M\u00fcd\u00fcrl\u00fc\u011f\u00fc, ba\u015flatm\u0131\u015f oldu\u011fu b\u00fcy\u00fck at\u0131k ya\u011f toplama kampanyas\u0131nda \u201cBitkisel ya\u011f\u0131n\u0131 getir, zeytin fidan\u0131n\u0131 g\u00f6t\u00fcr\u201d slogan\u0131 ile toplama faaliyetini ger\u00e7ekle\u015ftirdi. Merkez pazaryerine kurulan stantta belediye ekipleri gelen vatanda\u015flardan ya\u011flar\u0131 teslim ald\u0131. Teslim al\u0131n\u0131n her 3 litre ya\u011f kar\u015f\u0131l\u0131\u011f\u0131nda 1 adet zeytin fidan\u0131 hediye edildi. Menderes Belediyesi\u2019nin kampanyas\u0131na destek vermek isteyen G\u00fczelyal\u0131 Rotaract Kul\u00fcb\u00fc de stantta yer ald\u0131. <\/span><\/span><\/span><\/p>\n<p><span><span><span>Tek seferde 155 KG, toplamda 9411 KG<\/span><\/span><\/span><\/p>\n<p><span><span><span>Sabahtan g\u00fcn bat\u0131m\u0131na kadar a\u00e7\u0131k olan toplama stand\u0131nda bir g\u00fcnde toplam 155 kg ya\u011f topland\u0131. 2025 y\u0131l\u0131 i\u00e7erisinde ise toplamda 9411 kilo at\u0131k ya\u011f toplanarak do\u011faya kar\u0131\u015fmas\u0131 \u00f6nlendi. Toplanan at\u0131k ya\u011flar muhafaza edilip belediyenin anla\u015fmal\u0131 oldu\u011fu lisansl\u0131 firmaya teslim edilerek geri d\u00f6n\u00fc\u015f\u00fcme kazand\u0131r\u0131l\u0131yor. At\u0131k ya\u011flardan yak\u0131t elde edilerek do\u011faya kar\u0131\u015fmas\u0131 \u00f6nleniyor. At\u0131k ya\u011f kampanyas\u0131n\u0131n s\u00fcrece\u011fi \u00f6\u011frenilirken vatanda\u015flar\u0131n at\u0131k ya\u011flar\u0131 d\u00f6kmeyerek toplamas\u0131 talep edildi. <\/span><\/span><\/span><\/p>\n<p><span><span><span>\u201cBilin\u00e7li vatanda\u015flar\u0131m\u0131za te\u015fekk\u00fcr ederiz\u201d<\/span><\/span><\/span><\/p>\n<p><span><span><span>Kampanya hakk\u0131nda konu\u015fan Menderes Belediye Ba\u015fkan\u0131 \u0130lkay \u00c7i\u00e7ek, \u201cUzun s\u00fcredir bu kampanyam\u0131z\u0131 devam ettiriyoruz. Kampanya kapsam\u0131nda ya\u011flar\u0131 teslim al\u0131p zeytin a\u011fac\u0131 teslim edece\u011fimiz stand\u0131m\u0131z\u0131 a\u00e7t\u0131k. Kampanya ba\u015flad\u0131\u011f\u0131ndan beri toplamda binlerce kiloluk ya\u011f\u0131 geri d\u00f6n\u00fc\u015f\u00fcme kazand\u0131rd\u0131k. Do\u011fam\u0131z\u0131 korumak ad\u0131na dev ad\u0131mlar att\u0131k. Hem do\u011fam\u0131za at\u0131k ya\u011flar\u0131n zarar vermesini \u00f6nledik hem de da\u011f\u0131tt\u0131\u011f\u0131m\u0131z zeytin a\u011fa\u00e7lar\u0131 ile do\u011fam\u0131za bir katk\u0131 da biz sunduk. Kampanyam\u0131za kat\u0131lan t\u00fcm \u00e7evre bilin\u00e7li vatanda\u015flar\u0131m\u0131za te\u015fekk\u00fcr ederiz. T\u00fcm vatanda\u015flar\u0131m\u0131z\u0131 devam edecek olan at\u0131k ya\u011f toplama kampanyam\u0131za kat\u0131lmaya davet ediyoruz.\u201d dedi.<\/span><\/span><\/span><\/p>\n<p>\u00a0<\/p>\n<p>\u00a0<\/p>\n<p>Kaynak: (BYZHA) Beyaz Haber Ajans\u0131<\/p>\n","protected":false},"excerpt":{"rendered":"<p>Menderes Belediyesi, ba\u015flatm\u0131\u015f kampanya ile at\u0131k ya\u011flar\u0131 toplay\u0131p zeytin fidan\u0131 hediye ederek do\u011fa dostu ad\u0131mlar att\u0131.<\/p>\n","protected":false},"author":1,"featured_media":44179,"comment_status":"open","ping_status":"open","sticky":false,"template":"","format":"standard","meta":{"footnotes":""},"categories":[4],"tags":[5967,372,1438,1147,696],"class_list":["post-44178","post","type-post","status-publish","format-standard","has-post-thumbnail","hentry","category-gundem","tag-atik-yag","tag-belediye","tag-doga","tag-kampanya","tag-yag"],"_links":{"self":[{"href":"https:\/\/bihavadis.com\/index.php\/wp-json\/wp\/v2\/posts\/44178","targetHints":{"allow":["GET"]}}],"collection":[{"href":"https:\/\/bihavadis.com\/index.php\/wp-json\/wp\/v2\/posts"}],"about":[{"href":"https:\/\/bihavadis.com\/index.php\/wp-json\/wp\/v2\/types\/post"}],"author":[{"embeddable":true,"href":"https:\/\/bihavadis.com\/index.php\/wp-json\/wp\/v2\/users\/1"}],"replies":[{"embeddable":true,"href":"https:\/\/bihavadis.com\/index.php\/wp-json\/wp\/v2\/comments?post=44178"}],"version-history":[{"count":1,"href":"https:\/\/bihavadis.com\/index.php\/wp-json\/wp\/v2\/posts\/44178\/revisions"}],"predecessor-version":[{"id":44180,"href":"https:\/\/bihavadis.com\/index.php\/wp-json\/wp\/v2\/posts\/44178\/revisions\/44180"}],"wp:featuredmedia":[{"embeddable":true,"href":"https:\/\/bihavadis.com\/index.php\/wp-json\/wp\/v2\/media\/44179"}],"wp:attachment":[{"href":"https:\/\/bihavadis.com\/index.php\/wp-json\/wp\/v2\/media?parent=44178"}],"wp:term":[{"taxonomy":"category","embeddable":true,"href":"https:\/\/bihavadis.com\/index.php\/wp-json\/wp\/v2\/categories?post=44178"},{"taxonomy":"post_tag","embeddable":true,"href":"https:\/\/bihavadis.com\/index.php\/wp-json\/wp\/v2\/tags?post=44178"}],"curies":[{"name":"wp","href":"https:\/\/api.w.org\/{rel}","templated":true}]}}