{"id":44181,"date":"2026-02-23T22:57:05","date_gmt":"2026-02-23T22:57:05","guid":{"rendered":"https:\/\/bihavadis.com\/?p=44181"},"modified":"2026-02-23T22:57:05","modified_gmt":"2026-02-23T22:57:05","slug":"zelensky-ve-abd-disisleri-bakani-rubio-bir-araya-geldi","status":"publish","type":"post","link":"https:\/\/bihavadis.com\/index.php\/2026\/02\/23\/zelensky-ve-abd-disisleri-bakani-rubio-bir-araya-geldi\/","title":{"rendered":"Zelensky ve ABD D\u0131\u015fi\u015fleri Bakan\u0131 Rubio bir araya geldi"},"content":{"rendered":"<p>Ukrayna Devlet Ba\u015fkan\u0131 Vladimir Zelensky, M\u00fcnih G\u00fcvenlik Konferans\u0131 marj\u0131nda ABD D\u0131\u015fi\u015fleri Bakan\u0131 Marco Rubio ile bir araya geldi.<\/p>\n<p><strong>CENEVRE\u2019DEK\u0130 BARI\u015e TURU MASADA<\/strong><\/p>\n<p>Ukrayna Devlet Ba\u015fkanl\u0131\u011f\u0131 Ofisi\u2019nden yap\u0131lan a\u00e7\u0131klamaya g\u00f6re g\u00f6r\u00fc\u015fmede cephedeki durum, Rusya\u2019n\u0131n sald\u0131r\u0131lar\u0131 ve Ukrayna\u2019n\u0131n enerji altyap\u0131s\u0131na verilen zararlara odaklan\u0131ld\u0131.<\/p>\n<p>G\u00f6r\u00fc\u015fmede k\u0131\u015f aylar\u0131nda Ukrayna\u2019ya ilave hava savunma f\u00fczeleri sa\u011flanmas\u0131n\u0131n yollar\u0131n\u0131n da ele al\u0131nd\u0131\u011f\u0131 belirtildi.<\/p>\n<p>Rubio ve Zelensky ayr\u0131ca, ABD, Ukrayna ve Rusya aras\u0131ndaki \u00fc\u00e7l\u00fc bar\u0131\u015f g\u00f6r\u00fc\u015fmelerinin 17-18 \u015eubat tarihlerinde Cenevre\u2019de yap\u0131lmas\u0131 planlanan bir sonraki turuna ili\u015fkin konular\u0131 da g\u00f6r\u00fc\u015ft\u00fc.<\/p>\n<p>G\u00f6r\u00fc\u015fmeye, Ukrayna D\u0131\u015fi\u015fleri Bakan\u0131 Andriy Sibiha ve Ulusal G\u00fcvenlik ve Savunma Konseyi Sekreteri R\u00fcstem Umerov da kat\u0131ld\u0131.<\/p>\n<p><img decoding=\"async\" src=\"https:\/\/bihavadis.com\/wp-content\/uploads\/2026\/02\/zelensky-ve-abd-disisleri-bakani-rubio-bir-araya-geldi-0-6AG8Kj6i.jpg\"\/><\/p>\n<p><strong>ZELENSKY\u2019DEN \u201cVER\u0130ML\u0130 M\u00dcZAKERE\u201d VURGUSU<\/strong><\/p>\n<p>Zelensky, g\u00f6r\u00fc\u015fmenin ard\u0131ndan yay\u0131nlad\u0131\u011f\u0131 a\u00e7\u0131klamada <em><b>&#8220;Cenevre\u2019de planlanan m\u00fczakerelerin verimli olmas\u0131 \u00f6nemli. Yap\u0131c\u0131 yakla\u015f\u0131m\u0131 i\u00e7in ABD\u2019ye te\u015fekk\u00fcr ediyorum&#8221;<\/b><\/em> dedi.<\/p>\n<p>Zelensky, g\u00f6r\u00fc\u015fmede ileride at\u0131lacak ad\u0131mlar\u0131n s\u0131ralamas\u0131n\u0131 da konu\u015ftuklar\u0131n\u0131 ifade ederek, <em><b>&#8220;G\u00fcvenlik garantileri ve ekonomik toparlanma konular\u0131nda ilerleme kaydedilmesi \u00f6nemli&#8221;<\/b><\/em> dedi.<\/p>\n<p>G\u00f6r\u00fc\u015fmenin ard\u0131ndan Ukrayna Devlet Ba\u015fkanl\u0131\u011f\u0131 taraf\u0131ndan yay\u0131nlanan a\u00e7\u0131klamada, bar\u0131\u015f m\u00fczakerelerinin nihayetinde ABD, Ukrayna ve Rusya liderlerinin kat\u0131laca\u011f\u0131 bir \u00fcst d\u00fczey toplant\u0131 gerektirece\u011fi belirtildi.<\/p>\n<p>A\u00e7\u0131klamada, <em><b>&#8220;Ukrayna, en sorunlu meselelerin \u00e7\u00f6z\u00fcm\u00fc i\u00e7in nihayetinde liderler d\u00fczeyinde bir toplant\u0131 yap\u0131lmas\u0131 gerekti\u011fine inanmaktad\u0131r&#8221;<\/b><\/em> ifadelerine yer verildi.ZELENSKY\u2019DEN \u201cVER\u0130ML\u0130 M\u00dcZAKERE\u201d VURGUSU<\/p>\n<p><strong>KUSHNER VE W\u0130TKOFF \u0130LE TELEFON G\u00d6R\u00dc\u015eMES\u0130 YAPTI<\/strong><\/p>\n<p>Rubio ile g\u00f6r\u00fc\u015fmenin ard\u0131ndan Zelensky, Ukrayna m\u00fczakerelerinde Washington\u2019u temsil eden Ba\u015fkanl\u0131k \u00d6zel Temsilcisi Steve Witkoff ve ABD Ba\u015fkan\u0131 Trump\u2019\u0131n damad\u0131 Jared Kushner ile bir telefon g\u00f6r\u00fc\u015fmesi ger\u00e7ekle\u015ftirdi.<\/p>\n<p>G\u00f6r\u00fc\u015fmede Abu Dabi\u2019de ger\u00e7ekle\u015ftirilen son m\u00fczakereler, \u00f6n\u00fcm\u00fczdeki s\u00fcre\u00e7te yap\u0131lacak g\u00f6r\u00fc\u015fmeler ve Rubio ile g\u00f6r\u00fc\u015fmeye ili\u015fkin konular ele al\u0131nd\u0131.<\/p>\n<p>Ukraynal\u0131 lider, g\u00f6r\u00fc\u015fmenin ard\u0131ndan sosyal medya \u00fczerinden yay\u0131nlad\u0131\u011f\u0131 a\u00e7\u0131klamada, <em><b>&#8220;Her \u015feyi telefon \u00fczerinden payla\u015fmak m\u00fcmk\u00fcn de\u011fil. M\u00fczakere ekibimiz, Ukrayna\u2019n\u0131n pozisyonunu \u00f6n\u00fcm\u00fczdeki hafta sunacak&#8221;<\/b><\/em> dedi.<\/p>\n<p>Zelensky, Amerikan ekibine yap\u0131c\u0131 tav\u0131rlar\u0131ndan \u00f6t\u00fcr\u00fc te\u015fekk\u00fcr etti. Zelensky, M\u00fcnih G\u00fcvenlik Konferans\u0131\u2019nda yapt\u0131\u011f\u0131 konu\u015fmada Ukrayna\u2019n\u0131n bar\u0131\u015f m\u00fczakerelerine olan ba\u011fl\u0131l\u0131\u011f\u0131ndan bahsetmi\u015f fakat Rusya\u2019n\u0131n toprak taleplerinin bar\u0131\u015fa giden yol olmad\u0131\u011f\u0131n\u0131 s\u00f6ylemi\u015fti.<\/p>\n<p>Ukraynal\u0131 lider, konu\u015fmas\u0131n\u0131n ard\u0131ndan gazetecilere yapt\u0131\u011f\u0131 k\u0131sa a\u00e7\u0131klamada ise ABD\u2019nin Ukrayna\u2019ya 15 y\u0131ll\u0131k g\u00fcvenlik garantileri teklif etti\u011fini fakat Ukrayna\u2019n\u0131n daha uzun d\u00f6nemli taahh\u00fctler talep etti\u011fini s\u00f6ylemi\u015fti.<\/p>\n","protected":false},"excerpt":{"rendered":"<p>Ukrayna Devlet Ba\u015fkan\u0131 Zelenskiy, Cenevre\u2019de yap\u0131lmas\u0131 planlanan \u00fc\u00e7l\u00fc bar\u0131\u015f g\u00f6r\u00fc\u015fmeleri \u00f6ncesinde ABD D\u0131\u015fi\u015fleri Bakan\u0131 Marco Rubio ile g\u00f6r\u00fc\u015ft\u00fc<\/p>\n","protected":false},"author":1,"featured_media":44182,"comment_status":"open","ping_status":"open","sticky":false,"template":"","format":"standard","meta":{"footnotes":""},"categories":[6],"tags":[272,1318,2597,198,3391],"class_list":["post-44181","post","type-post","status-publish","format-standard","has-post-thumbnail","hentry","category-dunya","tag-abd","tag-aciklamada","tag-muzakere","tag-ukrayna","tag-zelensky"],"_links":{"self":[{"href":"https:\/\/bihavadis.com\/index.php\/wp-json\/wp\/v2\/posts\/44181","targetHints":{"allow":["GET"]}}],"collection":[{"href":"https:\/\/bihavadis.com\/index.php\/wp-json\/wp\/v2\/posts"}],"about":[{"href":"https:\/\/bihavadis.com\/index.php\/wp-json\/wp\/v2\/types\/post"}],"author":[{"embeddable":true,"href":"https:\/\/bihavadis.com\/index.php\/wp-json\/wp\/v2\/users\/1"}],"replies":[{"embeddable":true,"href":"https:\/\/bihavadis.com\/index.php\/wp-json\/wp\/v2\/comments?post=44181"}],"version-history":[{"count":1,"href":"https:\/\/bihavadis.com\/index.php\/wp-json\/wp\/v2\/posts\/44181\/revisions"}],"predecessor-version":[{"id":44184,"href":"https:\/\/bihavadis.com\/index.php\/wp-json\/wp\/v2\/posts\/44181\/revisions\/44184"}],"wp:featuredmedia":[{"embeddable":true,"href":"https:\/\/bihavadis.com\/index.php\/wp-json\/wp\/v2\/media\/44182"}],"wp:attachment":[{"href":"https:\/\/bihavadis.com\/index.php\/wp-json\/wp\/v2\/media?parent=44181"}],"wp:term":[{"taxonomy":"category","embeddable":true,"href":"https:\/\/bihavadis.com\/index.php\/wp-json\/wp\/v2\/categories?post=44181"},{"taxonomy":"post_tag","embeddable":true,"href":"https:\/\/bihavadis.com\/index.php\/wp-json\/wp\/v2\/tags?post=44181"}],"curies":[{"name":"wp","href":"https:\/\/api.w.org\/{rel}","templated":true}]}}