{"id":44221,"date":"2026-02-23T23:30:06","date_gmt":"2026-02-23T23:30:06","guid":{"rendered":"https:\/\/bihavadis.com\/?p=44221"},"modified":"2026-02-23T23:30:06","modified_gmt":"2026-02-23T23:30:06","slug":"turkiyenin-somaliye-konuslandirdigi-f-16lar-israili-rahatsiz-etti","status":"publish","type":"post","link":"https:\/\/bihavadis.com\/index.php\/2026\/02\/23\/turkiyenin-somaliye-konuslandirdigi-f-16lar-israili-rahatsiz-etti\/","title":{"rendered":"T\u00fcrkiye\u2019nin Somali\u2019ye konu\u015fland\u0131rd\u0131\u011f\u0131 F-16\u2019lar \u0130srail\u2019i rahats\u0131z etti"},"content":{"rendered":"<p>T\u00fcrk Hava Kuvvetlerine ait sava\u015f u\u00e7aklar\u0131, Somali\u2019de y\u00fcr\u00fct\u00fclen ter\u00f6rle m\u00fccadele faaliyetleri \u00e7er\u00e7evesinde Mogadi\u015fu semalar\u0131nda g\u00f6rev u\u00e7u\u015fu ger\u00e7ekle\u015ftirdi.<\/p>\n<p><strong>&#8220;SOMAL\u0130&#8217;N\u0130N TER\u00d6RLE M\u00dcCADELES\u0130NE KATKI SA\u011eLAYACAKTIR&#8221;<\/strong><\/p>\n<p>Milli Savunma Bakanl\u0131\u011f\u0131 (MSB), konuya ili\u015fkin 5 \u015eubat 2026&#8217;da yapt\u0131\u011f\u0131 a\u00e7\u0131klamada a\u00e7\u0131klamas\u0131nda \u015fu ifadeler kullan\u0131ld\u0131:<\/p>\n<p>&#8220;Somali&#8217;de konu\u015flu Somali-T\u00fcrk G\u00f6rev Kuvveti ile Hava Unsur Komutanl\u0131\u011f\u0131, askeri yard\u0131m, e\u011fitim ve dan\u0131\u015fmanl\u0131k faaliyetleriyle Somali&#8217;nin ter\u00f6rle m\u00fccadele kapasitesinin geli\u015ftirilmesine katk\u0131 sunmay\u0131 s\u00fcrd\u00fcrmektedir. Somali&#8217;deki Hava Unsur Komutanl\u0131\u011f\u0131m\u0131z yeni g\u00f6revlendirmelerle g\u00fc\u00e7lendirilmi\u015ftir. Yeni g\u00f6revlendirilen unsurlar\u0131m\u0131z da Somali&#8217;nin ter\u00f6rle m\u00fccadelesine katk\u0131 sa\u011flayacakt\u0131r.&#8221;<\/p>\n<p><img decoding=\"async\" src=\"https:\/\/bihavadis.com\/wp-content\/uploads\/2026\/02\/turkiyenin-somaliye-konuslandirdigi-f-16lar-israili-rahatsiz-etti-0-NArHxWVw.jpg\"\/><\/p>\n<p><strong>\u0130SRA\u0130L&#8217;DE RAHATSIZLIK YARATTI<\/strong><\/p>\n<p>\u0130srailli g\u00fcvenlik analisti\u00a0Shay Gal, T\u00fcrk sava\u015f u\u00e7aklar\u0131n\u0131n Somali&#8217;ye g\u00f6nderilmesinden rahats\u0131z oldu.<\/p>\n<p>A\u00e7\u0131klamas\u0131nda haz\u0131ms\u0131zl\u0131\u011f\u0131n\u0131 dile getiren Shay Gal, <em><b>&#8220;F-16  jeti onlarca y\u0131l Bat\u0131 kontrol\u00fcn\u00fcn bir sembol\u00fcyd\u00fc. Ge\u00e7ti\u011fimiz hafta bu  \u00f6nerme Mogadi\u015fu&#8217;da \u00e7\u00f6kt\u00fc. T\u00fcrkiye &#8216;ter\u00f6rle m\u00fccadele&#8217; ad\u0131 alt\u0131nda  Amerikan men\u015feli F-16&#8217;lar\u0131 Somali&#8217;de u\u00e7urdu.&#8221;<\/b><\/em> dedi.<\/p>\n<p>Washington&#8217;\u0131 ele\u015ftiren Gal a\u00e7\u0131klamas\u0131n\u0131n devam\u0131nda <em><b>&#8220;ABD  kendi hava g\u00fc\u00e7leri i\u00e7in kurallar\u0131 h\u00e2l\u00e2 uyguluyor mu yoksa Ankara,  Amerikan u\u00e7aklar\u0131n\u0131 k\u0131s\u0131tlama olmaks\u0131z\u0131n istedi\u011fi yerde  konu\u015fland\u0131rabilece\u011fini g\u00f6sterdi\u011fi i\u00e7in birtak\u0131m kurallar art\u0131k sadece  ka\u011f\u0131t \u00fczerinde mi kal\u0131yor?&#8221;<\/b><\/em> ifadelerini kulland\u0131.<\/p>\n<p><strong>&#8220;T\u00dcRK\u0130YE, BATI&#8217;NIN SESS\u0130ZL\u0130\u011e\u0130N\u0130 OPERASYONEL B\u0130R YETENEK HAL\u0130NE GET\u0130RD\u0130&#8221;<\/strong><\/p>\n<p>T\u00fcrk F-16&#8217;lar\u0131n\u0131 engelleme hayali kuran Gal son olarak, <em><b>&#8220;F-16  paradoksu, S-400&#8217;den bile daha \u00f6nemli. T\u00fcrkiye, Bat\u0131&#8217;n\u0131n sessizli\u011fini  operasyonel bir yetenek haline getirdi. Mesele art\u0131k F-35&#8217;lere eri\u015fim  de\u011fil, T\u00fcrk F-16&#8217;lar\u0131n\u0131n operasyonel serbestisinin ne kadar h\u0131zl\u0131  bi\u00e7imde engellenebilece\u011fidir.&#8221;<\/b><\/em> dedi.<\/p>\n<p><img decoding=\"async\" src=\"https:\/\/bihavadis.com\/wp-content\/uploads\/2026\/02\/turkiyenin-somaliye-konuslandirdigi-f-16lar-israili-rahatsiz-etti-1-mAl6VNuB.jpg\"\/><\/p>\n<p><strong>SOMAL\u0130&#8217;DEN \u0130SRA\u0130L&#8217;E VETO T\u00dcRK\u0130YE&#8217;YE DESTEK<\/strong><\/p>\n<p>Somali Cumhurba\u015fkan\u0131 Hasan \u015eeyh\u00a0Mahmud, T\u00fcrkiye\u2019nin Somali ordusuna destek amac\u0131yla F-16 sava\u015f u\u00e7aklar\u0131n\u0131 konu\u015fland\u0131rmas\u0131n\u0131n ard\u0131ndan, \u0130srail\u2019e sert tepki g\u00f6stermi\u015fti.<\/p>\n<p>Mahmud, \u0130srail\u2019in Somaliland\u2019i tan\u0131ma karar\u0131n\u0131 <em><b>\u201culuslararas\u0131 hukuka ayk\u0131r\u0131 ve tehlikeli\u201d<\/b><\/em> olarak nitelendirirken, b\u00f6lgede askeri \u00fcs kurma giri\u015fimlerine kar\u015f\u0131 \u00e7\u0131kacaklar\u0131n\u0131 vurgulam\u0131\u015ft\u0131.<\/p>\n","protected":false},"excerpt":{"rendered":"<p>T\u00fcrkiye\u2019nin ter\u00f6rle m\u00fccadele kapsam\u0131nda Somali\u2019ye F-16 sava\u015f u\u00e7aklar\u0131 g\u00f6ndermesi, \u0130srail\u2019de tedirginlik yaratt\u0131.<\/p>\n","protected":false},"author":1,"featured_media":44222,"comment_status":"open","ping_status":"open","sticky":false,"template":"","format":"standard","meta":{"footnotes":""},"categories":[6],"tags":[3790,849,5973,517],"class_list":["post-44221","post","type-post","status-publish","format-standard","has-post-thumbnail","hentry","category-dunya","tag-f-16","tag-somali","tag-terorle-mucadele","tag-turk"],"_links":{"self":[{"href":"https:\/\/bihavadis.com\/index.php\/wp-json\/wp\/v2\/posts\/44221","targetHints":{"allow":["GET"]}}],"collection":[{"href":"https:\/\/bihavadis.com\/index.php\/wp-json\/wp\/v2\/posts"}],"about":[{"href":"https:\/\/bihavadis.com\/index.php\/wp-json\/wp\/v2\/types\/post"}],"author":[{"embeddable":true,"href":"https:\/\/bihavadis.com\/index.php\/wp-json\/wp\/v2\/users\/1"}],"replies":[{"embeddable":true,"href":"https:\/\/bihavadis.com\/index.php\/wp-json\/wp\/v2\/comments?post=44221"}],"version-history":[{"count":1,"href":"https:\/\/bihavadis.com\/index.php\/wp-json\/wp\/v2\/posts\/44221\/revisions"}],"predecessor-version":[{"id":44225,"href":"https:\/\/bihavadis.com\/index.php\/wp-json\/wp\/v2\/posts\/44221\/revisions\/44225"}],"wp:featuredmedia":[{"embeddable":true,"href":"https:\/\/bihavadis.com\/index.php\/wp-json\/wp\/v2\/media\/44222"}],"wp:attachment":[{"href":"https:\/\/bihavadis.com\/index.php\/wp-json\/wp\/v2\/media?parent=44221"}],"wp:term":[{"taxonomy":"category","embeddable":true,"href":"https:\/\/bihavadis.com\/index.php\/wp-json\/wp\/v2\/categories?post=44221"},{"taxonomy":"post_tag","embeddable":true,"href":"https:\/\/bihavadis.com\/index.php\/wp-json\/wp\/v2\/tags?post=44221"}],"curies":[{"name":"wp","href":"https:\/\/api.w.org\/{rel}","templated":true}]}}