{"id":44226,"date":"2026-02-23T23:33:37","date_gmt":"2026-02-23T23:33:37","guid":{"rendered":"https:\/\/bihavadis.com\/?p=44226"},"modified":"2026-02-23T23:33:37","modified_gmt":"2026-02-23T23:33:37","slug":"epstein-iliskisi-eski-prensese-pahaliya-patladi-yardim-kurulusu-kapaniyor","status":"publish","type":"post","link":"https:\/\/bihavadis.com\/index.php\/2026\/02\/23\/epstein-iliskisi-eski-prensese-pahaliya-patladi-yardim-kurulusu-kapaniyor\/","title":{"rendered":"Epstein ili\u015fkisi eski prensese pahal\u0131ya patlad\u0131: Yard\u0131m kurulu\u015fu kapan\u0131yor"},"content":{"rendered":"<p>Son yay\u0131nlanan Jeffrey Epstein dosyalar\u0131, \u0130ngiliz Kraliyet ailesinin eski York D\u00fc\u015fesi Sarah Ferguson&#8217;\u0131 hedefe koydu. Epstein dosyalar\u0131 nedeniyle prenslik unvan\u0131 al\u0131nan Andrew&#8217;un eski e\u015fi olan Ferguson&#8217;un, Epstein ile aras\u0131ndaki samimiyetin boyutlar\u0131n\u0131 g\u00f6zler \u00f6n\u00fcne seren belgelerin ard\u0131ndan, D\u00fc\u015fes&#8217;in uluslararas\u0131 yard\u0131m kurulu\u015fu &#8220;Sarah&#8217;s Trust&#8221; kap\u0131lar\u0131n\u0131 kapatma karar\u0131 ald\u0131.<\/p>\n<div>\n<figure><img decoding=\"async\" src=\"https:\/\/bihavadis.com\/wp-content\/uploads\/2026\/02\/epstein-iliskisi-eski-prensese-pahaliya-patladi-yardim-kurulusu-kapaniyor-0-MvUY4qQ8.jpg\"\/><\/figure>\n<\/div>\n<p><b>&#8220;D\u0130LED\u0130\u011e\u0130M O KARDE\u015e SENS\u0130N&#8221;<\/b><\/p>\n<p>ABD Adalet Bakanl\u0131\u011f\u0131 taraf\u0131ndan yay\u0131nlanan yakla\u015f\u0131k 3 milyon sayfal\u0131k yeni ar\u015fivde, Ferguson&#8217;\u0131n Epstein&#8217;e y\u00f6nelik \u015fok edici ifadeleri yer al\u0131yor. <\/p>\n<p>Belgelerdeki bir e-postada Ferguson&#8217;\u0131n, \u00e7ocuk istismarc\u0131s\u0131 Epstein&#8217;e &#8220;Her zaman sahip olmay\u0131 diledi\u011fim erkek karde\u015f sensin&#8221; dedi\u011fi ve ona &#8220;Sevgili, muhte\u015fem ve \u00f6zel arkada\u015f\u0131m Jeffrey&#8221; diye hitap etti\u011fi ortaya \u00e7\u0131kt\u0131. <\/p>\n<p>Ferguson ayr\u0131ca Epstein&#8217;i bir &#8220;efsane&#8221; olarak nitelendirerek onunla gurur duydu\u011funu belirtmi\u015f.<\/p>\n<p>Bu samimiyet eski D\u00fc\u015fes&#8217;e pahal\u0131ya patlad\u0131. Fergosun&#8217;un kurdu\u011fu yard\u0131m kurulu\u015fu &#8220;Sarah&#8217;s Trust&#8221; kap\u0131lar\u0131n\u0131 kapatma karar\u0131 ald\u0131.<\/p>\n<p><b>SKANDALIN ARDINDAN &#8220;BEL\u0130RS\u0130Z S\u00dcREL\u0130&#8221; KAPANI\u015e <\/b><\/p>\n<p>Sarah&#8217;s Trust vakf\u0131ndan yap\u0131lan a\u00e7\u0131klamada, m\u00fctevelli heyetinin vakf\u0131 &#8220;belirsiz bir s\u00fcre i\u00e7in&#8221; kapatma karar\u0131 ald\u0131\u011f\u0131 duyuruldu. Her ne kadar s\u00f6zc\u00fc bu karar\u0131n birka\u00e7 ayd\u0131r g\u00f6r\u00fc\u015f\u00fcld\u00fc\u011f\u00fcn\u00fc iddia etse de, zamanlaman\u0131n Epstein dosyalar\u0131n\u0131n patlak vermesiyle \u00f6rt\u00fc\u015fmesi dikkat \u00e7ekti. Vak\u0131f, bug\u00fcne kadar 20 \u00fclkede e\u011fitim ve sa\u011fl\u0131k projeleri y\u00fcr\u00fctt\u00fc\u011f\u00fcn\u00fc belirterek veda etti.<\/p>\n<div>\n<figure><img decoding=\"async\" src=\"https:\/\/bihavadis.com\/wp-content\/uploads\/2026\/02\/epstein-iliskisi-eski-prensese-pahaliya-patladi-yardim-kurulusu-kapaniyor-1-ZjxzqvEi.jpg\"\/><\/figure>\n<\/div>\n<p><b>&#8220;G\u0130ZL\u0130 BEBEK VE ANDREW&#8221; \u0130T\u0130RAFI<\/b><\/p>\n<p>Dosyalardaki en ilgin\u00e7 ayr\u0131nt\u0131lardan biri de Ferguson&#8217;\u0131n Epstein&#8217;e g\u00f6nderdi\u011fi 2011 tarihli bir e-posta oldu. Ferguson&#8217;\u0131n bu mesajda, &#8220;D\u00fck&#8217;ten (Prens Andrew) bir erkek bebe\u011finiz oldu\u011funu duydum&#8221; yazarak Epstein&#8217;\u0131n gizli bir \u00e7ocu\u011fu olabilece\u011fine dair imada bulundu\u011fu g\u00f6r\u00fcld\u00fc. <\/p>\n<p>Bir ba\u015fka yaz\u0131\u015fmada ise Ferguson, Epstein&#8217;e k\u0131zg\u0131nl\u0131\u011f\u0131n\u0131 dile getirerek, onun kendisiyle sadece eski e\u015fi Prens Andrew&#8217;a ula\u015fmak i\u00e7in arkada\u015f oldu\u011funu anlad\u0131\u011f\u0131n\u0131 ve bu durumun onu &#8220;derinden yaralad\u0131\u011f\u0131n\u0131&#8221; ifade ediyor.<\/p>\n<p><b>KURUMLAR \u0130L\u0130\u015eK\u0130S\u0130N\u0130 B\u0130RER B\u0130RER KEST\u0130 <\/b><\/p>\n<p>The Guardian&#8217;\u0131n haberine g\u00f6re, Ferguson&#8217;\u0131n Epstein ile olan karanl\u0131k ge\u00e7mi\u015fi sadece kendi vakf\u0131n\u0131 de\u011fil, himaye etti\u011fi di\u011fer kurumlar\u0131 da vurdu. Aralar\u0131nda Teenage Cancer Trust&#8217;\u0131n da bulundu\u011fu yedi b\u00fcy\u00fck hay\u0131r kurumu, Ferguson&#8217;\u0131n Epstein ba\u011flant\u0131lar\u0131 nedeniyle D\u00fc\u015fes ile olan t\u00fcm ba\u011flar\u0131n\u0131 kesti\u011fini ve himaye kararlar\u0131n\u0131 iptal etti\u011fini duyurdu.<\/p>\n<p><b>&#8220;P\u0130\u015eMANIM&#8221; SAVUNMASI YETMED\u0130<\/b><\/p>\n<p>Ferguson&#8217;\u0131n s\u00f6zc\u00fcs\u00fc daha \u00f6nce yapt\u0131\u011f\u0131 a\u00e7\u0131klamalarda, D\u00fc\u015fes&#8217;in Epstein ile ili\u015fkisinden dolay\u0131 &#8220;derin pi\u015fmanl\u0131k&#8221; duydu\u011funu ve onu kamuoyu \u00f6n\u00fcnde k\u0131namaktan hi\u00e7bir zaman vazge\u00e7medi\u011fini belirtmi\u015fti. Ancak son \u00e7\u0131kan belgeler, Ferguson&#8217;\u0131n ge\u00e7mi\u015fte kendi markas\u0131n\u0131 korumak i\u00e7in stratejik hamleler yapt\u0131\u011f\u0131n\u0131 ve Epstein ile olan dostlu\u011funu uzun s\u00fcre &#8220;\u00f6zel&#8221; tuttu\u011funu kan\u0131tlar nitelikte.<\/p>\n","protected":false},"excerpt":{"rendered":"<p>Jeffrey Epstein dosyalar\u0131ndaki yeni if\u015faatlar, \u0130ngiliz Kraliyet ailesinin eski \u00fcyesi Sarah Ferguson&#8217;\u0131 sars\u0131yor. Unvanlar\u0131 elinden al\u0131nan Prens Andrew&#8217;un eski e\u015fi olan Ferguson&#8217;\u0131n, \u00e7ocuk istismarc\u0131s\u0131 Epstein&#8217;e &#8220;Diledi\u011fim erkek karde\u015f sensin&#8221; dedi\u011fi yaz\u0131\u015fmalar\u0131n ortaya \u00e7\u0131kmas\u0131 barda\u011f\u0131 ta\u015f\u0131rd\u0131. Skandal\u0131n ard\u0131ndan D\u00fc\u015fes&#8217;in yard\u0131m kurulu\u015fu kap\u0131lar\u0131n\u0131 kapatma karar\u0131 ald\u0131. Ayr\u0131ca yedi b\u00fcy\u00fck hay\u0131r kurumu, Ferguson&#8217;\u0131n Epstein ba\u011flant\u0131lar\u0131 nedeniyle D\u00fc\u015fes ile olan t\u00fcm ba\u011flar\u0131n\u0131 kesti.<\/p>\n","protected":false},"author":1,"featured_media":44227,"comment_status":"open","ping_status":"open","sticky":false,"template":"","format":"standard","meta":{"footnotes":""},"categories":[6],"tags":[5974,2183],"class_list":["post-44226","post","type-post","status-publish","format-standard","has-post-thumbnail","hentry","category-dunya","tag-duses","tag-epstein"],"_links":{"self":[{"href":"https:\/\/bihavadis.com\/index.php\/wp-json\/wp\/v2\/posts\/44226","targetHints":{"allow":["GET"]}}],"collection":[{"href":"https:\/\/bihavadis.com\/index.php\/wp-json\/wp\/v2\/posts"}],"about":[{"href":"https:\/\/bihavadis.com\/index.php\/wp-json\/wp\/v2\/types\/post"}],"author":[{"embeddable":true,"href":"https:\/\/bihavadis.com\/index.php\/wp-json\/wp\/v2\/users\/1"}],"replies":[{"embeddable":true,"href":"https:\/\/bihavadis.com\/index.php\/wp-json\/wp\/v2\/comments?post=44226"}],"version-history":[{"count":1,"href":"https:\/\/bihavadis.com\/index.php\/wp-json\/wp\/v2\/posts\/44226\/revisions"}],"predecessor-version":[{"id":44230,"href":"https:\/\/bihavadis.com\/index.php\/wp-json\/wp\/v2\/posts\/44226\/revisions\/44230"}],"wp:featuredmedia":[{"embeddable":true,"href":"https:\/\/bihavadis.com\/index.php\/wp-json\/wp\/v2\/media\/44227"}],"wp:attachment":[{"href":"https:\/\/bihavadis.com\/index.php\/wp-json\/wp\/v2\/media?parent=44226"}],"wp:term":[{"taxonomy":"category","embeddable":true,"href":"https:\/\/bihavadis.com\/index.php\/wp-json\/wp\/v2\/categories?post=44226"},{"taxonomy":"post_tag","embeddable":true,"href":"https:\/\/bihavadis.com\/index.php\/wp-json\/wp\/v2\/tags?post=44226"}],"curies":[{"name":"wp","href":"https:\/\/api.w.org\/{rel}","templated":true}]}}