{"id":44276,"date":"2026-02-24T00:12:07","date_gmt":"2026-02-24T00:12:07","guid":{"rendered":"https:\/\/bihavadis.com\/?p=44276"},"modified":"2026-02-24T00:12:07","modified_gmt":"2026-02-24T00:12:07","slug":"barack-obama-uzaylilar-gercek-ama-onlari-hic-gormedim","status":"publish","type":"post","link":"https:\/\/bihavadis.com\/index.php\/2026\/02\/24\/barack-obama-uzaylilar-gercek-ama-onlari-hic-gormedim\/","title":{"rendered":"Barack Obama: Uzayl\u0131lar ger\u00e7ek ama onlar\u0131 hi\u00e7 g\u00f6rmedim"},"content":{"rendered":"<p>D\u00fcnyay\u0131 heyecanland\u0131ran a\u00e7\u0131klama&#8230;<\/p>\n<p>ABD tarihindeki ilk siyahi devlet ba\u015fkan\u0131 olan\u00a0Barack Obama,\u00a0<span>\u00a0<\/span>Brian Tyler Cohen ile yapt\u0131\u011f\u0131 &#8220;No Lie&#8221; podcast program\u0131nda a\u00e7\u0131klamalarda bulundu.\u00a0<\/p>\n<p>ABD&#8217;nin siyasi g\u00fcndeminin de\u011ferlendiren Obama, uzayl\u0131lar hakk\u0131nda da konu\u015ftu.\u00a0<\/p>\n<p><strong>&#8220;UZAYLILAR GER\u00c7EK AMA ONLARI H\u0130\u00c7 G\u00d6RMED\u0130M&#8221;<\/strong><\/p>\n<p>Herkesin kafas\u0131nda yer edinen\u00a0<em><b>&#8216;Evrende yaln\u0131z m\u0131y\u0131z&#8217;<\/b><\/em> sorusu hakk\u0131nda konu\u015fan Obama, bu konuda kendi ki\u015fisel fikrini a\u00e7\u0131klad\u0131.\u00a0<\/p>\n<p>Eski ABD Ba\u015fkan\u0131, <em><b>&#8220;Uzayl\u0131lar ger\u00e7ek ama onlar\u0131 hi\u00e7 g\u00f6rmedim.&#8221;<\/b><\/em> dedi.\u00a0<\/p>\n<p><img decoding=\"async\" src=\"https:\/\/bihavadis.com\/wp-content\/uploads\/2026\/02\/barack-obama-uzaylilar-gercek-ama-onlari-hic-gormedim-0-MJLbTepM.jpg\"\/><\/p>\n<p><strong>&#8220;B\u00d6YLE B\u0130R TES\u0130S VARSA ABD BA\u015eKANINDAN SAKLANMI\u015eTIR&#8221;<\/strong><\/p>\n<p>Baz\u0131 komplo teorileri hakk\u0131nda da konu\u015fan Obama, ABD&#8217;de bununla ilgili gizli bir \u00e7al\u0131\u015fma olmad\u0131\u011f\u0131n\u0131 belirterek \u015funlar\u0131 kaydetti:<\/p>\n<p>51&#8217;inci b\u00f6lgede tutulmuyorlar. Devasa bir komplo yoksa yer alt\u0131nda bir tesis yok. <\/p>\n<p>B\u00f6yle bir tesis varsa bunu ABD ba\u015fkan\u0131ndan saklam\u0131\u015flar demektir.<\/p>\n<p><img decoding=\"async\" src=\"https:\/\/bihavadis.com\/wp-content\/uploads\/2026\/02\/barack-obama-uzaylilar-gercek-ama-onlari-hic-gormedim-1-eWRjJrtc.jpg\"\/><\/p>\n<p><strong>51&#8217;\u0130NC\u0130 B\u00d6LGE HAKKINDAK\u0130 \u0130DD\u0130ALAR<\/strong><\/p>\n<p>ABD\u2019nin Nevada eyaletinde bulunan ve ABD Hava Kuvvetleri taraf\u0131ndan kullan\u0131lan y\u00fcksek g\u00fcvenlikli bir askeri tesis.\u00a0<\/p>\n<p>Tesisin, \u00f6zellikle deneysel sava\u015f u\u00e7aklar\u0131 ve havac\u0131l\u0131k teknolojilerinin test edildi\u011fi gizli bir merkez oldu\u011fu biliniyor.\u00a0<\/p>\n<p>Kamuoyunda ise b\u00f6lgede uzayl\u0131lar\u0131n tutuldu\u011fu, d\u00fc\u015fen UFO\u2019lar\u0131n burada incelendi\u011fi ve d\u00fcnya d\u0131\u015f\u0131 teknolojilerin test edildi\u011fi y\u00f6n\u00fcnde \u00e7e\u015fitli iddialar g\u00fcndeme geliyor.\u00a0<\/p>\n<p>ABD y\u00f6netimi bu t\u00fcr teorileri reddederken, tesisin uzun y\u0131llar resm\u00ee olarak varl\u0131\u011f\u0131n\u0131n dahi kabul edilmemesi komplo teorilerinin g\u00fc\u00e7 kazanmas\u0131na yol a\u00e7t\u0131.\u00a0<\/p>\n<p><img decoding=\"async\" src=\"https:\/\/bihavadis.com\/wp-content\/uploads\/2026\/02\/barack-obama-uzaylilar-gercek-ama-onlari-hic-gormedim-2-MjtwCKCW.jpg\"\/><\/p>\n","protected":false},"excerpt":{"rendered":"<p>Kat\u0131ld\u0131\u011f\u0131 bir podcast program\u0131nda a\u00e7\u0131klamalarda bulunan eski ABD Ba\u015fkan\u0131 Barack Obama, uzayl\u0131lar\u0131n var oldu\u011funa inand\u0131\u011f\u0131n\u0131 belirtirken komplo teorilerinin aksine 51&#8217;inci b\u00f6lgede bununla ilgili bir \u00e7al\u0131\u015fma olmad\u0131\u011f\u0131n\u0131 s\u00f6yledi.<\/p>\n","protected":false},"author":1,"featured_media":44277,"comment_status":"open","ping_status":"open","sticky":false,"template":"","format":"standard","meta":{"footnotes":""},"categories":[6],"tags":[272,1976],"class_list":["post-44276","post","type-post","status-publish","format-standard","has-post-thumbnail","hentry","category-dunya","tag-abd","tag-tesis"],"_links":{"self":[{"href":"https:\/\/bihavadis.com\/index.php\/wp-json\/wp\/v2\/posts\/44276","targetHints":{"allow":["GET"]}}],"collection":[{"href":"https:\/\/bihavadis.com\/index.php\/wp-json\/wp\/v2\/posts"}],"about":[{"href":"https:\/\/bihavadis.com\/index.php\/wp-json\/wp\/v2\/types\/post"}],"author":[{"embeddable":true,"href":"https:\/\/bihavadis.com\/index.php\/wp-json\/wp\/v2\/users\/1"}],"replies":[{"embeddable":true,"href":"https:\/\/bihavadis.com\/index.php\/wp-json\/wp\/v2\/comments?post=44276"}],"version-history":[{"count":1,"href":"https:\/\/bihavadis.com\/index.php\/wp-json\/wp\/v2\/posts\/44276\/revisions"}],"predecessor-version":[{"id":44281,"href":"https:\/\/bihavadis.com\/index.php\/wp-json\/wp\/v2\/posts\/44276\/revisions\/44281"}],"wp:featuredmedia":[{"embeddable":true,"href":"https:\/\/bihavadis.com\/index.php\/wp-json\/wp\/v2\/media\/44277"}],"wp:attachment":[{"href":"https:\/\/bihavadis.com\/index.php\/wp-json\/wp\/v2\/media?parent=44276"}],"wp:term":[{"taxonomy":"category","embeddable":true,"href":"https:\/\/bihavadis.com\/index.php\/wp-json\/wp\/v2\/categories?post=44276"},{"taxonomy":"post_tag","embeddable":true,"href":"https:\/\/bihavadis.com\/index.php\/wp-json\/wp\/v2\/tags?post=44276"}],"curies":[{"name":"wp","href":"https:\/\/api.w.org\/{rel}","templated":true}]}}