{"id":44327,"date":"2026-02-24T00:45:09","date_gmt":"2026-02-24T00:45:09","guid":{"rendered":"https:\/\/bihavadis.com\/?p=44327"},"modified":"2026-02-24T00:45:09","modified_gmt":"2026-02-24T00:45:09","slug":"duhok-kitap-fuari-acildi","status":"publish","type":"post","link":"https:\/\/bihavadis.com\/index.php\/2026\/02\/24\/duhok-kitap-fuari-acildi\/","title":{"rendered":"Duhok Kitap Fuar\u0131 A\u00e7\u0131ld\u0131"},"content":{"rendered":"<p> Irak&#8217;\u0131n Duhok kentinde bu y\u0131l 9&#8217;uncusu d\u00fczenlenen Duhok Kitap Fuar\u0131 ziyarete a\u00e7\u0131ld\u0131.<\/p>\n<p>Duhok \u00dcniversitesi&#8217;nde a\u00e7\u0131lan fuara bu y\u0131l 21 yay\u0131nevi ve kitabevi, 8 bini a\u015fk\u0131n kitapla kat\u0131l\u0131yor.<\/p>\n<p>Duhok Medya ve Yay\u0131nc\u0131l\u0131k Fuar\u0131 Sorumlusu Halil Abdulgafur AA muhabirine yapt\u0131\u011f\u0131 a\u00e7\u0131klamada, fuar\u0131n a\u00e7\u0131l\u0131\u015f\u0131ndan itibaren yo\u011fun ilgi g\u00f6rd\u00fc\u011f\u00fcn\u00fc belirtti.<\/p>\n<p>Okuyucuyu kitaplarla bulu\u015fturduklar\u0131n\u0131 s\u00f6yleyen Abdulgafur, &#8220;Amac\u0131m\u0131z, \u00f6zellikle e\u011fitim kurumlar\u0131nda okuma k\u00fclt\u00fcr\u00fcn\u00fc te\u015fvik etmek ve okuyucular\u0131n yeni kaynaklara ula\u015fmas\u0131n\u0131 sa\u011flamakt\u0131r.&#8221; dedi.<\/p>\n<p>Fuara kat\u0131lan yay\u0131nc\u0131lardan Revan Badi de okuyucular\u0131n farkl\u0131 alanlarda kitaplara ilgi g\u00f6sterdi\u011fini belirterek, &#8220;Okuyucular her alana ilgi g\u00f6steriyor, ancak \u015fu anda edebi ve dini konulardaki kitaplara b\u00fcy\u00fck bir talep var.&#8221; diye konu\u015ftu.<\/p>\n<p>Badi, Duhoklu okuyucular\u0131n son zamanlarda psikoloji kitaplar\u0131na da y\u00f6neldi\u011fini kaydederek geli\u015fim ve tarih aln\u0131ndaki kitaplar\u0131n da bir okuyucu kitlesinin olu\u015ftu\u011funu s\u00f6yledi.<\/p>\n<p>Bug\u00fcn a\u00e7\u0131l\u0131\u015f\u0131 yap\u0131lan 9. Duhok Kitap Fuar\u0131 6 \u015eubat&#8217;a kadar ziyaret\u00e7ilerini a\u011f\u0131rlamaya devam edecek.<\/p>\n","protected":false},"excerpt":{"rendered":"<p>Duhok&#8217;ta 9. kez d\u00fczenlenen kitap fuar\u0131nda 21 yay\u0131nevi 8 binden fazla kitapla yer al\u0131yor.<\/p>\n","protected":false},"author":1,"featured_media":44328,"comment_status":"open","ping_status":"open","sticky":false,"template":"","format":"standard","meta":{"footnotes":""},"categories":[9,4,13],"tags":[5979,1517,5978],"class_list":["post-44327","post","type-post","status-publish","format-standard","has-post-thumbnail","hentry","category-genel","category-gundem","category-son-dakika","tag-duhok","tag-kitap","tag-okuyucu"],"_links":{"self":[{"href":"https:\/\/bihavadis.com\/index.php\/wp-json\/wp\/v2\/posts\/44327","targetHints":{"allow":["GET"]}}],"collection":[{"href":"https:\/\/bihavadis.com\/index.php\/wp-json\/wp\/v2\/posts"}],"about":[{"href":"https:\/\/bihavadis.com\/index.php\/wp-json\/wp\/v2\/types\/post"}],"author":[{"embeddable":true,"href":"https:\/\/bihavadis.com\/index.php\/wp-json\/wp\/v2\/users\/1"}],"replies":[{"embeddable":true,"href":"https:\/\/bihavadis.com\/index.php\/wp-json\/wp\/v2\/comments?post=44327"}],"version-history":[{"count":1,"href":"https:\/\/bihavadis.com\/index.php\/wp-json\/wp\/v2\/posts\/44327\/revisions"}],"predecessor-version":[{"id":44329,"href":"https:\/\/bihavadis.com\/index.php\/wp-json\/wp\/v2\/posts\/44327\/revisions\/44329"}],"wp:featuredmedia":[{"embeddable":true,"href":"https:\/\/bihavadis.com\/index.php\/wp-json\/wp\/v2\/media\/44328"}],"wp:attachment":[{"href":"https:\/\/bihavadis.com\/index.php\/wp-json\/wp\/v2\/media?parent=44327"}],"wp:term":[{"taxonomy":"category","embeddable":true,"href":"https:\/\/bihavadis.com\/index.php\/wp-json\/wp\/v2\/categories?post=44327"},{"taxonomy":"post_tag","embeddable":true,"href":"https:\/\/bihavadis.com\/index.php\/wp-json\/wp\/v2\/tags?post=44327"}],"curies":[{"name":"wp","href":"https:\/\/api.w.org\/{rel}","templated":true}]}}