{"id":44330,"date":"2026-02-24T00:48:07","date_gmt":"2026-02-24T00:48:07","guid":{"rendered":"https:\/\/bihavadis.com\/?p=44330"},"modified":"2026-02-24T00:48:07","modified_gmt":"2026-02-24T00:48:07","slug":"suriye-disisleri-bakani-seybani-entegrasyon-sureci-halkin-cikarlari-dogrultusunda-ilerliyor","status":"publish","type":"post","link":"https:\/\/bihavadis.com\/index.php\/2026\/02\/24\/suriye-disisleri-bakani-seybani-entegrasyon-sureci-halkin-cikarlari-dogrultusunda-ilerliyor\/","title":{"rendered":"Suriye D\u0131\u015fi\u015fleri Bakan\u0131 \u015eeybani: Entegrasyon s\u00fcreci halk\u0131n \u00e7\u0131karlar\u0131 do\u011frultusunda ilerliyor"},"content":{"rendered":"<p>Suriye D\u0131\u015fi\u015fleri Bakan\u0131 Esad Hasan \u015eeybani, Almanya&#8217;da d\u00fczenlenen M\u00fcnih G\u00fcvenlik Konferans\u0131&#8217;n\u0131n <em><b>\u201cBir Arada Kalmak M\u00fcmk\u00fcn m\u00fc? Suriye\u2019nin Devrim Sonras\u0131 Gelece\u011fi&#8221;<\/b><\/em> ba\u015fl\u0131kl\u0131 oturumda g\u00fcndeme dair de\u011ferlendirmelerde bulundu.<\/p>\n<p>Suriye&#8217;deki son geli\u015fmelere i\u015faret eden \u015eeybani, Esed rejimin devrilmesinden sonra bir\u00e7ok zorlukla kar\u015f\u0131 kar\u015f\u0131ya kald\u0131klar\u0131n\u0131 ancak bunlarla m\u00fccadele ettiklerini belirtti.<\/p>\n<p><strong>&#8220;SDG&#8217;Y\u0130 D\u00dc\u015eMAN OLARAK G\u00d6RM\u00dcYORUZ&#8221;<\/strong><\/p>\n<p><em><b>\u201cSDG&#8217;yi d\u00fc\u015fman olarak g\u00f6rmediklerini\u201d<\/b><\/em> s\u00f6yleyen \u015eeybani, onlar\u0131n <em><b>&#8220;ulusal kimlik \u00e7er\u00e7evesinde \u00e7al\u0131\u015fabilen ortaklar oldu\u011funu&#8221; <\/b><\/em>ifade etti.<\/p>\n<p>Bakan \u015eeybani, ter\u00f6r \u00f6rg\u00fct\u00fc YPG ile y\u00fcr\u00fct\u00fclen entegrasyon s\u00fcrecinin Suriye halk\u0131n\u0131n \u00e7\u0131karlar\u0131 do\u011frultunda y\u00fcr\u00fct\u00fcld\u00fc\u011f\u00fcn\u00fc dile getirdi.<\/p>\n<p><strong>&#8220;UYGULANAN POL\u0130T\u0130KADAN SON DERECE MEMNUNUZ&#8221;<\/strong><\/p>\n<p>\u015eeybani, <em><b>\u201cGeli\u015ftirilen s\u00f6z konusu yakla\u015f\u0131m hem ABD hem de T\u00fcrkiye taraf\u0131ndan onaylanm\u0131\u015ft\u0131. Bu konuda olduk\u00e7a kendimize g\u00fcveniyoruz ve uygulanan politikadan son derece memnunuz.&#8221; <\/b><\/em>dedi.<\/p>\n<p>Entegrasyon s\u00fcrecini Suriye&#8217;nin gelece\u011fi i\u00e7in garanti olarak d\u00fc\u015f\u00fcnd\u00fcklerini kaydeden \u015eeybani,<em><b> &#8220;\u0130zlenen politikan\u0131n Suriye\u2019nin gelece\u011fi a\u00e7\u0131s\u0131ndan da bir garanti niteli\u011fi ta\u015f\u0131d\u0131\u011f\u0131n\u0131 d\u00fc\u015f\u00fcn\u00fcyoruz.&#8221; <\/b><\/em>\u015feklinde konu\u015ftu.<\/p>\n<p><img decoding=\"async\" src=\"https:\/\/bihavadis.com\/wp-content\/uploads\/2026\/02\/suriye-disisleri-bakani-seybani-entegrasyon-sureci-halkin-cikarlari-dogrultusunda-ilerliyor-0-pBzn2RCP.jpg\"\/><\/p>\n","protected":false},"excerpt":{"rendered":"<p>Suriye&#8217;deki entegrasyon s\u00fcrecinin halk\u0131n \u00e7\u0131karlar\u0131 do\u011frultusunda y\u00fcr\u00fcd\u00fc\u011f\u00fcn\u00fc s\u00f6yleyen D\u0131\u015fi\u015fleri Bakan\u0131 Esad Hasan \u015eeybani, SDG&#8217;nin ulusal kimlik \u00e7er\u00e7evesinde \u00e7al\u0131\u015f\u0131labilen ortaklar oldu\u011funu belirtti.<\/p>\n","protected":false},"author":1,"featured_media":44331,"comment_status":"open","ping_status":"open","sticky":false,"template":"","format":"standard","meta":{"footnotes":""},"categories":[6],"tags":[5949,361],"class_list":["post-44330","post","type-post","status-publish","format-standard","has-post-thumbnail","hentry","category-dunya","tag-seybani","tag-suriye"],"_links":{"self":[{"href":"https:\/\/bihavadis.com\/index.php\/wp-json\/wp\/v2\/posts\/44330","targetHints":{"allow":["GET"]}}],"collection":[{"href":"https:\/\/bihavadis.com\/index.php\/wp-json\/wp\/v2\/posts"}],"about":[{"href":"https:\/\/bihavadis.com\/index.php\/wp-json\/wp\/v2\/types\/post"}],"author":[{"embeddable":true,"href":"https:\/\/bihavadis.com\/index.php\/wp-json\/wp\/v2\/users\/1"}],"replies":[{"embeddable":true,"href":"https:\/\/bihavadis.com\/index.php\/wp-json\/wp\/v2\/comments?post=44330"}],"version-history":[{"count":1,"href":"https:\/\/bihavadis.com\/index.php\/wp-json\/wp\/v2\/posts\/44330\/revisions"}],"predecessor-version":[{"id":44333,"href":"https:\/\/bihavadis.com\/index.php\/wp-json\/wp\/v2\/posts\/44330\/revisions\/44333"}],"wp:featuredmedia":[{"embeddable":true,"href":"https:\/\/bihavadis.com\/index.php\/wp-json\/wp\/v2\/media\/44331"}],"wp:attachment":[{"href":"https:\/\/bihavadis.com\/index.php\/wp-json\/wp\/v2\/media?parent=44330"}],"wp:term":[{"taxonomy":"category","embeddable":true,"href":"https:\/\/bihavadis.com\/index.php\/wp-json\/wp\/v2\/categories?post=44330"},{"taxonomy":"post_tag","embeddable":true,"href":"https:\/\/bihavadis.com\/index.php\/wp-json\/wp\/v2\/tags?post=44330"}],"curies":[{"name":"wp","href":"https:\/\/api.w.org\/{rel}","templated":true}]}}