{"id":44394,"date":"2026-02-24T01:33:36","date_gmt":"2026-02-24T01:33:36","guid":{"rendered":"https:\/\/bihavadis.com\/?p=44394"},"modified":"2026-02-24T01:33:36","modified_gmt":"2026-02-24T01:33:36","slug":"super-ligde-disiplin-sevki","status":"publish","type":"post","link":"https:\/\/bihavadis.com\/index.php\/2026\/02\/24\/super-ligde-disiplin-sevki\/","title":{"rendered":"S\u00fcper Lig&#8217;de Disiplin Sevki"},"content":{"rendered":"<p>Trendyol S\u00fcper Lig&#8217;den 9 kul\u00fcb\u00fcn yan\u0131 s\u0131ra Fenerbah\u00e7eli futbolcu Milan Skriniar &#8216;hakareti&#8217;, Be\u015fikta\u015f&#8217;ta k\u0131rm\u0131z\u0131 kart g\u00f6ren Kristjan Asllani ise kural d\u0131\u015f\u0131 hareketi nedeniyle Profesyonel Futbol Disiplin Kurulu&#8217;na (PFDK) sevk edildi.<\/p>\n<p>TFF Hukuk M\u00fc\u015favirli\u011fi, Profesyonel Futbol Disiplin Kurulu&#8217;na sevk edilen tak\u0131mlar ve ki\u015fileri a\u00e7\u0131klad\u0131. Buna g\u00f6re, S\u00fcper Lig&#8217;in 20. haftas\u0131nda oynanan kar\u015f\u0131la\u015fmalar sonras\u0131 disiplin raporlar\u0131 \u015f\u00f6yle: <\/p>\n<p>Antalyaspor Kul\u00fcb\u00fc&#8217;n\u00fcn 30.01.2026 tarihinde oynanan Antalyaspor-Trabzonspor m\u00fcsabakas\u0131ndaki &#8216;saha olaylar\u0131&#8217; nedeniyle Futbol Disiplin Talimat\u0131&#8217;n\u0131n 52. maddesi uyar\u0131nca ve &#8216;talimatlara ayk\u0131r\u0131 hareketi&#8217; nedeniyle Futbol Disiplin Talimat\u0131&#8217;n\u0131n 46. maddesi ile 2025-2026 Sezonu S\u00fcper Lig M\u00fcsabakalar\u0131 Stat\u00fcs\u00fc&#8217;n\u00fcn 6\/5 ve EK-1 maddesi uyar\u0131nca PFDK&#8217;ya sevkine,<\/p>\n<p>Antalyaspor Kul\u00fcb\u00fc Teknik Sorumlusu Sami U\u011furlu&#8217;nun ayn\u0131 m\u00fcsabakadaki &#8216;hakareti&#8217; nedeniyle Futbol Disiplin Talimat\u0131&#8217;n\u0131n 41. maddesi uyar\u0131nca31.01.2026 tarihinden itibaren tedbirli olarak PFDK&#8217;ya sevkine karar verildi.<\/p>\n<p>Ey\u00fcpspor Kul\u00fcb\u00fc&#8217;n\u00fcn 31.01.2026 tarihinde oynanan Corendon Alanyaspor m\u00fcsabakas\u0131ndaki &#8216;talimatlara ayk\u0131r\u0131 hareketi&#8217; nedeniyle Futbol Disiplin Talimat\u0131&#8217;n\u0131n 46. maddesi ile 2025-2026 Sezonu S\u00fcper Lig M\u00fcsabakalar\u0131 Stat\u00fcs\u00fc&#8217;n\u00fcn 6\/5 ve EK-1 maddesi uyar\u0131nca PFDK&#8217;ya sevkine karar verildi.<\/p>\n<p>RAMS Ba\u015fak\u015fehir Futbol Kul\u00fcb\u00fc&#8217;n\u00fcn 31.01.2026 tarihinde oynanan RAMS Ba\u015fak\u015fehir-\u00c7aykur Rizespor m\u00fcsabakas\u0131ndaki &#8216;talimatlara ayk\u0131r\u0131 hareketi&#8217; nedeniyle Futbol Disiplin Talimat\u0131&#8217;n\u0131n 46. maddesi ile 2025-2026 Sezonu S\u00fcper Lig M\u00fcsabakalar\u0131 Stat\u00fcs\u00fc&#8217;n\u00fcn 6\/5 ve EK-1 maddesi uyar\u0131nca PFDK&#8217;ya sevkine,<\/p>\n<p>RAMS Ba\u015fak\u015fehir Futbol Kul\u00fcb\u00fc idarecisi Mesut Altan&#8217;\u0131n ayn\u0131 m\u00fcsabakadaki &#8216;talimatlara ayk\u0131r\u0131 hareketi&#8217; nedeniyle Futbol Disiplin Talimat\u0131&#8217;n\u0131n 46. maddesi ile Akreditasyon Talimat\u0131&#8217;n\u0131n 7\/1 maddesi uyar\u0131ncatedbirsiz olarak PFDK&#8217;ya sevkine karar verildi.<\/p>\n<p>\u00c7aykur Rizespor Kul\u00fcb\u00fc&#8217;n\u00fcn 31.01.2026 tarihinde oynanan RAMS Ba\u015fak\u015fehir-\u00c7aykur Rizespor m\u00fcsabakas\u0131ndaki &#8216;talimatlara ayk\u0131r\u0131 hareketi&#8217; nedeniyle Futbol Disiplin Talimat\u0131&#8217;n\u0131n 46. maddesi ile 2025-2026 Sezonu S\u00fcper Lig M\u00fcsabakalar\u0131 Stat\u00fcs\u00fc&#8217;n\u00fcn 6\/5 ve EK-1 maddesi uyar\u0131nca PFDK&#8217;ya sevkine karar verildi.<\/p>\n<p>Be\u015fikta\u015f Kul\u00fcb\u00fc futbolcusu Kristjan Asllani&#8217;nin 31.01.2026 tarihinde oynanan Be\u015fikta\u015f-Konyaspor m\u00fcsabakas\u0131ndaki &#8216;kural d\u0131\u015f\u0131 hareketi&#8217; nedeniyle Futbol Disiplin Talimat\u0131&#8217;n\u0131n 43. maddesi uyar\u0131nca 01.02.2026 tarihinden itibaren tedbirli olarak PFDK&#8217;ya sevkine karar verildi.<\/p>\n<p>Konyaspor Kul\u00fcb\u00fc&#8217;n\u00fcn 31.01.2026 tarihinde oynanan Be\u015fikta\u015f-Konyaspor m\u00fcsabakas\u0131ndaki &#8216;7 futbolcusunun sar\u0131 kart g\u00f6rmesi nedeniyle tak\u0131m halinde sportmenli\u011fe ayk\u0131r\u0131 hareketi&#8217; nedeniyle Futbol Disiplin Talimat\u0131&#8217;n\u0131n 40. maddesi uyar\u0131nca PFDK&#8217;ya sevkine karar verildi.<\/p>\n<p>Gen\u00e7lerbirli\u011fi Kul\u00fcb\u00fc&#8217;n\u00fcn 01.02.2026 tarihinde oynanan Gen\u00e7lerbirli\u011fi-Gaziantep Futbol Kul\u00fcb\u00fc m\u00fcsabakas\u0131ndaki &#8216;saha olaylar\u0131&#8217; nedeniyle Futbol Disiplin Talimat\u0131&#8217;n\u0131n 52. maddesi uyar\u0131nca ve &#8216;6 futbolcusunun sar\u0131 kart g\u00f6rmesi nedeniyle tak\u0131m halinde sportmenli\u011fe ayk\u0131r\u0131 hareketi&#8217; nedeniyle Futbol Disiplin Talimat\u0131&#8217;n\u0131n 40. maddesi uyar\u0131nca PFDK&#8217;ya sevkine karar verildi.<\/p>\n<p>Galatasaray Kul\u00fcb\u00fc&#8217;n\u00fcn 01.02.2026 tarihinde oynanan Galatasaray-Kayserispor m\u00fcsabakas\u0131ndaki &#8216;\u00e7irkin ve k\u00f6t\u00fc tezah\u00fcrat\u0131&#8217; nedeniyle Futbol Disiplin Talimat\u0131&#8217;n\u0131n 53. maddesi uyar\u0131nca PFDK&#8217;ya sevkine karar verildi.<\/p>\n<p>Kocaelispor Kul\u00fcb\u00fc&#8217;n\u00fcn 02.02.2026 tarihinde oynanan Kocaelispor-Fenerbah\u00e7e m\u00fcsabakas\u0131ndaki &#8216;\u00e7irkin ve k\u00f6t\u00fc tezah\u00fcrat\u0131&#8217; nedeniyle Futbol Disiplin Talimat\u0131&#8217;n\u0131n 53. maddesi uyar\u0131nca, &#8216;saha olaylar\u0131&#8217; nedeniyle Futbol Disiplin Talimat\u0131&#8217;n\u0131n 52. maddesi uyar\u0131nca ve &#8216;talimatlara ayk\u0131r\u0131 hareketi&#8217; nedeniyle Futbol Disiplin Talimat\u0131&#8217;n\u0131n 46. maddesi ile 2025-2026 Sezonu S\u00fcper Lig M\u00fcsabakalar\u0131 Stat\u00fcs\u00fc&#8217;n\u00fcn 6\/5 ve EK-1 maddesi uyar\u0131nca PFDK&#8217;ya sevkine karar verildi.<\/p>\n<p>Fenerbah\u00e7e Kul\u00fcb\u00fc&#8217;n\u00fcn 02.02.2026 tarihinde oynanan Kocaelispor-Fenerbah\u00e7e m\u00fcsabakas\u0131ndaki &#8216;\u00e7irkin ve k\u00f6t\u00fc tezah\u00fcrat\u0131&#8217; nedeniyle Futbol Disiplin Talimat\u0131&#8217;n\u0131n 53. maddesi uyar\u0131nca ve &#8216;saha olaylar\u0131&#8217; nedeniyle Futbol Disiplin Talimat\u0131&#8217;n\u0131n 52. maddesi uyar\u0131nca PFDK&#8217;ya sevkine,<\/p>\n<p>Fenerbah\u00e7e Kul\u00fcb\u00fc idarecisi Emir Hulusi Yola\u00e7&#8217;\u0131n ayn\u0131 m\u00fcsabakadaki &#8216;sportmenli\u011fe ayk\u0131r\u0131 hareketi&#8217; nedeniyle Futbol Disiplin Talimat\u0131&#8217;n\u0131n 36. maddesi uyar\u0131nca 03.02.2026 tarihinden itibaren tedbirli olarak PFDK&#8217;ya sevkine,<\/p>\n<p>Fenerbah\u00e7e Kul\u00fcb\u00fc futbolcusu Milan Skriniar&#8217;\u0131n ayn\u0131 m\u00fcsabakadaki &#8216;hakareti&#8217; nedeniyle Futbol Disiplin Talimat\u0131&#8217;n\u0131n 41. maddesi uyar\u0131nca 03.02.2026 tarihinden itibaren tedbirli olarak PFDK&#8217;ya sevkine karar verildi. &#8211; \u0130STANBUL<\/p>\n","protected":false},"excerpt":{"rendered":"<p>Fenerbah\u00e7eli Milan Skriniar ve Be\u015fikta\u015fl\u0131 Kristjan Asllani PFDK&#8217;ya sevk edildi.<\/p>\n","protected":false},"author":1,"featured_media":44395,"comment_status":"open","ping_status":"open","sticky":false,"template":"","format":"standard","meta":{"footnotes":""},"categories":[14],"tags":[1858,3143,5984,445,5985],"class_list":["post-44394","post","type-post","status-publish","format-standard","has-post-thumbnail","hentry","category-spor","tag-fenerbahce","tag-futbolcu","tag-musabakasindaki","tag-sevk","tag-uyarinca"],"_links":{"self":[{"href":"https:\/\/bihavadis.com\/index.php\/wp-json\/wp\/v2\/posts\/44394","targetHints":{"allow":["GET"]}}],"collection":[{"href":"https:\/\/bihavadis.com\/index.php\/wp-json\/wp\/v2\/posts"}],"about":[{"href":"https:\/\/bihavadis.com\/index.php\/wp-json\/wp\/v2\/types\/post"}],"author":[{"embeddable":true,"href":"https:\/\/bihavadis.com\/index.php\/wp-json\/wp\/v2\/users\/1"}],"replies":[{"embeddable":true,"href":"https:\/\/bihavadis.com\/index.php\/wp-json\/wp\/v2\/comments?post=44394"}],"version-history":[{"count":1,"href":"https:\/\/bihavadis.com\/index.php\/wp-json\/wp\/v2\/posts\/44394\/revisions"}],"predecessor-version":[{"id":44396,"href":"https:\/\/bihavadis.com\/index.php\/wp-json\/wp\/v2\/posts\/44394\/revisions\/44396"}],"wp:featuredmedia":[{"embeddable":true,"href":"https:\/\/bihavadis.com\/index.php\/wp-json\/wp\/v2\/media\/44395"}],"wp:attachment":[{"href":"https:\/\/bihavadis.com\/index.php\/wp-json\/wp\/v2\/media?parent=44394"}],"wp:term":[{"taxonomy":"category","embeddable":true,"href":"https:\/\/bihavadis.com\/index.php\/wp-json\/wp\/v2\/categories?post=44394"},{"taxonomy":"post_tag","embeddable":true,"href":"https:\/\/bihavadis.com\/index.php\/wp-json\/wp\/v2\/tags?post=44394"}],"curies":[{"name":"wp","href":"https:\/\/api.w.org\/{rel}","templated":true}]}}