{"id":44426,"date":"2026-02-24T02:00:36","date_gmt":"2026-02-24T02:00:36","guid":{"rendered":"https:\/\/bihavadis.com\/?p=44426"},"modified":"2026-02-24T02:00:36","modified_gmt":"2026-02-24T02:00:36","slug":"anadolunun-onemi-vurgulandi","status":"publish","type":"post","link":"https:\/\/bihavadis.com\/index.php\/2026\/02\/24\/anadolunun-onemi-vurgulandi\/","title":{"rendered":"Anadolu&#8217;nun \u00d6nemi Vurguland\u0131"},"content":{"rendered":"<p> AK Parti Merkez Karar ve Y\u00f6netim Kurulu (MKYK) \u00dcyesi Mahir \u00dcnal, &#8220;Anadolu, insanl\u0131\u011f\u0131n son adas\u0131d\u0131r. \u0130nsanl\u0131k bu co\u011frafyada kuruldu, bug\u00fcn de anlam\u0131n\u0131 koruyan co\u011frafya yine Anadolu co\u011frafyas\u0131d\u0131r.&#8221; dedi.<\/p>\n<p>T\u00fcrkiye Gen\u00e7lik STK&#8217;leri Platformu (TGSP) taraf\u0131ndan d\u00fczenlenen &#8220;Gen\u00e7lik Liderli\u011fi E\u011fitim Program\u0131&#8221; Antalya&#8217;n\u0131n Aksu il\u00e7esindeki ATGV E\u011fitim ve Sosyal Tesisi&#8217;nde s\u00fcr\u00fcyor.<\/p>\n<p>Programa kat\u0131lan \u00dcnal, yapt\u0131\u011f\u0131 konu\u015fmada, teknolojinin insan ya\u015fam\u0131na \u00f6nemli etkilerinin oldu\u011funu, kendi ku\u015faklar\u0131n\u0131n kara saban\u0131 da interneti de yapay\u0131 zekay\u0131 da g\u00f6rd\u00fc\u011f\u00fcn\u00fc ifade etti.<\/p>\n<p>D\u00fcnyan\u0131n b\u00fcy\u00fck bir anlam krizi i\u00e7erisinde oldu\u011funa dikkati \u00e7eken \u00dcnal, \u015f\u00f6yle konu\u015ftu: <\/p>\n<p>&#8220;Anlam kavgas\u0131, m\u00fccadelesi olan bir insana bakt\u0131\u011f\u0131n\u0131zda g\u00f6zlerinde bir \u0131\u015f\u0131k g\u00f6r\u00fcrs\u00fcn\u00fcz. Anadolu, insanl\u0131\u011f\u0131n son adas\u0131d\u0131r. \u0130nsanl\u0131k bu co\u011frafyada kuruldu, bug\u00fcn de anlam\u0131n\u0131 koruyan co\u011frafya yine Anadolu co\u011frafyas\u0131d\u0131r. Sosyal medyada &#8216;Epstein belgeleri&#8217;ni takip ediyorsunuz. Nas\u0131l bir organize k\u00f6t\u00fcl\u00fck bi\u00e7imiyle kar\u015f\u0131 kar\u015f\u0131yay\u0131z? Bir insan k\u00fc\u00e7\u00fck bir \u00e7ocu\u011fa bunu nas\u0131l yapar? Nas\u0131l i\u00e7inde bir k\u00f6t\u00fcl\u00fck ta\u015f\u0131yor ki bu kadar vah\u015file\u015febiliyor? \u0130nsan anlam\u0131n\u0131, kutsal\u0131n\u0131 kaybetti\u011finde, u\u011fruna ya\u015fayaca\u011f\u0131 bir kutsal, de\u011fer, m\u00fccadele edece\u011fi bir anlam kalmad\u0131\u011f\u0131nda vah\u015file\u015fiyor. Bizi insan yapan, yap\u0131labilir olan \u015feyleri yapmama iradesidir.&#8221;<\/p>\n<p>D\u00fcnyan\u0131n h\u0131zla globalden yerelle\u015fmeye d\u00f6nd\u00fc\u011f\u00fcne i\u015faret eden \u00dcnal, &#8220;Yerelle\u015fmede en kritik husus aidiyetler olacak. Algoritmik d\u00fczen en \u00e7ok aidiyetlerimize sald\u0131r\u0131yor. En fazla milliyetimize, cinsiyetimize, inan\u00e7lar\u0131m\u0131za, de\u011ferlerimize sald\u0131r\u0131yor. O y\u00fczden bug\u00fcn her zamankinden daha \u00e7ok nereye ait oldu\u011fumuz kritik bir \u00f6neme sahip. Bat\u0131&#8217;n\u0131n emperyalist s\u00f6m\u00fcrgeci akl\u0131, insan\u0131n varl\u0131\u011f\u0131n\u0131, aidiyetini s\u00f6m\u00fcr\u00fcyor. \u0130nsan art\u0131k t\u00fcketici de\u011fil bir \u00fcr\u00fcne d\u00f6n\u00fc\u015ft\u00fc. Algoritmik d\u00fczen i\u00e7in bir \u00fcr\u00fcne d\u00f6n\u00fc\u015ft\u00fc.&#8221; dedi.<\/p>\n<p>Radyo ve Televizyon \u00dcst Kurulu (RT\u00dcK) \u00dcyesi Hasan Davulcu da TGSP&#8217;nin gen\u00e7leri gelece\u011fe haz\u0131rlad\u0131\u011f\u0131n\u0131 s\u00f6yledi.<\/p>\n<p>Dijital \u00e7a\u011f\u0131n iyi ve k\u00f6t\u00fc yanlar\u0131 oldu\u011funu, bazen bir t\u0131kla d\u00fcnyaya iyilik yay\u0131ld\u0131\u011f\u0131 gibi ayn\u0131 \u015fekilde k\u00f6t\u00fcl\u00fc\u011f\u00fcn de yay\u0131labildi\u011fini belirten Davulcu, bu durumun tamamen insan\u0131n elinde oldu\u011funu dile getirdi.<\/p>\n<p>T\u00fcrkiye&#8217;nin farkl\u0131 illerinden 300 gen\u00e7 ile kamu kurum ve kurulu\u015flar\u0131nda g\u00f6rev yapan e\u011fitmenlerin kat\u0131l\u0131m\u0131yla ger\u00e7ekle\u015ftirilen kamp, 7 \u015eubat&#8217;ta sona erecek.<\/p>\n<p>Programda, kat\u0131l\u0131mc\u0131lar\u0131n, gen\u00e7lik \u00e7al\u0131\u015fmalar\u0131n\u0131 daha etkili hale getirmek amac\u0131yla liderlik teknikleri alanlar\u0131nda e\u011fitim almalar\u0131, gen\u00e7lerle daha g\u00fc\u00e7l\u00fc ileti\u015fim kurma, bireysel potansiyelleri ortaya \u00e7\u0131karma ve s\u00fcrd\u00fcr\u00fclebilir geli\u015fim s\u00fcre\u00e7leri tasarlama becerilerini geli\u015ftirmeleri ama\u00e7lan\u0131yor.<\/p>\n","protected":false},"excerpt":{"rendered":"<p>Mahir \u00dcnal, Anadolu&#8217;nun insanl\u0131k i\u00e7in kritik bir co\u011frafya oldu\u011funu belirtti.<\/p>\n","protected":false},"author":1,"featured_media":44427,"comment_status":"open","ping_status":"open","sticky":false,"template":"","format":"standard","meta":{"footnotes":""},"categories":[9,4,13],"tags":[5991,1504,340,706],"class_list":["post-44426","post","type-post","status-publish","format-standard","has-post-thumbnail","hentry","category-genel","category-gundem","category-son-dakika","tag-anlam","tag-cografya","tag-genc","tag-insan"],"_links":{"self":[{"href":"https:\/\/bihavadis.com\/index.php\/wp-json\/wp\/v2\/posts\/44426","targetHints":{"allow":["GET"]}}],"collection":[{"href":"https:\/\/bihavadis.com\/index.php\/wp-json\/wp\/v2\/posts"}],"about":[{"href":"https:\/\/bihavadis.com\/index.php\/wp-json\/wp\/v2\/types\/post"}],"author":[{"embeddable":true,"href":"https:\/\/bihavadis.com\/index.php\/wp-json\/wp\/v2\/users\/1"}],"replies":[{"embeddable":true,"href":"https:\/\/bihavadis.com\/index.php\/wp-json\/wp\/v2\/comments?post=44426"}],"version-history":[{"count":1,"href":"https:\/\/bihavadis.com\/index.php\/wp-json\/wp\/v2\/posts\/44426\/revisions"}],"predecessor-version":[{"id":44428,"href":"https:\/\/bihavadis.com\/index.php\/wp-json\/wp\/v2\/posts\/44426\/revisions\/44428"}],"wp:featuredmedia":[{"embeddable":true,"href":"https:\/\/bihavadis.com\/index.php\/wp-json\/wp\/v2\/media\/44427"}],"wp:attachment":[{"href":"https:\/\/bihavadis.com\/index.php\/wp-json\/wp\/v2\/media?parent=44426"}],"wp:term":[{"taxonomy":"category","embeddable":true,"href":"https:\/\/bihavadis.com\/index.php\/wp-json\/wp\/v2\/categories?post=44426"},{"taxonomy":"post_tag","embeddable":true,"href":"https:\/\/bihavadis.com\/index.php\/wp-json\/wp\/v2\/tags?post=44426"}],"curies":[{"name":"wp","href":"https:\/\/api.w.org\/{rel}","templated":true}]}}