{"id":44437,"date":"2026-02-24T02:09:39","date_gmt":"2026-02-24T02:09:39","guid":{"rendered":"https:\/\/bihavadis.com\/?p=44437"},"modified":"2026-02-24T02:09:39","modified_gmt":"2026-02-24T02:09:39","slug":"kozanda-bicakli-kavga-1-olu-2-tutuklama","status":"publish","type":"post","link":"https:\/\/bihavadis.com\/index.php\/2026\/02\/24\/kozanda-bicakli-kavga-1-olu-2-tutuklama\/","title":{"rendered":"Kozan&#8217;da B\u0131\u00e7akl\u0131 Kavga: 1 \u00d6l\u00fc, 2 Tutuklama"},"content":{"rendered":"<p> Adana&#8217;n\u0131n Kozan il\u00e7esindeki bir tekel bayide 1 ki\u015finin \u00f6ld\u00fc\u011f\u00fc, 1 ki\u015finin yaraland\u0131\u011f\u0131 b\u0131\u00e7akl\u0131 kavgaya ili\u015fkin 2 zanl\u0131 tutukland\u0131.<\/p>\n<p>\u0130l\u00e7e Emniyet M\u00fcd\u00fcrl\u00fc\u011f\u00fc ekipleri, 31 Ocak&#8217;ta Varsaklar Mahallesi \u00d6rt\u00fcl\u00fc Soka\u011f\u0131&#8217;ndaki bir tekel bayide \u00e7\u0131kan b\u0131\u00e7akl\u0131 kavgada M.\u00c7&#8217;nin \u00f6lmesi ve M.\u00d6&#8217;n\u00fcn yaralanmas\u0131na ili\u015fkin y\u00fcr\u00fctt\u00fckleri \u00e7al\u0131\u015fmada olay yerinden ka\u00e7an \u015f\u00fcphelilerin adreslerini belirledi.<\/p>\n<p>Polis ekipleri, d\u00fczenledikleri operasyonda \u015f\u00fcpheliler \u015e.K, F.Y, K.K. ve V.K&#8217;yi g\u00f6zalt\u0131na ald\u0131.<\/p>\n<p>Emniyetteki i\u015flemlerinin ard\u0131ndan adliyeye sevk edilen \u015e.K. ve F.Y. \u00e7\u0131kar\u0131ld\u0131klar\u0131 hakimlik\u00e7e tutukland\u0131, K.K. ile V.K. ise adli kontrol \u015fart\u0131yla serbest b\u0131rak\u0131ld\u0131.<\/p>\n<p>Adana&#8217;n\u0131n Kozan il\u00e7esi Varsaklar Mahallesi \u00d6rt\u00fcl\u00fc Soka\u011f\u0131&#8217;nda 31 Ocak&#8217;ta tekel bayi i\u015fleten M.\u00d6. ve yan\u0131nda bulunan M.\u00c7. ile i\u015f yerine gelen \u015e.K. ve F.Y. aras\u0131nda \u00e7\u0131kan b\u0131\u00e7akl\u0131 kavgada, M.\u00c7. ile M.\u00d6. yaralanm\u0131\u015ft\u0131. Hastaneye kald\u0131r\u0131lan M.\u00c7. yap\u0131lan m\u00fcdahalelere ra\u011fmen hayat\u0131n\u0131 kaybetmi\u015fti.<\/p>\n","protected":false},"excerpt":{"rendered":"<p>Adana&#8217;n\u0131n Kozan il\u00e7esinde b\u0131\u00e7akl\u0131 kavgada 1 ki\u015fi \u00f6ld\u00fc, 1 ki\u015fi yaraland\u0131. \u0130ki zanl\u0131 tutukland\u0131.<\/p>\n","protected":false},"author":1,"featured_media":44438,"comment_status":"open","ping_status":"open","sticky":false,"template":"","format":"standard","meta":{"footnotes":""},"categories":[9,4,13],"tags":[],"class_list":["post-44437","post","type-post","status-publish","format-standard","has-post-thumbnail","hentry","category-genel","category-gundem","category-son-dakika"],"_links":{"self":[{"href":"https:\/\/bihavadis.com\/index.php\/wp-json\/wp\/v2\/posts\/44437","targetHints":{"allow":["GET"]}}],"collection":[{"href":"https:\/\/bihavadis.com\/index.php\/wp-json\/wp\/v2\/posts"}],"about":[{"href":"https:\/\/bihavadis.com\/index.php\/wp-json\/wp\/v2\/types\/post"}],"author":[{"embeddable":true,"href":"https:\/\/bihavadis.com\/index.php\/wp-json\/wp\/v2\/users\/1"}],"replies":[{"embeddable":true,"href":"https:\/\/bihavadis.com\/index.php\/wp-json\/wp\/v2\/comments?post=44437"}],"version-history":[{"count":1,"href":"https:\/\/bihavadis.com\/index.php\/wp-json\/wp\/v2\/posts\/44437\/revisions"}],"predecessor-version":[{"id":44439,"href":"https:\/\/bihavadis.com\/index.php\/wp-json\/wp\/v2\/posts\/44437\/revisions\/44439"}],"wp:featuredmedia":[{"embeddable":true,"href":"https:\/\/bihavadis.com\/index.php\/wp-json\/wp\/v2\/media\/44438"}],"wp:attachment":[{"href":"https:\/\/bihavadis.com\/index.php\/wp-json\/wp\/v2\/media?parent=44437"}],"wp:term":[{"taxonomy":"category","embeddable":true,"href":"https:\/\/bihavadis.com\/index.php\/wp-json\/wp\/v2\/categories?post=44437"},{"taxonomy":"post_tag","embeddable":true,"href":"https:\/\/bihavadis.com\/index.php\/wp-json\/wp\/v2\/tags?post=44437"}],"curies":[{"name":"wp","href":"https:\/\/api.w.org\/{rel}","templated":true}]}}