{"id":4449,"date":"2026-01-29T06:18:05","date_gmt":"2026-01-29T06:18:05","guid":{"rendered":"https:\/\/bihavadis.com\/?p=4449"},"modified":"2026-01-29T06:18:05","modified_gmt":"2026-01-29T06:18:05","slug":"simsekten-dar-gelirliye-konut-projesi-aciklamasi","status":"publish","type":"post","link":"https:\/\/bihavadis.com\/index.php\/2026\/01\/29\/simsekten-dar-gelirliye-konut-projesi-aciklamasi\/","title":{"rendered":"\u015eim\u015fek&#8217;ten dar gelirliye konut projesi a\u00e7\u0131klamas\u0131"},"content":{"rendered":"<div>\n<p>Hazine ve Maliye Bakan\u0131 Mehmet \u015eim\u015fek kira art\u0131\u015flar\u0131 ile ilgili soru \u00f6nergesini yan\u0131tlad\u0131. Bakan \u015eim\u015fek, \u201cUygulanan ekonomik programlar neticesinde, son d\u00f6nemde kira ve konut sat\u0131\u015f fiyatlar\u0131 art\u0131\u015f h\u0131zlar\u0131nda yava\u015flama g\u00f6zlenmekte&#8221; dedi.<\/p>\n<p>Bakan \u015eim\u015fek, soru \u00f6nergesine verdi\u011fi yan\u0131tta dar gelirlilere y\u00f6nelik sosyal konut projelerinin geli\u015ftirilece\u011fini dile getirdi. \u015eim\u015fek, soru \u00f6nergesine verdi\u011fi yan\u0131tta \u015funlar\u0131 kaydetti:<\/p>\n<p>&#8220;Orta vadede kiralardaki art\u0131\u015flar\u0131n \u00f6n\u00fcne ge\u00e7mek ve deprem kaynakl\u0131 konut stokundaki kay\u0131plar\u0131 telafi etmek \u00fczere yeni sosyal konut projeleri geli\u015ftirilecek ve dar gelirli vatanda\u015flar\u0131n konuta eri\u015fimini art\u0131rmaya y\u00f6nelik \u00e7al\u0131\u015fmalar yap\u0131lacak.&#8221;<\/p>\n<\/div>\n","protected":false},"excerpt":{"rendered":"<p>Kira art\u0131\u015flar\u0131n\u0131n \u00f6n\u00fcne ge\u00e7mek i\u00e7in yeni sosyal konut projelerinin geli\u015ftirilece\u011fini belirten Bakan \u015eim\u015fek, \u201cVatanda\u015flar\u0131n konuta eri\u015fimini art\u0131rmaya y\u00f6nelik \u00e7al\u0131\u015fmalar yap\u0131lacak\u201d dedi.<\/p>\n","protected":false},"author":1,"featured_media":4450,"comment_status":"open","ping_status":"open","sticky":false,"template":"","format":"standard","meta":{"footnotes":""},"categories":[8],"tags":[818],"class_list":["post-4449","post","type-post","status-publish","format-standard","has-post-thumbnail","hentry","category-ekonomi","tag-konut"],"_links":{"self":[{"href":"https:\/\/bihavadis.com\/index.php\/wp-json\/wp\/v2\/posts\/4449","targetHints":{"allow":["GET"]}}],"collection":[{"href":"https:\/\/bihavadis.com\/index.php\/wp-json\/wp\/v2\/posts"}],"about":[{"href":"https:\/\/bihavadis.com\/index.php\/wp-json\/wp\/v2\/types\/post"}],"author":[{"embeddable":true,"href":"https:\/\/bihavadis.com\/index.php\/wp-json\/wp\/v2\/users\/1"}],"replies":[{"embeddable":true,"href":"https:\/\/bihavadis.com\/index.php\/wp-json\/wp\/v2\/comments?post=4449"}],"version-history":[{"count":1,"href":"https:\/\/bihavadis.com\/index.php\/wp-json\/wp\/v2\/posts\/4449\/revisions"}],"predecessor-version":[{"id":4451,"href":"https:\/\/bihavadis.com\/index.php\/wp-json\/wp\/v2\/posts\/4449\/revisions\/4451"}],"wp:featuredmedia":[{"embeddable":true,"href":"https:\/\/bihavadis.com\/index.php\/wp-json\/wp\/v2\/media\/4450"}],"wp:attachment":[{"href":"https:\/\/bihavadis.com\/index.php\/wp-json\/wp\/v2\/media?parent=4449"}],"wp:term":[{"taxonomy":"category","embeddable":true,"href":"https:\/\/bihavadis.com\/index.php\/wp-json\/wp\/v2\/categories?post=4449"},{"taxonomy":"post_tag","embeddable":true,"href":"https:\/\/bihavadis.com\/index.php\/wp-json\/wp\/v2\/tags?post=4449"}],"curies":[{"name":"wp","href":"https:\/\/api.w.org\/{rel}","templated":true}]}}