{"id":44500,"date":"2026-02-24T02:51:05","date_gmt":"2026-02-24T02:51:05","guid":{"rendered":"https:\/\/bihavadis.com\/?p=44500"},"modified":"2026-02-24T02:51:05","modified_gmt":"2026-02-24T02:51:05","slug":"karsiyakada-gaziler-ve-sehit-ailelerine-anlamli-ziyaret","status":"publish","type":"post","link":"https:\/\/bihavadis.com\/index.php\/2026\/02\/24\/karsiyakada-gaziler-ve-sehit-ailelerine-anlamli-ziyaret\/","title":{"rendered":"Kar\u015f\u0131yaka&#8217;da gaziler ve \u015fehit ailelerine anlaml\u0131 ziyaret"},"content":{"rendered":"<p><b>Kar\u015f\u0131yaka Belediye Ba\u015fkan\u0131 Y\u0131ld\u0131z \u00dcnsal; CHP Genel Ba\u015fkan Yard\u0131mc\u0131lar\u0131 Yank\u0131 Ba\u011fc\u0131o\u011flu ve G\u00f6k\u00e7e G\u00f6k\u00e7en ile birlikte, T\u00fcrkiye Muharip Gaziler Derne\u011fi ve T\u00fcrkiye Harp Malul\u00fc Gaziler, \u015eehit Dul ve Yetimleri Derne\u011fi\u2019nin Kar\u015f\u0131yaka \u015fubelerini ziyaret etti. Gazilere ve \u015fehit ailelerine sayg\u0131 ve minnetlerini ileten heyet, b\u00fcy\u00fck bir vefa duygusuyla her zaman yanlar\u0131nda olacaklar\u0131n\u0131 ifade etti.<\/b><\/p>\n<p>T\u00fcrkiye Muharip Gaziler Derne\u011fi Kar\u015f\u0131yaka \u015eubesi ve T\u00fcrkiye Harp Malul\u00fc Gaziler, \u015eehit Dul ve Yetimleri Derne\u011fi Kar\u015f\u0131yaka \u015eubesi, anlaml\u0131 bir ziyarete ev sahipli\u011fi yapt\u0131. Kar\u015f\u0131yaka Belediye Ba\u015fkan\u0131 Y\u0131ld\u0131z \u00dcnsal ile birlikte CHP Genel Ba\u015fkan Yard\u0131mc\u0131lar\u0131 Yank\u0131 Ba\u011fc\u0131o\u011flu, G\u00f6k\u00e7e G\u00f6k\u00e7en ve CHP Kar\u015f\u0131yaka \u0130l\u00e7e Ba\u015fkan\u0131 Levent G\u00fc\u00e7l\u00fc, dernekleri ziyaret ederek gaziler ve \u015fehit aileleriyle bir araya geldi. Bulu\u015fmalarda vefa ve minnet duygular\u0131 payla\u015f\u0131l\u0131rken, gazilerin ve \u015fehit ailelerinin talep ve \u00f6nerileri de dinlendi.<\/p>\n<p><b>\u201cM\u0130LLETM\u0130ZE EMANETLER\u201d<\/b><\/p>\n<p>CHP Genel Ba\u015fkan Yard\u0131mc\u0131s\u0131 Yank\u0131 Ba\u011fc\u0131o\u011flu \u201c\u015eehitlerimiz \u2018toprak alt\u0131ndaki ulu k\u00f6klerimiz\u2019, gazilerimiz ise ebedi Ba\u015fkomutan\u0131m\u0131z\u0131n belirtti\u011fi gibi \u2018ya\u015fayan an\u0131tlard\u0131r.\u2019 \u015eehit aileleri ve gazilerimiz, T\u00fcrk milletine emanettir\u201d dedi.<\/p>\n<p>CHP \u0130zmir Milletvekili ve Genel Ba\u015fkan Yard\u0131mc\u0131s\u0131 G\u00f6k\u00e7e G\u00f6k\u00e7en de misafirperverlikleri i\u00e7in dernek temsilcilerine te\u015fekk\u00fcrlerini iletti, her zaman yanlar\u0131nda olmaya devam edeceklerini s\u00f6yledi.<\/p>\n<p><b>\u201cDA\u0130MA YANINIZDAYIZ\u201d<\/b><\/p>\n<p>Kar\u015f\u0131yaka Belediye Ba\u015fkan\u0131 Y\u0131ld\u0131z \u00dcnsal \u201cBu \u00fclkenin ba\u011f\u0131ms\u0131zl\u0131\u011f\u0131, birli\u011fi ve huzuru i\u00e7in can\u0131n\u0131 ortaya koyan aziz \u015fehitlerimizi rahmet ve minnetle an\u0131yor, kahraman gazilerimize \u015f\u00fckranlar\u0131m\u0131 sunuyorum. \u015eehitlerimizin k\u0131ymetli aileleri ve gazilerimiz, milletimizin en de\u011ferli emanetidir. Onlar\u0131n her zaman yan\u0131nda olmak, ihtiya\u00e7lar\u0131n\u0131 dinlemek ve dayan\u0131\u015fmay\u0131 b\u00fcy\u00fctmek bizim i\u00e7in bir sorumluluktan \u00f6te vicdani bir g\u00f6revdir. Bu anlay\u0131\u015fla daima gazilerimizin ve \u015fehit ailelerimizin yan\u0131nda olmaya devam edece\u011fiz\u201d diye konu\u015ftu.<\/p>\n<p>T\u00fcrkiye Muharip Gaziler Derne\u011fi Kar\u015f\u0131yaka \u015eube Ba\u015fkan\u0131 Halil Ta\u015f\u00e7\u0131 ile T\u00fcrkiye Harp Malul\u00fc Gaziler, \u015eehit Dul ve Yetimleri Derne\u011fi Kar\u015f\u0131yaka \u015eube Ba\u015fkan\u0131 Recep Do\u011fru ile dernek temsilcileri de nazik ziyaretleri ve destekleri i\u00e7in konuklar\u0131na te\u015fekk\u00fcr etti.<\/p>\n<p>\u00a0<\/p>\n<p>Kaynak: (BYZHA) Beyaz Haber Ajans\u0131<\/p>\n","protected":false},"excerpt":{"rendered":"<p>Kar\u015f\u0131yaka Belediye Ba\u015fkan\u0131 Y\u0131ld\u0131z \u00dcnsal; CHP Genel Ba\u015fkan Yard\u0131mc\u0131lar\u0131 Yank\u0131 Ba\u011fc\u0131o\u011flu ve G\u00f6k\u00e7e G\u00f6k\u00e7en ile birlikte, T\u00fcrkiye Muharip Gaziler Derne\u011fi ve T\u00fcrkiye Harp Malul\u00fc Gaziler, \u015eehit Dul ve Yetimleri Derne\u011fi\u2019nin Kar\u015f\u0131yaka \u015fubelerini ziyaret etti.<\/p>\n","protected":false},"author":1,"featured_media":44501,"comment_status":"open","ping_status":"open","sticky":false,"template":"","format":"standard","meta":{"footnotes":""},"categories":[4],"tags":[986,1240,2902,5995,2903],"class_list":["post-44500","post","type-post","status-publish","format-standard","has-post-thumbnail","hentry","category-gundem","tag-baskani","tag-dernegi","tag-gaziler","tag-gokce","tag-sehit"],"_links":{"self":[{"href":"https:\/\/bihavadis.com\/index.php\/wp-json\/wp\/v2\/posts\/44500","targetHints":{"allow":["GET"]}}],"collection":[{"href":"https:\/\/bihavadis.com\/index.php\/wp-json\/wp\/v2\/posts"}],"about":[{"href":"https:\/\/bihavadis.com\/index.php\/wp-json\/wp\/v2\/types\/post"}],"author":[{"embeddable":true,"href":"https:\/\/bihavadis.com\/index.php\/wp-json\/wp\/v2\/users\/1"}],"replies":[{"embeddable":true,"href":"https:\/\/bihavadis.com\/index.php\/wp-json\/wp\/v2\/comments?post=44500"}],"version-history":[{"count":1,"href":"https:\/\/bihavadis.com\/index.php\/wp-json\/wp\/v2\/posts\/44500\/revisions"}],"predecessor-version":[{"id":44502,"href":"https:\/\/bihavadis.com\/index.php\/wp-json\/wp\/v2\/posts\/44500\/revisions\/44502"}],"wp:featuredmedia":[{"embeddable":true,"href":"https:\/\/bihavadis.com\/index.php\/wp-json\/wp\/v2\/media\/44501"}],"wp:attachment":[{"href":"https:\/\/bihavadis.com\/index.php\/wp-json\/wp\/v2\/media?parent=44500"}],"wp:term":[{"taxonomy":"category","embeddable":true,"href":"https:\/\/bihavadis.com\/index.php\/wp-json\/wp\/v2\/categories?post=44500"},{"taxonomy":"post_tag","embeddable":true,"href":"https:\/\/bihavadis.com\/index.php\/wp-json\/wp\/v2\/tags?post=44500"}],"curies":[{"name":"wp","href":"https:\/\/api.w.org\/{rel}","templated":true}]}}