{"id":44565,"date":"2026-02-24T03:42:05","date_gmt":"2026-02-24T03:42:05","guid":{"rendered":"https:\/\/bihavadis.com\/?p=44565"},"modified":"2026-02-24T03:42:05","modified_gmt":"2026-02-24T03:42:05","slug":"abd-adalet-bakanligi-epstein-dosyalarinda-adi-gecenlerin-listesini-kongrede-verdi","status":"publish","type":"post","link":"https:\/\/bihavadis.com\/index.php\/2026\/02\/24\/abd-adalet-bakanligi-epstein-dosyalarinda-adi-gecenlerin-listesini-kongrede-verdi\/","title":{"rendered":"ABD Adalet Bakanl\u0131\u011f\u0131, Epstein dosyalar\u0131nda ad\u0131 ge\u00e7enlerin listesini Kongre&#8217;de verdi"},"content":{"rendered":"<p>ABD Adalet Bakanl\u0131\u011f\u0131n\u0131n, Jeffrey Epstein ile ilgili belgelerde Ba\u015fkan Donald Trump da dahil olmak \u00fczere ad\u0131 ge\u00e7en ki\u015filerin listesini Kongre&#8217;ye g\u00f6nderdi\u011fi belirtildi.<\/p>\n<p>ABD Adalet Bakanl\u0131\u011f\u0131n\u0131n, ABD&#8217;de re\u015fit olmayan k\u0131z \u00e7ocuklar\u0131na y\u00f6nelik fuhu\u015f a\u011f\u0131 kurdu\u011fu iddias\u0131yla yarg\u0131land\u0131\u011f\u0131 s\u0131rada hapishanede \u00f6l\u00fc bulunan milyarder Jeffrey\u00a0Epstein\u00a0ile ilgili belgelerde Ba\u015fkan Donald Trump da dahil olmak \u00fczere ad\u0131 ge\u00e7en ki\u015filerin listesini Kongre&#8217;ye g\u00f6nderdi\u011fi belirtildi.<\/p>\n<p><strong>EPSTE\u0130N DOSYALARI, ABD KONGRES\u0130NE <\/strong><\/p>\n<p>The Hill gazetesinin haberine g\u00f6re, Adalet Bakanl\u0131\u011f\u0131, ABD Kongresine Epstein dosyalar\u0131 hakk\u0131nda bir belge g\u00f6nderdi.<\/p>\n<p>Senato ve Temsilciler Meclisi Adalet Komiteleri ba\u015fkanlar\u0131na g\u00f6nderilen 6 sayfal\u0131k belgede, Epstein dosyalar\u0131nda yap\u0131lan d\u00fczenlemelerin ve sans\u00fcrlerin gerek\u00e7eleri a\u00e7\u0131kland\u0131.<\/p>\n<p><img decoding=\"async\" src=\"https:\/\/bihavadis.com\/wp-content\/uploads\/2026\/02\/abd-adalet-bakanligi-epstein-dosyalarinda-adi-gecenlerin-listesini-kongrede-verdi-0-jVEaqYqd.jpg\"\/><\/p>\n<p><strong>DOSYADA ADI GE\u00c7ENLER<\/strong><\/p>\n<p>Politico muhabiri Josh Gerstein&#8217;in yay\u0131nlad\u0131\u011f\u0131 belgede, eski ABD Ba\u015fkan\u0131 Bill Clinton, Microsoft&#8217;un kurucu orta\u011f\u0131 ve eski \u00dcst Y\u00f6neticisi (CEO) Bill Gates, Meta&#8217;n\u0131n kurucusu ve CEO&#8217;su Mark Zuckerberg, ABD Ba\u015fkan Yard\u0131mc\u0131s\u0131 JD Vance, ABD D\u0131\u015fi\u015fleri Bakan\u0131 Marco Rubio ve Ba\u015fkan Trump da dahil olmak \u00fczere, Epstein dosyalar\u0131nda ad\u0131 ge\u00e7en t\u00fcm \u00f6nemli fig\u00fcrlerin isimlerine yer verildi.<\/p>\n<p><strong>\u0130S\u0130MLER\u0130N OLAYA KARI\u015eMASI FARKLI BOYUTLARDA<\/strong><\/p>\n<p>Belgedeki isimlerin farkl\u0131 ba\u011flamlarda yer ald\u0131\u011f\u0131, Epstein veya eski k\u0131z arkada\u015f\u0131 ve su\u00e7 orta\u011f\u0131 Ghislaine Maxwell ile do\u011frudan ileti\u015fim kuranlardan, Epstein ya da Maxwell ile herhangi bir temas\u0131 bulunmay\u0131p yaln\u0131zca medya raporlar\u0131nda ad\u0131 ge\u00e7enlere kadar uzand\u0131\u011f\u0131 belirtildi.<\/p>\n<p>Hangi ki\u015finin isminin hangi ba\u011flamda ge\u00e7ti\u011fi ise bilinmiyor.<\/p>\n","protected":false},"excerpt":{"rendered":"<p>Epstein dosyas\u0131, d\u00fcnyay\u0131 sarsmaya devam ederken, \u00fclkeler de kendi \u00e7aplar\u0131nda ara\u015ft\u0131rma timi kuruyor ya da bilgileri raporla\u015ft\u0131rarak yarg\u0131ya teslim ediyor. ABD Adalet Bakanl\u0131\u011f\u0131 da olaylar\u0131n gizemini \u00e7\u00f6zmek i\u00e7in \u00f6nemli bir ad\u0131m att\u0131.<\/p>\n","protected":false},"author":1,"featured_media":44566,"comment_status":"open","ping_status":"open","sticky":false,"template":"","format":"standard","meta":{"footnotes":""},"categories":[6],"tags":[272,516,1450,2183],"class_list":["post-44565","post","type-post","status-publish","format-standard","has-post-thumbnail","hentry","category-dunya","tag-abd","tag-baskan","tag-belge","tag-epstein"],"_links":{"self":[{"href":"https:\/\/bihavadis.com\/index.php\/wp-json\/wp\/v2\/posts\/44565","targetHints":{"allow":["GET"]}}],"collection":[{"href":"https:\/\/bihavadis.com\/index.php\/wp-json\/wp\/v2\/posts"}],"about":[{"href":"https:\/\/bihavadis.com\/index.php\/wp-json\/wp\/v2\/types\/post"}],"author":[{"embeddable":true,"href":"https:\/\/bihavadis.com\/index.php\/wp-json\/wp\/v2\/users\/1"}],"replies":[{"embeddable":true,"href":"https:\/\/bihavadis.com\/index.php\/wp-json\/wp\/v2\/comments?post=44565"}],"version-history":[{"count":1,"href":"https:\/\/bihavadis.com\/index.php\/wp-json\/wp\/v2\/posts\/44565\/revisions"}],"predecessor-version":[{"id":44568,"href":"https:\/\/bihavadis.com\/index.php\/wp-json\/wp\/v2\/posts\/44565\/revisions\/44568"}],"wp:featuredmedia":[{"embeddable":true,"href":"https:\/\/bihavadis.com\/index.php\/wp-json\/wp\/v2\/media\/44566"}],"wp:attachment":[{"href":"https:\/\/bihavadis.com\/index.php\/wp-json\/wp\/v2\/media?parent=44565"}],"wp:term":[{"taxonomy":"category","embeddable":true,"href":"https:\/\/bihavadis.com\/index.php\/wp-json\/wp\/v2\/categories?post=44565"},{"taxonomy":"post_tag","embeddable":true,"href":"https:\/\/bihavadis.com\/index.php\/wp-json\/wp\/v2\/tags?post=44565"}],"curies":[{"name":"wp","href":"https:\/\/api.w.org\/{rel}","templated":true}]}}