{"id":44649,"date":"2026-02-24T04:36:35","date_gmt":"2026-02-24T04:36:35","guid":{"rendered":"https:\/\/bihavadis.com\/?p=44649"},"modified":"2026-02-24T04:36:35","modified_gmt":"2026-02-24T04:36:35","slug":"ak-parti-genel-baskan-yardimcisi-kaya-denizlide-il-danisma-meclisi-toplantisinda-konustu-aciklamasi","status":"publish","type":"post","link":"https:\/\/bihavadis.com\/index.php\/2026\/02\/24\/ak-parti-genel-baskan-yardimcisi-kaya-denizlide-il-danisma-meclisi-toplantisinda-konustu-aciklamasi\/","title":{"rendered":"AK Parti Genel Ba\u015fkan Yard\u0131mc\u0131s\u0131 Kaya, Denizli&#8217;de \u0130l Dan\u0131\u015fma Meclisi Toplant\u0131s\u0131&#8217;nda konu\u015ftu A\u00e7\u0131klamas\u0131"},"content":{"rendered":"<p> AK Parti Genel Ba\u015fkan Yard\u0131mc\u0131s\u0131 Fatma Bet\u00fcl Sayan Kaya, &#8220;Yeni bir d\u00fcnya d\u00fczeni kurulurken T\u00fcrkiye, eskisine g\u00f6re \u00e7ok daha g\u00fc\u00e7l\u00fc bir \u015fekilde masada.&#8221; dedi.<\/p>\n<p>Kaya, bir dizi program kapsam\u0131nda geldi\u011fi Denizli&#8217;de Polis Evi&#8217;nde d\u00fczenlenen yemekte \u015fehit aileleri ve gazilerle bir araya geldi.<\/p>\n<p>Ard\u0131ndan Kaya, AK Parti \u0130l Ba\u015fkanl\u0131\u011f\u0131&#8217;nda \u0130l Dan\u0131\u015fma Meclisi Toplant\u0131s\u0131&#8217;na kat\u0131ld\u0131.<\/p>\n<p>AK Parti Genel Ba\u015fkan Yard\u0131mc\u0131s\u0131 Kaya, burada yapt\u0131\u011f\u0131 konu\u015fmada, kentte olmaktan duydu\u011fu memnuniyeti dile getirdi.<\/p>\n<p>\u0130stanbul&#8217;un ge\u00e7mi\u015fte \u00e7\u00f6p da\u011flar\u0131, Hali\u00e7&#8217;in kirlili\u011fi ve altyap\u0131 sorunlar\u0131yla an\u0131ld\u0131\u011f\u0131n\u0131 hat\u0131rlatan Kaya, AK Parti d\u00f6neminde hizmet belediyecili\u011fi anlay\u0131\u015f\u0131yla bu sorunlar\u0131n \u00e7\u00f6z\u00fcld\u00fc\u011f\u00fcn\u00fc ancak benzer problemlerin bug\u00fcn CHP&#8217;li belediyelerde yeniden ya\u015fand\u0131\u011f\u0131n\u0131 aktard\u0131.<\/p>\n<p>AK Parti&#8217;nin belediyecilikte d\u00fcnyada \u00f6rnek g\u00f6sterilen bir anlay\u0131\u015f ortaya koydu\u011funu ifade eden Kaya, &#8220;Recep Tayyip Erdo\u011fan, belediyecilik konusunda d\u00fcnyada ders verebilecek bir liderdir. AK Parti belediyeleri, d\u00fcnyan\u0131n d\u00f6rt bir yan\u0131ndan gelen heyetler taraf\u0131ndan incelenmi\u015f, bir\u00e7ok projeleri \u00f6rnek al\u0131nm\u0131\u015ft\u0131r. Belediyecilik denince akla gelen tek parti AK Parti&#8217;dir.&#8221; diye konu\u015ftu.<\/p>\n<p>Ankara ve \u0130stanbul&#8217;daki belediye hizmetlerini ele\u015ftiren Kaya, ula\u015f\u0131m ve altyap\u0131 sorunlar\u0131n\u0131n artt\u0131\u011f\u0131n\u0131, CHP&#8217;li belediyelerde liyakatsizlik ve yolsuzluk iddialar\u0131n\u0131n g\u00fcndemde oldu\u011funu ifade etti.<\/p>\n<p>CHP&#8217;nin y\u00f6netti\u011fi bir\u00e7ok belediyede vatanda\u015flar\u0131n hizmet alamad\u0131\u011f\u0131n\u0131 \u00f6ne s\u00fcren Kaya, &#8220;Maalesef yolsuzluk ve h\u0131rs\u0131zl\u0131klar alm\u0131\u015f ba\u015f\u0131n\u0131 gidiyor. Ancak bu y\u00fcce milletin ferasetine y\u00fcrekten inan\u0131yorum. Milletimiz kimin hizmet yapt\u0131\u011f\u0131n\u0131, kimin milletin paras\u0131n\u0131 \u00e7ar\u00e7ur etti\u011fini \u00e7ok iyi g\u00f6r\u00fcyor. Allah&#8217;\u0131n izniyle 2029 se\u00e7imlerinde yerelde bu hizmeti ka\u00e7\u0131ranlar, milletin paras\u0131na \u00e7\u00f6kenlere \u00e7ok g\u00fczel bir ders verecek, \u00e7ok g\u00fczel bir hesap soracak. Biz milletimizin ferasetine inan\u0131yoruz, g\u00fcveniyoruz.&#8221; ifadelerini kulland\u0131.<\/p>\n<p>AK Parti&#8217;nin insan merkezli bir siyaset anlay\u0131\u015f\u0131yla kuruldu\u011funu vurgulayan Kaya, ge\u00e7mi\u015fte ba\u015f\u00f6rt\u00fcl\u00fc kad\u0131nlara ve imam hatip \u00f6\u011frencilerine y\u00f6nelik ayr\u0131mc\u0131l\u0131klar\u0131n ya\u015fand\u0131\u011f\u0131n\u0131, bu uygulamalar\u0131n AK Parti iktidarlar\u0131yla sona erdi\u011fini s\u00f6yledi.<\/p>\n<p>Gen\u00e7lere f\u0131rsat e\u015fitli\u011fi sa\u011fland\u0131\u011f\u0131n\u0131 belirten Kaya, imam hatip, fen lisesi ve meslek lisesi mezunu t\u00fcm gen\u00e7lerin \u00fclkenin gelece\u011finde s\u00f6z sahibi olmas\u0131n\u0131 istediklerini dile getirdi.<\/p>\n<p>Kad\u0131nlara y\u00f6nelik desteklerin \u00f6nemine i\u015faret eden Kaya, e\u011fitim yard\u0131mlar\u0131n\u0131n anneler arac\u0131l\u0131\u011f\u0131yla verilmesinin bilin\u00e7li bir tercih oldu\u011funu, annelerin \u00e7ocuklar\u0131n\u0131n e\u011fitimi i\u00e7in b\u00fcy\u00fck fedakarl\u0131k yapt\u0131\u011f\u0131n\u0131 anlatt\u0131.<\/p>\n<p>Epstein dosyas\u0131<\/p>\n<p>D\u00fcnyan\u0131n b\u00fcy\u00fck bir sapk\u0131nl\u0131kla kar\u015f\u0131 kar\u015f\u0131ya oldu\u011funu \u00f6ne s\u00fcren Kaya, \u015funlar\u0131 s\u00f6yledi: <\/p>\n<p>&#8220;Hep birlikte okudu\u011fumuz Epstein dosyas\u0131, korkun\u00e7 ve i\u011fren\u00e7 bir sapk\u0131n zihniyetin, Yahudi anlay\u0131\u015f\u0131n\u0131n d\u00fcnyada \u00fclkeleri darbeyle devirmeye kadar gidecek kirli senaryolar\u0131n\u0131 ortaya koydu\u011funu g\u00fcnlerdir okuyoruz de\u011fil mi? Ama ula\u015famad\u0131klar\u0131 bir lider var. O lider kim? Recep Tayyip Erdo\u011fan. Sayfa sayfa yaz\u0131lan, \u00e7ocuklar\u0131n ve masum bebeklerin katledildi\u011fi, bebeklere tecav\u00fcz edilen, k\u00fc\u00e7\u00fck k\u0131z \u00e7ocuklar\u0131n\u0131n t\u00fcrl\u00fc i\u015fkencelere maruz b\u0131rak\u0131ld\u0131\u011f\u0131 bu sapk\u0131nl\u0131klar\u0131 insanl\u0131k ad\u0131na utan\u00e7 duyarak okuyoruz. T\u00fcm bunlar\u0131n, d\u00fcnya devletlerine darbe yapabilecek ar\u015fivleri ellerinde tutmak i\u00e7in liderlere kar\u015f\u0131 \u015fantaj malzemesi olarak kullan\u0131ld\u0131\u011f\u0131n\u0131 g\u00f6r\u00fcyoruz.&#8221;<\/p>\n<p>&#8220;Art\u0131k zalimlerin sesinin \u00e7ok \u00e7\u0131kt\u0131\u011f\u0131 d\u00fcnya d\u00fczeni de y\u0131k\u0131lmak zorunda&#8221;<\/p>\n<p>Cumhurba\u015fkan\u0131 Recep Tayyip Erdo\u011fan&#8217;\u0131n &#8220;D\u00fcnya be\u015ften b\u00fcy\u00fckt\u00fcr&#8221; ve &#8220;One minute&#8221; \u00e7\u0131k\u0131\u015flar\u0131yla k\u00fcresel adaletsizliklere kar\u015f\u0131 g\u00fc\u00e7l\u00fc bir duru\u015f sergiledi\u011fini belirten Kaya, Gazze&#8217;de ya\u015fananlara kar\u015f\u0131 d\u00fcnya kamuoyunda y\u00fckselen tepkilerin bu duru\u015fun hakl\u0131l\u0131\u011f\u0131n\u0131 ortaya koydu\u011funu s\u00f6yledi.<\/p>\n<p>Kaya, &#8220;Biz haktan ve adaletten yana tavr\u0131n\u0131 ortaya koyan bir liderin yol arkada\u015flar\u0131y\u0131z. D\u00fcnyan\u0131n neresinde bir zul\u00fcm varsa, oradaki zulme kar\u015f\u0131 sesini y\u00fckselten ve mazlumlara el uzatan bir liderin yol arkada\u015flar\u0131y\u0131z.&#8221; dedi.<\/p>\n<p>Yeni bir d\u00fcnya d\u00fczeninin kurulmakta oldu\u011funu vurgulayan Kaya, &#8220;Zul\u00fcmle abad olunmaz. Art\u0131k zalimlerin sesinin \u00e7ok \u00e7\u0131kt\u0131\u011f\u0131 d\u00fcnya d\u00fczeni de y\u0131k\u0131lmak zorunda. Yeni bir d\u00fcnya d\u00fczeni kurulurken T\u00fcrkiye, eskisine g\u00f6re \u00e7ok daha g\u00fc\u00e7l\u00fc bir \u015fekilde masada. Bu ba\u015far\u0131da AK Parti te\u015fkilatlar\u0131n\u0131n, kad\u0131nlar\u0131n ve gen\u00e7lerin pay\u0131 \u00e7ok b\u00fcy\u00fck.&#8221; diye konu\u015ftu.<\/p>\n<p>Denizli&#8217;de CHP&#8217;li belediyelere y\u00f6nelik ele\u015ftirilerde bulunan Kaya, Merkezefendi Belediyesi&#8217;nde bir belediye ba\u015fkan yard\u0131mc\u0131s\u0131 hakk\u0131nda taciz iddias\u0131yla su\u00e7 duyurusunda bulunuldu\u011funu hat\u0131rlatarak, s\u00f6z konusu ismin g\u00f6revden uzakla\u015ft\u0131r\u0131lmamas\u0131n\u0131n kabul edilemez oldu\u011funu savundu.<\/p>\n<p>Ter\u00f6rs\u00fcz T\u00fcrkiye s\u00fcreci<\/p>\n<p>Ter\u00f6rle m\u00fccadelede \u00f6nemli ba\u015far\u0131lar elde edildi\u011fini ifade eden Kaya, &#8220;Birli\u011fimizi ve beraberli\u011fimizi bozmak isteyenlere asla m\u00fcsaade etmeyece\u011fiz. Ter\u00f6rs\u00fcz T\u00fcrkiye ve ter\u00f6rs\u00fcz b\u00f6lge s\u00fcrecini de in\u015fallah ba\u015far\u0131yla neticelendirece\u011fiz. Bizim de bu \u00fclkeye, \u015fehit ailelerimize, gazilerimize borcumuz.&#8221; ifadelerini kulland\u0131.<\/p>\n<p>Konu\u015fmas\u0131n\u0131 birlik ve beraberlik vurgusuyla tamamlayan Kaya, AK Parti&#8217;nin &#8220;kimsesizlerin kimi&#8221; anlay\u0131\u015f\u0131yla yoluna devam etti\u011fini, ramazan ay\u0131nda da ihtiya\u00e7 sahiplerine desteklerin s\u00fcrece\u011fini s\u00f6yledi.<\/p>\n<p>AK Parti Genel Ba\u015fkan Yard\u0131mc\u0131s\u0131 Nihat Zeybekci&#8217;nin de bir konu\u015fma yapt\u0131\u011f\u0131 toplant\u0131 daha sonra bas\u0131na kapal\u0131 devam etti.<\/p>\n","protected":false},"excerpt":{"rendered":"<p>AK Parti Genel Ba\u015fkan Yard\u0131mc\u0131s\u0131 Fatma Bet\u00fcl Sayan Kaya, &#8220;Yeni bir d\u00fcnya d\u00fczeni kurulurken T\u00fcrkiye, eskisine g\u00f6re \u00e7ok daha g\u00fc\u00e7l\u00fc bir \u015fekilde masada.<\/p>\n","protected":false},"author":1,"featured_media":44650,"comment_status":"open","ping_status":"open","sticky":false,"template":"","format":"standard","meta":{"footnotes":""},"categories":[6],"tags":[1389,372,437,781,1158],"class_list":["post-44649","post","type-post","status-publish","format-standard","has-post-thumbnail","hentry","category-dunya","tag-ak-parti","tag-belediye","tag-dunya","tag-kaya","tag-lider"],"_links":{"self":[{"href":"https:\/\/bihavadis.com\/index.php\/wp-json\/wp\/v2\/posts\/44649","targetHints":{"allow":["GET"]}}],"collection":[{"href":"https:\/\/bihavadis.com\/index.php\/wp-json\/wp\/v2\/posts"}],"about":[{"href":"https:\/\/bihavadis.com\/index.php\/wp-json\/wp\/v2\/types\/post"}],"author":[{"embeddable":true,"href":"https:\/\/bihavadis.com\/index.php\/wp-json\/wp\/v2\/users\/1"}],"replies":[{"embeddable":true,"href":"https:\/\/bihavadis.com\/index.php\/wp-json\/wp\/v2\/comments?post=44649"}],"version-history":[{"count":1,"href":"https:\/\/bihavadis.com\/index.php\/wp-json\/wp\/v2\/posts\/44649\/revisions"}],"predecessor-version":[{"id":44651,"href":"https:\/\/bihavadis.com\/index.php\/wp-json\/wp\/v2\/posts\/44649\/revisions\/44651"}],"wp:featuredmedia":[{"embeddable":true,"href":"https:\/\/bihavadis.com\/index.php\/wp-json\/wp\/v2\/media\/44650"}],"wp:attachment":[{"href":"https:\/\/bihavadis.com\/index.php\/wp-json\/wp\/v2\/media?parent=44649"}],"wp:term":[{"taxonomy":"category","embeddable":true,"href":"https:\/\/bihavadis.com\/index.php\/wp-json\/wp\/v2\/categories?post=44649"},{"taxonomy":"post_tag","embeddable":true,"href":"https:\/\/bihavadis.com\/index.php\/wp-json\/wp\/v2\/tags?post=44649"}],"curies":[{"name":"wp","href":"https:\/\/api.w.org\/{rel}","templated":true}]}}