{"id":44685,"date":"2026-02-24T05:06:05","date_gmt":"2026-02-24T05:06:05","guid":{"rendered":"https:\/\/bihavadis.com\/?p=44685"},"modified":"2026-02-24T05:06:05","modified_gmt":"2026-02-24T05:06:05","slug":"baskan-altay-buyuksehir-basketbol-altyapisindaki-genclerimizin-basarilari-ile-gurur-duyuyoruz","status":"publish","type":"post","link":"https:\/\/bihavadis.com\/index.php\/2026\/02\/24\/baskan-altay-buyuksehir-basketbol-altyapisindaki-genclerimizin-basarilari-ile-gurur-duyuyoruz\/","title":{"rendered":"Ba\u015fkan Altay: &#8220;B\u00fcy\u00fck\u015fehir Basketbol Altyap\u0131s\u0131ndaki Gen\u00e7lerimizin Ba\u015far\u0131lar\u0131 \u0130le Gurur Duyuyoruz&#8221;"},"content":{"rendered":"<p><strong>Konya B\u00fcy\u00fck\u015fehir Belediye Ba\u015fkan\u0131 U\u011fur \u0130brahim Altay, B\u00fcy\u00fck\u015fehir Belediyespor\u2019un basketbol altyap\u0131 tak\u0131mlar\u0131n\u0131n yerel liglerde ve b\u00f6lge \u015fampiyonalar\u0131nda elde ettikleri ba\u015far\u0131l\u0131 sonu\u00e7larla dikkat \u00e7ekti\u011fini s\u00f6yledi. Basketbolda t\u00fcm bran\u015flarda \u015fampiyon olan gen\u00e7leri, antren\u00f6rleri ve eme\u011fi ge\u00e7en t\u00fcm y\u00f6neticileri tebrik eden Ba\u015fkan Altay, \u201cBasketbol altyap\u0131 tak\u0131mlar\u0131m\u0131zdaki gen\u00e7lerimizin ba\u015far\u0131lar\u0131 ile gurur duyuyoruz. Onlar\u0131n elde etti\u011fi bu ba\u015far\u0131lar, Konya\u2019m\u0131z\u0131n spor vizyonunun ne kadar g\u00fc\u00e7l\u00fc oldu\u011funu g\u00f6steriyor\u201d dedi.<\/strong><\/p>\n<hr\/>\n<p>Konya B\u00fcy\u00fck\u015fehir Belediyespor\u2019un basketbol altyap\u0131 tak\u0131mlar\u0131, yerel liglerde ve b\u00f6lge \u015fampiyonalar\u0131nda \u015fehri gururland\u0131ran ba\u015far\u0131lar elde etmeye devam ediyor.<\/p>\n<p>Konya B\u00fcy\u00fck\u015fehir Belediye Ba\u015fkan\u0131 U\u011fur \u0130brahim Altay, U14, U16 ve U18 kategorilerinde m\u00fccadele eden ekiplerin; Konya \u015fampiyonluklar\u0131 ve \u00fcst kademe organizasyonlara kat\u0131l\u0131m haklar\u0131yla kul\u00fcb\u00fcn altyap\u0131 g\u00fcc\u00fcn\u00fc bir kez daha ortaya koydu\u011funu belirtti.<\/p>\n<p>Gen\u00e7 sporcular\u0131n elde etti\u011fi ba\u015far\u0131lar\u0131n Konya\u2019n\u0131n spora verdi\u011fi \u00f6nemin en somut g\u00f6stergesi oldu\u011funu vurgulayan Ba\u015fkan Altay, \u201cU14 Tak\u0131m\u0131\u2019m\u0131z yerel liglerde oynad\u0131\u011f\u0131 21 ma\u00e7\u0131n 20\u2019sini kazanarak Konya \u015fampiyonu oldu. Kayseri\u2019de d\u00fczenlenen B\u00f6lge \u015eampiyonas\u0131 m\u00fcsabakalar\u0131n\u0131 da ba\u015far\u0131yla tamamlayan temsilcimiz, grubundan \u00e7\u0131karak \u00f6n\u00fcm\u00fczdeki ay Mersin\u2019de ger\u00e7ekle\u015ftirilecek Anadolu \u015eampiyonas\u0131\u2019nda Konya\u2019m\u0131z\u0131 temsil etmeye hak kazand\u0131\u201d dedi.<\/p>\n<p>Ba\u015fkan Altay, U16 ve U18 tak\u0131mlar\u0131n\u0131n ortaya koydu\u011fu azim, disiplin ve tak\u0131m ruhunun da kendilerini \u00e7ok mutlu etti\u011fini belirterek, \u201cU16 Tak\u0131m\u0131m\u0131z, yerel liglerde oynad\u0131\u011f\u0131 22 ma\u00e7\u0131n tamam\u0131n\u0131 kazanarak nama\u011flup Konya \u015fampiyonu oldu. Bu sonu\u00e7la \u00f6n\u00fcm\u00fczdeki ay Adana\u2019da d\u00fczenlenecek B\u00f6lge \u015eampiyonas\u0131\u2019nda ilimizi temsil etme hakk\u0131 kazanan ekibimiz de \u00f6nemli bir ba\u015far\u0131ya imza att\u0131. U18 Tak\u0131m\u0131m\u0131z ise yerel liglerde \u00e7\u0131kt\u0131\u011f\u0131 13 kar\u015f\u0131la\u015fman\u0131n tamam\u0131n\u0131 kazanarak nama\u011flup \u015fampiyonluk elde etti. Ni\u011fde\u2019de oynanan B\u00f6lge \u015eampiyonas\u0131\u2019n\u0131 ba\u015far\u0131yla tamamlayan tak\u0131m\u0131m\u0131z, yine \u00f6n\u00fcm\u00fczdeki ay Sakarya\u2019da d\u00fczenlenecek Anadolu \u015eampiyonas\u0131\u2019nda ter d\u00f6kecek\u201d ifadelerini kulland\u0131.<\/p>\n<p><strong>\u201cSPOR YATIRIMLARIMIZLA SADECE BUG\u00dcN\u00dc DE\u011e\u0130L, YARINI DA \u0130N\u015eA ED\u0130YORUZ\u201d<\/strong><\/p>\n<p>Altyap\u0131ya yap\u0131lan yat\u0131r\u0131mlar\u0131n meyvelerinin topland\u0131\u011f\u0131n\u0131 vurgulayan Ba\u015fkan Altay, \u201cBasketbol altyap\u0131 tak\u0131mlar\u0131m\u0131zdaki gen\u00e7lerimizin ba\u015far\u0131lar\u0131 ile gurur duyuyoruz. Onlar\u0131n elde etti\u011fi bu ba\u015far\u0131lar, Konya\u2019m\u0131z\u0131n spor vizyonunun ne kadar g\u00fc\u00e7l\u00fc oldu\u011funu g\u00f6steriyor. G\u00fc\u00e7l\u00fc altyap\u0131m\u0131zla basketbolda t\u00fcm bran\u015flarda \u015fampiyon olan gen\u00e7lerimizi, antren\u00f6rlerimizi ve eme\u011fi ge\u00e7en t\u00fcm y\u00f6neticilerimizi y\u00fcrekten tebrik ediyorum. Altyap\u0131 kategorilerinde elde edilen bu istikrarl\u0131 ba\u015far\u0131lar, kul\u00fcb\u00fcm\u00fcz\u00fcn ve \u015fehrimizin gelece\u011fe g\u00fcvenle bakt\u0131\u011f\u0131n\u0131n en \u00f6nemli g\u00f6stergesidir. Spor yat\u0131r\u0131mlar\u0131m\u0131zla sadece bug\u00fcn\u00fc de\u011fil, yar\u0131n\u0131 da in\u015fa ediyoruz\u201d diye konu\u015ftu.<\/p>\n<p>\u00a0<\/p>\n<p>\u00a0<\/p>\n<p>Kaynak: (BYZHA) Beyaz Haber Ajans\u0131<\/p>\n","protected":false},"excerpt":{"rendered":"<p>Konya B\u00fcy\u00fck\u015fehir Belediye Ba\u015fkan\u0131 U\u011fur \u0130brahim Altay, B\u00fcy\u00fck\u015fehir Belediyespor\u2019un basketbol altyap\u0131 tak\u0131mlar\u0131n\u0131n yerel liglerde ve b\u00f6lge \u015fampiyonalar\u0131nda elde ettikleri ba\u015far\u0131l\u0131 sonu\u00e7larla dikkat \u00e7ekti\u011fini s\u00f6yledi.<\/p>\n","protected":false},"author":1,"featured_media":44686,"comment_status":"open","ping_status":"open","sticky":false,"template":"","format":"standard","meta":{"footnotes":""},"categories":[14],"tags":[585,5450,426,493,366],"class_list":["post-44685","post","type-post","status-publish","format-standard","has-post-thumbnail","hentry","category-spor","tag-altyapi","tag-basarilar","tag-konya","tag-sampiyon","tag-takim"],"_links":{"self":[{"href":"https:\/\/bihavadis.com\/index.php\/wp-json\/wp\/v2\/posts\/44685","targetHints":{"allow":["GET"]}}],"collection":[{"href":"https:\/\/bihavadis.com\/index.php\/wp-json\/wp\/v2\/posts"}],"about":[{"href":"https:\/\/bihavadis.com\/index.php\/wp-json\/wp\/v2\/types\/post"}],"author":[{"embeddable":true,"href":"https:\/\/bihavadis.com\/index.php\/wp-json\/wp\/v2\/users\/1"}],"replies":[{"embeddable":true,"href":"https:\/\/bihavadis.com\/index.php\/wp-json\/wp\/v2\/comments?post=44685"}],"version-history":[{"count":1,"href":"https:\/\/bihavadis.com\/index.php\/wp-json\/wp\/v2\/posts\/44685\/revisions"}],"predecessor-version":[{"id":44687,"href":"https:\/\/bihavadis.com\/index.php\/wp-json\/wp\/v2\/posts\/44685\/revisions\/44687"}],"wp:featuredmedia":[{"embeddable":true,"href":"https:\/\/bihavadis.com\/index.php\/wp-json\/wp\/v2\/media\/44686"}],"wp:attachment":[{"href":"https:\/\/bihavadis.com\/index.php\/wp-json\/wp\/v2\/media?parent=44685"}],"wp:term":[{"taxonomy":"category","embeddable":true,"href":"https:\/\/bihavadis.com\/index.php\/wp-json\/wp\/v2\/categories?post=44685"},{"taxonomy":"post_tag","embeddable":true,"href":"https:\/\/bihavadis.com\/index.php\/wp-json\/wp\/v2\/tags?post=44685"}],"curies":[{"name":"wp","href":"https:\/\/api.w.org\/{rel}","templated":true}]}}