{"id":44780,"date":"2026-02-24T06:24:05","date_gmt":"2026-02-24T06:24:05","guid":{"rendered":"https:\/\/bihavadis.com\/?p=44780"},"modified":"2026-02-24T06:24:05","modified_gmt":"2026-02-24T06:24:05","slug":"baskan-cirpanoglu-mahalle-sakinleriyle-iftarda-bulustu","status":"publish","type":"post","link":"https:\/\/bihavadis.com\/index.php\/2026\/02\/24\/baskan-cirpanoglu-mahalle-sakinleriyle-iftarda-bulustu\/","title":{"rendered":"Ba\u015fkan \u00c7\u0131rpano\u011flu Mahalle Sakinleriyle \u0130ftarda Bulu\u015ftu"},"content":{"rendered":"<p><b>Kahramankazan Belediye Ba\u015fkan\u0131 Selim \u00c7\u0131rpano\u011flu, \u0130mrendi Mahallesi\u2019nde d\u00fczenlenen iftar program\u0131na kat\u0131larak mahalle sakinleriyle bir araya geldi.<\/b><\/p>\n<p>Programa \u0130l\u00e7e Kaymakam\u0131 Mustafa Y\u0131lmaz, \u0130l\u00e7e Emniyet M\u00fcd\u00fcr\u00fc Erol Yavuz, Belediye Ba\u015fkan Yard\u0131mc\u0131s\u0131 \u015eerafettin Demirba\u011f, meclis \u00fcyeleri ve belediye birim m\u00fcd\u00fcrleri de kat\u0131l\u0131m sa\u011flad\u0131. \u0130ftar program\u0131, Mahalle Muhtar\u0131 Hidayet K\u00f6ken\u2019in \u00f6nc\u00fcl\u00fc\u011f\u00fcnde, \u0130mrendi K\u00f6y Kona\u011f\u0131\u2019nda ger\u00e7ekle\u015ftirildi. \u0130ftar \u00f6ncesi \u0130l\u00e7e M\u00fcft\u00fcs\u00fc Abdullah Yalman taraf\u0131ndan dua edildi.<\/p>\n<p>Ba\u015fkan \u00c7\u0131rpano\u011flu, program boyunca mahalle sakinleriyle sohbet edip taleplerini dinledi ve Ramazan\u2019\u0131n birlik ve payla\u015fma ruhunu ya\u015faman\u0131n \u00f6nemine vurgu yapt\u0131. Ba\u015fkan \u00c7\u0131rpano\u011flu: \u201cRamazan, payla\u015fman\u0131n ve dayan\u0131\u015fman\u0131n en g\u00fczel \u00f6rneklerini ya\u015fad\u0131\u011f\u0131m\u0131z bir d\u00f6nem. Bug\u00fcn burada \u0130mrendi Mahallesi sakinleriyle iftar sofras\u0131nda bir araya gelmek bizler i\u00e7in b\u00fcy\u00fck mutluluk. Kahramankazan\u2019\u0131 hep birlikte daha g\u00fczel yar\u0131nlara ta\u015f\u0131yaca\u011f\u0131z.\u201d dedi.<\/p>\n<p>\u00a0<\/p>\n<p>Kaynak: (BYZHA) Beyaz Haber Ajans\u0131<\/p>\n","protected":false},"excerpt":{"rendered":"<p>Kahramankazan Belediye Ba\u015fkan\u0131 Selim \u00c7\u0131rpano\u011flu, \u0130mrendi Mahallesi\u2019nde d\u00fczenlenen iftar program\u0131na kat\u0131larak mahalle sakinleriyle bir araya geldi.<\/p>\n","protected":false},"author":1,"featured_media":44781,"comment_status":"open","ping_status":"open","sticky":false,"template":"","format":"standard","meta":{"footnotes":""},"categories":[4],"tags":[1018],"class_list":["post-44780","post","type-post","status-publish","format-standard","has-post-thumbnail","hentry","category-gundem","tag-mahalle"],"_links":{"self":[{"href":"https:\/\/bihavadis.com\/index.php\/wp-json\/wp\/v2\/posts\/44780","targetHints":{"allow":["GET"]}}],"collection":[{"href":"https:\/\/bihavadis.com\/index.php\/wp-json\/wp\/v2\/posts"}],"about":[{"href":"https:\/\/bihavadis.com\/index.php\/wp-json\/wp\/v2\/types\/post"}],"author":[{"embeddable":true,"href":"https:\/\/bihavadis.com\/index.php\/wp-json\/wp\/v2\/users\/1"}],"replies":[{"embeddable":true,"href":"https:\/\/bihavadis.com\/index.php\/wp-json\/wp\/v2\/comments?post=44780"}],"version-history":[{"count":1,"href":"https:\/\/bihavadis.com\/index.php\/wp-json\/wp\/v2\/posts\/44780\/revisions"}],"predecessor-version":[{"id":44782,"href":"https:\/\/bihavadis.com\/index.php\/wp-json\/wp\/v2\/posts\/44780\/revisions\/44782"}],"wp:featuredmedia":[{"embeddable":true,"href":"https:\/\/bihavadis.com\/index.php\/wp-json\/wp\/v2\/media\/44781"}],"wp:attachment":[{"href":"https:\/\/bihavadis.com\/index.php\/wp-json\/wp\/v2\/media?parent=44780"}],"wp:term":[{"taxonomy":"category","embeddable":true,"href":"https:\/\/bihavadis.com\/index.php\/wp-json\/wp\/v2\/categories?post=44780"},{"taxonomy":"post_tag","embeddable":true,"href":"https:\/\/bihavadis.com\/index.php\/wp-json\/wp\/v2\/tags?post=44780"}],"curies":[{"name":"wp","href":"https:\/\/api.w.org\/{rel}","templated":true}]}}