{"id":44803,"date":"2026-02-24T06:42:06","date_gmt":"2026-02-24T06:42:06","guid":{"rendered":"https:\/\/bihavadis.com\/?p=44803"},"modified":"2026-02-24T06:42:06","modified_gmt":"2026-02-24T06:42:06","slug":"nilufer-belediyesi-sahadaki-gucunu-yeni-yatirimlarla-artiriyor","status":"publish","type":"post","link":"https:\/\/bihavadis.com\/index.php\/2026\/02\/24\/nilufer-belediyesi-sahadaki-gucunu-yeni-yatirimlarla-artiriyor\/","title":{"rendered":"Nil\u00fcfer Belediyesi sahadaki g\u00fcc\u00fcn\u00fc yeni yat\u0131r\u0131mlarla art\u0131r\u0131yor"},"content":{"rendered":"<p><b>Altyap\u0131 ve ula\u015f\u0131m hizmetlerini h\u0131zland\u0131rmay\u0131 hedefleyen Nil\u00fcfer Belediyesi, 4 i\u015f makinesi ve 6 kamyonu d\u00fczenlenen t\u00f6renle ara\u00e7 filosuna katt\u0131. Yeni yat\u0131r\u0131mla birlikte belediyenin ara\u00e7 park\u0131 da y\u00fczde 30 b\u00fcy\u00fcd\u00fc. T\u00f6rende konu\u015fan Nil\u00fcfer Belediye Ba\u015fkan\u0131 \u015eadi \u00d6zdemir, \u201cNil\u00fcfer\u2019in sahadaki g\u00fcc\u00fcn\u00fc b\u00fcy\u00fct\u00fcp, hizmet kapasitemizi g\u00fc\u00e7lendiriyoruz\u201d dedi.<\/b><\/p>\n<p>Nil\u00fcfer Belediyesi, il\u00e7edeki altyap\u0131 ve ula\u015f\u0131m hizmetlerini daha etkin, h\u0131zl\u0131 ve kesintisiz s\u00fcrd\u00fcrebilmek amac\u0131yla ara\u00e7 filosunu geni\u015fletti. Nil\u00fcfer Belediyesi Alaaddinbey Ek Hizmet Binas\u0131\u2019nda d\u00fczenlenen t\u00f6renle, yeni al\u0131nan 4 i\u015f makinesi ve 6 kamyon resmen hizmete al\u0131nd\u0131.<\/p>\n<p>T\u00f6rene; Nil\u00fcfer Belediye Ba\u015fkan\u0131 \u015eadi \u00d6zdemir, Bursa B\u00fcy\u00fck\u015fehir Belediye Ba\u015fkan Vekili Mehmet Ayd\u0131n Sald\u0131z, CHP Nil\u00fcfer \u0130l\u00e7e Ba\u015fkan\u0131 \u00d6zg\u00fcr \u015eahin, Nil\u00fcfer Belediye Ba\u015fkan Yard\u0131mc\u0131lar\u0131, meclis \u00fcyeleri ve muhtarlar kat\u0131ld\u0131.<\/p>\n<p>\u201cGER\u00c7EK G\u00dcC\u00dcM\u00dcZ SAHADA ORTAYA \u00c7IKIYOR\u201d<\/p>\n<p>T\u00f6renin a\u00e7\u0131l\u0131\u015f\u0131nda konu\u015fan Nil\u00fcfer Belediye Ba\u015fkan\u0131 \u015eadi \u00d6zdemir, bir belediyenin as\u0131l performans\u0131n\u0131n \u015fantiyede ve mahallelerdeki \u00e7al\u0131\u015fmalarda belli oldu\u011funa dikkat \u00e7ekti. Sahadaki hizmet kapasitesini s\u00fcrekli olarak g\u00fc\u00e7lendirmeyi hedeflediklerini belirten Ba\u015fkan \u015eadi \u00d6zdemir, yat\u0131r\u0131mla ilgili \u015fu bilgileri payla\u015ft\u0131:<\/p>\n<p>\u201cMevcut 20 i\u015f makinesi ve 13 kamyonumuza ek olarak, 4 i\u015f makinesi ve 6 kamyonu daha filomuza kat\u0131yoruz. B\u00f6ylece i\u015f makinesi say\u0131m\u0131z\u0131 y\u00fczde 20, kamyon say\u0131m\u0131z\u0131 y\u00fczde 46 art\u0131r\u0131yor, toplam ara\u00e7 park\u0131m\u0131z\u0131 y\u00fczde 30 b\u00fcy\u00fctm\u00fc\u015f oluyoruz.\u201d<\/p>\n<p>DI\u015eA BA\u011eIMLILIK AZALACAK, KAYNAKLAR VER\u0130ML\u0130 KULLANILACAK<\/p>\n<p>Yeni ara\u00e7larla birlikte vatanda\u015f\u0131n taleplerine ve olas\u0131 sorunlara \u00e7ok daha k\u0131sa s\u00fcrede m\u00fcdahale edeceklerini vurgulayan Ba\u015fkan \u015eadi \u00d6zdemir, bu yat\u0131r\u0131m\u0131n sa\u011flad\u0131\u011f\u0131 ekonomik avantajlara da de\u011findi. Ba\u015fkan \u015eadi \u00d6zdemir, \u201cBak\u0131m ve ar\u0131za durumlar\u0131nda i\u015f s\u00fcreklili\u011fini kendi imkanlar\u0131m\u0131zla sa\u011flayaca\u011f\u0131z. D\u0131\u015far\u0131dan hizmet al\u0131m\u0131na daha az ihtiya\u00e7 duyulacak, kaynaklar\u0131m\u0131z\u0131 daha verimli, ekonomik ve daha kontroll\u00fc kullanaca\u011f\u0131z\u201d dedi.<\/p>\n<p>Bursa B\u00fcy\u00fck\u015fehir Belediye Ba\u015fkan Vekili Mehmet Ayd\u0131n Sald\u0131z ise bu al\u0131m\u0131n sosyal belediyecili\u011fin g\u00fczel bir \u00f6rne\u011fi oldu\u011funu belirtti. Sald\u0131z, Nil\u00fcfer\u2019in filosuna kat\u0131lan bu yeni ara\u00e7lar\u0131n, Bursa B\u00fcy\u00fck\u015fehir Belediyesi\u2019nin b\u00f6lgedeki \u00e7al\u0131\u015fmalar\u0131na da kolayl\u0131k ve destek sa\u011flayaca\u011f\u0131n\u0131 ifade etti.<\/p>\n<p>T\u00f6ren, a\u00e7\u0131l\u0131\u015f konu\u015fmalar\u0131n\u0131n ard\u0131ndan protokol \u00fcyelerinin kurdele kesimiyle sona erdi.<\/p>\n<p>\u00a0<\/p>\n<p>\u00a0<\/p>\n<p>Kaynak: (BYZHA) Beyaz Haber Ajans\u0131<\/p>\n","protected":false},"excerpt":{"rendered":"<p>Altyap\u0131 ve ula\u015f\u0131m hizmetlerini h\u0131zland\u0131rmay\u0131 hedefleyen Nil\u00fcfer Belediyesi, 4 i\u015f makinesi ve 6 kamyonu d\u00fczenlenen t\u00f6renle ara\u00e7 filosuna katt\u0131.<\/p>\n","protected":false},"author":1,"featured_media":44804,"comment_status":"open","ping_status":"open","sticky":false,"template":"","format":"standard","meta":{"footnotes":""},"categories":[8],"tags":[581,372,3469,315,1703],"class_list":["post-44803","post","type-post","status-publish","format-standard","has-post-thumbnail","hentry","category-ekonomi","tag-arac","tag-belediye","tag-belediye-baskan","tag-hizmet","tag-nilufer"],"_links":{"self":[{"href":"https:\/\/bihavadis.com\/index.php\/wp-json\/wp\/v2\/posts\/44803","targetHints":{"allow":["GET"]}}],"collection":[{"href":"https:\/\/bihavadis.com\/index.php\/wp-json\/wp\/v2\/posts"}],"about":[{"href":"https:\/\/bihavadis.com\/index.php\/wp-json\/wp\/v2\/types\/post"}],"author":[{"embeddable":true,"href":"https:\/\/bihavadis.com\/index.php\/wp-json\/wp\/v2\/users\/1"}],"replies":[{"embeddable":true,"href":"https:\/\/bihavadis.com\/index.php\/wp-json\/wp\/v2\/comments?post=44803"}],"version-history":[{"count":1,"href":"https:\/\/bihavadis.com\/index.php\/wp-json\/wp\/v2\/posts\/44803\/revisions"}],"predecessor-version":[{"id":44805,"href":"https:\/\/bihavadis.com\/index.php\/wp-json\/wp\/v2\/posts\/44803\/revisions\/44805"}],"wp:featuredmedia":[{"embeddable":true,"href":"https:\/\/bihavadis.com\/index.php\/wp-json\/wp\/v2\/media\/44804"}],"wp:attachment":[{"href":"https:\/\/bihavadis.com\/index.php\/wp-json\/wp\/v2\/media?parent=44803"}],"wp:term":[{"taxonomy":"category","embeddable":true,"href":"https:\/\/bihavadis.com\/index.php\/wp-json\/wp\/v2\/categories?post=44803"},{"taxonomy":"post_tag","embeddable":true,"href":"https:\/\/bihavadis.com\/index.php\/wp-json\/wp\/v2\/tags?post=44803"}],"curies":[{"name":"wp","href":"https:\/\/api.w.org\/{rel}","templated":true}]}}