{"id":44852,"date":"2026-02-24T07:21:03","date_gmt":"2026-02-24T07:21:03","guid":{"rendered":"https:\/\/bihavadis.com\/?p=44852"},"modified":"2026-02-24T07:21:03","modified_gmt":"2026-02-24T07:21:03","slug":"buyuksehirde-ilo-190-sayili-siddet-ve-taciz-sozlesmesine-yonelik-egitim","status":"publish","type":"post","link":"https:\/\/bihavadis.com\/index.php\/2026\/02\/24\/buyuksehirde-ilo-190-sayili-siddet-ve-taciz-sozlesmesine-yonelik-egitim\/","title":{"rendered":"B\u00fcy\u00fck\u015fehir&#8217;de ILO 190 Say\u0131l\u0131 \u015eiddet ve Taciz S\u00f6zle\u015fmesine Y\u00f6nelik E\u011fitim"},"content":{"rendered":"<p>\u00a0<\/p>\n<p><span><span>Antalya B\u00fcy\u00fck\u015fehir Belediyesi taraf\u0131ndan ILO C190 say\u0131l\u0131 s\u00f6zle\u015fme kapsam\u0131nda \u201c\u00c7al\u0131\u015fma Hayat\u0131nda \u015eiddet ve Tacizin \u00d6nlenmesi E\u011fitimi\u201d d\u00fczenlendi. E\u011fitimde konu\u015fan B\u00fcy\u00fck\u015fehir Belediyesi Ba\u015fkan Vekili B\u00fc\u015fra \u00d6zdemir, \u201cBiz, \u201ckad\u0131n dostu kent\u201d anlay\u0131\u015f\u0131n\u0131 bir proje de\u011fil, bir y\u00f6netim modeli olarak benimsiyoruz. Kad\u0131nlar\u0131n; g\u00fcvenle ya\u015fayabildi\u011fi, ekonomik hayata kat\u0131labildi\u011fi, karar mekanizmalar\u0131nda yer alabildi\u011fi, \u015fiddetten uzak bir ya\u015fam s\u00fcrd\u00fcrebildi\u011fi bir kent i\u00e7in \u00e7al\u0131\u015f\u0131yoruz\u201d diye konu\u015ftu. <\/span><\/span><\/p>\n<p><span><span>Antalya B\u00fcy\u00fck\u015fehir Belediyesi, 2023 y\u0131l\u0131nda Uluslararas\u0131 \u00c7al\u0131\u015fma \u00d6rg\u00fct\u00fc ILO\u2019nun 190 Say\u0131l\u0131 \u00c7al\u0131\u015fma Ya\u015fam\u0131nda \u015eiddet ve Tacizi \u00d6nlemeye Y\u00f6nelik Politika Belgesi\u2019ni imzalayan T\u00fcrkiye ve d\u00fcnyadaki ilk yerel y\u00f6netim olmu\u015ftu. ILO C190, \u00e7al\u0131\u015fma ya\u015fam\u0131nda \u015fiddet ve tacizi ele alan ilk ve tek uluslararas\u0131 s\u00f6zle\u015fme olma \u00f6zelli\u011fi ta\u015f\u0131yor.<\/span><\/span><\/p>\n<p><span><span>Bu kapsamda \u00e7al\u0131\u015fmalar yapan B\u00fcy\u00fck\u015fehir Belediyesi, T\u00fcrkiye Kad\u0131n Dernekleri Federasyonu i\u015fbirli\u011fiyle \u201c\u00c7al\u0131\u015fma Hayat\u0131nda \u015eiddet ve Tacizin \u00d6nlenmesi\u201d konulu fark\u0131ndal\u0131k ve bilin\u00e7lendirme e\u011fitimi d\u00fczenledi. <\/span><\/span><\/p>\n<p><span><span>FARKINDALIK E\u011e\u0130T\u0130M\u0130 <\/span><\/span><\/p>\n<p><span><span>B\u00fcy\u00fck\u015fehir Belediyesi Hizmet Binas\u0131nda ger\u00e7ekle\u015fen e\u011fitim toplant\u0131s\u0131na Antalya B\u00fcy\u00fck\u015fehir Belediye Ba\u015fkan Vekili B\u00fc\u015fra \u00d6zdemir, T\u00fcrkiye Kad\u0131n Dernekleri Federasyonu Ba\u015fkan\u0131 Canan G\u00fcll\u00fc, TKDF Hukuk Dan\u0131\u015fman\u0131 Av. Umut \u00c7ift\u00e7i, Karamano\u011flu Mehmetbey \u00dcniversitesi\u2019nden Do\u00e7. Dr. Seher Demirkaya, Dokuz Eyl\u00fcl \u00dcniversitesi\u2019nden Do\u00e7. Dr. Ceyhun G\u00fcler, il\u00e7e belediye temsilleri ile belediye personeli kat\u0131ld\u0131. <\/span><\/span><\/p>\n<p><span><span>KADIN DOSTU Y\u00d6NET\u0130M MODEL\u0130 <\/span><\/span><\/p>\n<p><span><span>A\u00e7\u0131l\u0131\u015fta konu\u015fan Ba\u015fkan Vekili B\u00fc\u015fra \u00d6zdemir, e\u011fitimin sadece bilgilendirme de\u011fil, kurumsal d\u00f6n\u00fc\u015f\u00fcm\u00fcn de \u00f6nemli bir ad\u0131m\u0131 oldu\u011funa vurgu yaparak, \u201cILO 190 say\u0131l\u0131 s\u00f6zle\u015fme \u00e7al\u0131\u015fma ya\u015fam\u0131nda g\u00fcvenli, e\u015fit ve insan onuruna yak\u0131\u015f\u0131r bir ortam\u0131n sa\u011flanmas\u0131n\u0131 temel bir hak olarak tan\u0131mlar. Bizler, Antalya B\u00fcy\u00fck\u015fehir Belediyesi olarak Kad\u0131n Dostu Kent vizyonunu yaln\u0131zca sosyal projelerle de\u011fil kurumsal uygulamalar\u0131m\u0131zla da hayata ge\u00e7iriyoruz. Kad\u0131nlar\u0131n g\u00fc\u00e7lenmesini, \u015fiddetin \u00f6nlenmesini ve e\u015fitlik ilkesinin t\u00fcm alanlara yerle\u015fmesini \u00f6ncelikli sorumlulu\u011fumuz olarak g\u00f6r\u00fcyoruz. Bu e\u011fitim sadece bir bilgilendirme de\u011fil, ayn\u0131 zamanda kurumsal d\u00f6n\u00fc\u015f\u00fcm\u00fcn \u00f6nemli bir ad\u0131m\u0131d\u0131r. Amac\u0131m\u0131z g\u00fcvenli ve sayg\u0131l\u0131 \u00e7al\u0131\u015fma ortamlar\u0131n\u0131 g\u00fc\u00e7lendirmek ve bu konuda yerel y\u00f6netimlere \u00f6rnek olmakt\u0131r\u201d diye konu\u015ftu. <\/span><\/span><\/p>\n<p><span><span>B\u00dcY\u00dcK\u015eEH\u0130R, T\u00dcRK\u0130YE VE D\u00dcNYA\u2019YA \u00d6RNEK OLDU<\/span><\/span><\/p>\n<p><span><span>Antalya B\u00fcy\u00fck\u015fehir Belediyesi\u2019nin bu \u00f6nemli belgeyi imzalayan ilk yerel belediye oldu\u011funu hat\u0131rlatan \u00d6zdemir, \u201cKad\u0131nlar\u0131n; g\u00fcvenle ya\u015fayabildi\u011fi, ekonomik hayata kat\u0131labildi\u011fi, karar mekanizmalar\u0131nda yer alabildi\u011fi, \u015fiddetten uzak bir ya\u015fam s\u00fcrd\u00fcrebildi\u011fi bir kent i\u00e7in \u00e7al\u0131\u015f\u0131yoruz. Amac\u0131m\u0131z g\u00fcvenli ve sayg\u0131l\u0131 \u00e7al\u0131\u015fma ortamlar\u0131n\u0131 g\u00fc\u00e7lendirmek ve bu konuda yerel y\u00f6netimlere \u00f6rnek olmakt\u0131r.\u00a0 Bu vesileyle katk\u0131 sunan t\u00fcm payda\u015flara te\u015fekk\u00fcr ediyor, e\u011fitimin verimli ge\u00e7mesini diliyorum. Bu vesileyle bu d\u00f6n\u00fc\u015f\u00fcm\u00fc ba\u015flatan T\u00fcrkiye\u2019de bunu ilk imzac\u0131s\u0131 olan Muhittin B\u00f6cek Ba\u015fkan\u0131m\u0131za te\u015fekk\u00fcrlerimi sunuyorum\u201d ifadelerini kulland\u0131. \u00a0<\/span><\/span><\/p>\n<p><span><span>ANTALYA B\u0130R \u0130LK\u0130 BA\u015eARDI <\/span><\/span><\/p>\n<p><span><span>T\u00fcrkiye Kad\u0131n Dernekleri Federasyonu Ba\u015fkan\u0131 Canan G\u00fcll\u00fc de konu\u015fmas\u0131na Muhittin B\u00f6cek\u2019e selamlar\u0131na ileterek ba\u015flad\u0131. Canan G\u00fcll\u00fc, \u201c2023 y\u0131l\u0131nda Muhittin B\u00f6cek, yerel y\u00f6netim olarak C190\u2019\u0131n imzalanmas\u0131na \u00f6nc\u00fcl\u00fck yaparak, Antalya bir ilki ba\u015fard\u0131 ve T\u00fcrkiye hen\u00fcz bu s\u00f6zle\u015fmeyi imzalamadan bir politika belgesi yay\u0131nlad\u0131. Bu belgeyle Bu politika belgesini d\u00fcnyada ilk imzalayan yerel belediye Antalya B\u00fcy\u00fck\u015fehir Belediyesi oldu. \u0130stanbul S\u00f6zle\u015fmesinden daha \u00e7ok g\u00fcvendi\u011fim bir belge. \u00c7\u00fcnk\u00fc C190 s\u00f6zle\u015fmesinin s\u00fcrd\u00fcr\u00fclebilir istihdam\u0131 daha \u00e7ok destekleyecek ve g\u00fc\u00e7lendirecektir\u201d diye konu\u015ftu.<\/span><\/span><\/p>\n<p><span><span>E\u011fitim toplant\u0131s\u0131nda TKDF Hukuk Dan\u0131\u015fman\u0131 Av. Umut \u00c7ift\u00e7i \u2018\u00c7al\u0131\u015fma ya\u015fam\u0131nda \u015fiddet ve tacize m\u00fccadelede temel kavramlar\u2019, Do\u00e7. Dr. Seher Demirkaya ile Do\u00e7. Dr. Ceyhun G\u00fcler, \u2018\u00c7al\u0131\u015fma ya\u015fam\u0131nda temel haklar, \u0130\u015fyerinde \u015fiddet ve tacizle m\u00fccadelenin ruhu\u2019 konulu sunum yapt\u0131lar. \u00a0\u00a0<\/span><\/span><\/p>\n<p>\u00a0<br \/>Kaynak: (BYZHA) Beyaz Haber Ajans\u0131<\/p><\/p>\n","protected":false},"excerpt":{"rendered":"<p>Antalya B\u00fcy\u00fck\u015fehir Belediyesi taraf\u0131ndan ILO C190 say\u0131l\u0131 s\u00f6zle\u015fme kapsam\u0131nda \u201c\u00c7al\u0131\u015fma Hayat\u0131nda \u015eiddet ve Tacizin \u00d6nlenmesi E\u011fitimi\u201d d\u00fczenlendi.<\/p>\n","protected":false},"author":1,"featured_media":44853,"comment_status":"open","ping_status":"open","sticky":false,"template":"","format":"standard","meta":{"footnotes":""},"categories":[7],"tags":[6029,372,378,380,197],"class_list":["post-44852","post","type-post","status-publish","format-standard","has-post-thumbnail","hentry","category-egitim","tag-6029","tag-belediye","tag-calisma","tag-kadin","tag-turkiye"],"_links":{"self":[{"href":"https:\/\/bihavadis.com\/index.php\/wp-json\/wp\/v2\/posts\/44852","targetHints":{"allow":["GET"]}}],"collection":[{"href":"https:\/\/bihavadis.com\/index.php\/wp-json\/wp\/v2\/posts"}],"about":[{"href":"https:\/\/bihavadis.com\/index.php\/wp-json\/wp\/v2\/types\/post"}],"author":[{"embeddable":true,"href":"https:\/\/bihavadis.com\/index.php\/wp-json\/wp\/v2\/users\/1"}],"replies":[{"embeddable":true,"href":"https:\/\/bihavadis.com\/index.php\/wp-json\/wp\/v2\/comments?post=44852"}],"version-history":[{"count":1,"href":"https:\/\/bihavadis.com\/index.php\/wp-json\/wp\/v2\/posts\/44852\/revisions"}],"predecessor-version":[{"id":44854,"href":"https:\/\/bihavadis.com\/index.php\/wp-json\/wp\/v2\/posts\/44852\/revisions\/44854"}],"wp:featuredmedia":[{"embeddable":true,"href":"https:\/\/bihavadis.com\/index.php\/wp-json\/wp\/v2\/media\/44853"}],"wp:attachment":[{"href":"https:\/\/bihavadis.com\/index.php\/wp-json\/wp\/v2\/media?parent=44852"}],"wp:term":[{"taxonomy":"category","embeddable":true,"href":"https:\/\/bihavadis.com\/index.php\/wp-json\/wp\/v2\/categories?post=44852"},{"taxonomy":"post_tag","embeddable":true,"href":"https:\/\/bihavadis.com\/index.php\/wp-json\/wp\/v2\/tags?post=44852"}],"curies":[{"name":"wp","href":"https:\/\/api.w.org\/{rel}","templated":true}]}}