{"id":44977,"date":"2026-02-24T08:51:11","date_gmt":"2026-02-24T08:51:11","guid":{"rendered":"https:\/\/bihavadis.com\/?p=44977"},"modified":"2026-02-24T08:51:11","modified_gmt":"2026-02-24T08:51:11","slug":"erzurumda-trafikte-araciyla-kacan-surucuye-35-bin-lira-ceza-kesildi","status":"publish","type":"post","link":"https:\/\/bihavadis.com\/index.php\/2026\/02\/24\/erzurumda-trafikte-araciyla-kacan-surucuye-35-bin-lira-ceza-kesildi\/","title":{"rendered":"Erzurum&#8217;da trafikte arac\u0131yla ka\u00e7an s\u00fcr\u00fcc\u00fcye 35 bin lira ceza kesildi"},"content":{"rendered":"<p>Erzurum&#8217;un Dudayev Caddesi&#8217;nde uygulama yapan polis ekipleri, bir otomobil s\u00fcr\u00fcc\u00fcs\u00fcne <em><b>&#8216;dur&#8217;<\/b><\/em> ihtar\u0131nda bulundu.<\/p>\n<p>Ancak s\u00fcr\u00fcc\u00fc ka\u00e7t\u0131. Dada\u015fkent&#8217;i Paland\u00f6ken il\u00e7esine ba\u011flayan yolda otomobiliyle h\u0131zla ilerleyen s\u00fcr\u00fcc\u00fc, \u0130hsan Do\u011framac\u0131 Bulvar\u0131 \u00fczerinden Yar\u0131mca yolunu ge\u00e7ti.<\/p>\n<p><strong>S\u00dcR\u00dcC\u00dcN\u00dcN TRAF\u0130KTEN MEN ED\u0130LD\u0130\u011e\u0130 \u00d6\u011eREN\u0130LD\u0130<\/strong><\/p>\n<p>S\u00fcr\u00fcc\u00fc, buradan da \u00c7at yolu istikametindeki \u0130pek yolu Kalem Camii taraf\u0131na y\u00f6neldi.<\/p>\n<p>Erzurum \u015eehir Hastanesi&#8217;ne giren s\u00fcr\u00fcc\u00fc, arka bah\u00e7ede ekipler taraf\u0131ndan k\u0131st\u0131r\u0131ld\u0131.<\/p>\n<p>Yakalanan s\u00fcr\u00fcc\u00fcn\u00fcn yap\u0131lan kontrolde A.\u0130. 26 ya\u015f\u0131nda oldu\u011fu, otomobilinin daha \u00f6nce abart\u0131 egzoz ve yay kestirmeden dolay\u0131 trafikten men edildi\u011fi belirlendi.<\/p>\n<p><img decoding=\"async\" src=\"https:\/\/bihavadis.com\/wp-content\/uploads\/2026\/02\/erzurumda-trafikte-araciyla-kacan-surucuye-35-bin-lira-ceza-kesildi-0-FeuIXtnZ.jpg\"\/><\/p>\n<p><strong>\u015e\u00dcPHEL\u0130N\u0130N EHL\u0130YET\u0130NE 2 AY S\u00dcREYLE EL KONULDU<\/strong><\/p>\n<p>Alkols\u00fcz olan s\u00fcr\u00fcc\u00fcye;\u00a0<em><b>&#8216;\u015ferit de\u011fi\u015ftirerek trafi\u011fi tehlikeye d\u00fc\u015f\u00fcrme&#8217;<\/b><\/em>, <em><b>&#8216;abart\u0131 egzoz&#8217;<\/b><\/em>, <em><b>&#8216;k\u0131rm\u0131z\u0131 \u0131\u015f\u0131k ihlali&#8217;<\/b><\/em> gibi trafik su\u00e7lar\u0131ndan toplam 35 bin TL para cezas\u0131 kesildi.<\/p>\n<p>A.\u0130.&#8217;nin ehliyetine de ceza puan\u0131 100&#8217;\u00fc ge\u00e7ti\u011fi i\u00e7in 2 ay s\u00fcreyle el konuldu.<\/p>\n<p><img decoding=\"async\" src=\"https:\/\/bihavadis.com\/wp-content\/uploads\/2026\/02\/erzurumda-trafikte-araciyla-kacan-surucuye-35-bin-lira-ceza-kesildi-1-6UZTJMNj.jpg\"\/><\/p>\n<p><strong>&#8220;VALLAH\u0130 UTANIYORUM&#8221;<\/strong><\/p>\n<p>S\u00fcr\u00fcc\u00fc A.\u0130., yakaland\u0131ktan sonra, otomobilindeki 2 ayr\u0131 men cezas\u0131 y\u00fcz\u00fcnden ka\u00e7t\u0131\u011f\u0131n\u0131 s\u00f6yledi.<\/p>\n<p>Polisin kelep\u00e7e takmak i\u00e7in otomobilin \u00fczerine yat\u0131rd\u0131\u011f\u0131 s\u00fcr\u00fcc\u00fc,<em><b> &#8220;A\u011fabeyi vallahi utan\u0131yorum. Yemin ederim utan\u0131yorum. Bu \u00fclkeyi seven insanlar\u0131z. Bu \u015fekilde yarg\u0131layamazs\u0131n\u0131z.&#8221;<\/b><\/em> dedi.<\/p>\n<p><strong>\u015e\u00dcPHEL\u0130 HAKKINDA ADL\u0130 \u0130\u015eLEM BA\u015eLATILDI<\/strong><\/p>\n<p>Kelep\u00e7e tak\u0131larak ekip otosunu g\u00f6t\u00fcr\u00fclen s\u00fcr\u00fcc\u00fc memur oldu\u011funu ifade ederek avukat\u0131n\u0131 aramak istedi.<\/p>\n<p>A.\u0130. hakk\u0131nda ayr\u0131ca trafik g\u00fcvenli\u011fini tehlikeye sokmaktan adli i\u015flem yap\u0131ld\u0131.<\/p>\n<p><img decoding=\"async\" src=\"https:\/\/bihavadis.com\/wp-content\/uploads\/2026\/02\/erzurumda-trafikte-araciyla-kacan-surucuye-35-bin-lira-ceza-kesildi-2-BZiCShim.jpg\"\/><\/p>\n<p><img decoding=\"async\" src=\"https:\/\/bihavadis.com\/wp-content\/uploads\/2026\/02\/erzurumda-trafikte-araciyla-kacan-surucuye-35-bin-lira-ceza-kesildi-3-XvlbU9hN.jpg\"\/><\/p>\n<p><img decoding=\"async\" src=\"https:\/\/bihavadis.com\/wp-content\/uploads\/2026\/02\/erzurumda-trafikte-araciyla-kacan-surucuye-35-bin-lira-ceza-kesildi-4-EaT7AOuY.jpg\"\/><\/p>\n","protected":false},"excerpt":{"rendered":"<p>Aziziye il\u00e7esinde trafikten menedilen otomobiliyle dur ihtar\u0131na uymayan s\u00fcr\u00fcc\u00fc, takiple yakaland\u0131. 35 bin lira ceza kesilen s\u00fcr\u00fcc\u00fcn\u00fcn ehliyetine 2 ay el konuldu.<\/p>\n","protected":false},"author":1,"featured_media":44978,"comment_status":"open","ping_status":"open","sticky":false,"template":"","format":"standard","meta":{"footnotes":""},"categories":[4,13],"tags":[280,328],"class_list":["post-44977","post","type-post","status-publish","format-standard","has-post-thumbnail","hentry","category-gundem","category-son-dakika","tag-otomobil","tag-surucu"],"_links":{"self":[{"href":"https:\/\/bihavadis.com\/index.php\/wp-json\/wp\/v2\/posts\/44977","targetHints":{"allow":["GET"]}}],"collection":[{"href":"https:\/\/bihavadis.com\/index.php\/wp-json\/wp\/v2\/posts"}],"about":[{"href":"https:\/\/bihavadis.com\/index.php\/wp-json\/wp\/v2\/types\/post"}],"author":[{"embeddable":true,"href":"https:\/\/bihavadis.com\/index.php\/wp-json\/wp\/v2\/users\/1"}],"replies":[{"embeddable":true,"href":"https:\/\/bihavadis.com\/index.php\/wp-json\/wp\/v2\/comments?post=44977"}],"version-history":[{"count":1,"href":"https:\/\/bihavadis.com\/index.php\/wp-json\/wp\/v2\/posts\/44977\/revisions"}],"predecessor-version":[{"id":44984,"href":"https:\/\/bihavadis.com\/index.php\/wp-json\/wp\/v2\/posts\/44977\/revisions\/44984"}],"wp:featuredmedia":[{"embeddable":true,"href":"https:\/\/bihavadis.com\/index.php\/wp-json\/wp\/v2\/media\/44978"}],"wp:attachment":[{"href":"https:\/\/bihavadis.com\/index.php\/wp-json\/wp\/v2\/media?parent=44977"}],"wp:term":[{"taxonomy":"category","embeddable":true,"href":"https:\/\/bihavadis.com\/index.php\/wp-json\/wp\/v2\/categories?post=44977"},{"taxonomy":"post_tag","embeddable":true,"href":"https:\/\/bihavadis.com\/index.php\/wp-json\/wp\/v2\/tags?post=44977"}],"curies":[{"name":"wp","href":"https:\/\/api.w.org\/{rel}","templated":true}]}}