{"id":45033,"date":"2026-02-24T09:30:08","date_gmt":"2026-02-24T09:30:08","guid":{"rendered":"https:\/\/bihavadis.com\/?p=45033"},"modified":"2026-02-24T09:30:08","modified_gmt":"2026-02-24T09:30:08","slug":"ipler-koptu-real-madridde-arda-guler-soku","status":"publish","type":"post","link":"https:\/\/bihavadis.com\/index.php\/2026\/02\/24\/ipler-koptu-real-madridde-arda-guler-soku\/","title":{"rendered":"\u0130pler koptu! Real Madrid&#8217;de Arda G\u00fcler \u015foku"},"content":{"rendered":"<p> Real Madrid&#8217;de milli futbolcu Arda G\u00fcler&#8217;le ilgili dikkat \u00e7eken bir kriz iddias\u0131 g\u00fcndeme geldi. \u015eampiyonlar Ligi&#8217;nde oynanan Benfica ma\u00e7\u0131nda oyundan al\u0131nd\u0131ktan sonra teknik direkt\u00f6r Alvaro Arbeloa&#8217;ya tepki g\u00f6steren Arda G\u00fcler&#8217;in, ya\u015fananlar sonras\u0131 teknik ekiple ba\u011flar\u0131n\u0131n ciddi \u015fekilde zedelendi\u011fi \u00f6ne s\u00fcr\u00fcld\u00fc.<\/p>\n<p><b>SOYUNMA ODASINDA GER\u0130L\u0130M ARTIYOR<\/b><\/p>\n<p>\u0130spanyol bas\u0131n\u0131nda yer alan haberlere g\u00f6re Real Madrid soyunma odas\u0131nda atmosfer giderek geriliyor. Kul\u00fcp i\u00e7inde, teknik direkt\u00f6r Alvaro Arbeloa&#8217;n\u0131n s\u00fcre ve rol da\u011f\u0131l\u0131m\u0131nda adaletsiz davrand\u0131\u011f\u0131 y\u00f6n\u00fcnde bir alg\u0131n\u0131n olu\u015ftu\u011fu belirtiliyor. \u00d6zellikle baz\u0131 oyuncular\u0131n s\u00fcrekli \u00f6n planda tutulmas\u0131, di\u011fer isimlerde rahats\u0131zl\u0131k yarat\u0131yor.<\/p>\n<p><b>&#8220;\u00d6NCEL\u0130K MBAPPE, VINICIUS VE BELLINGHAM&#8221; ALGISI<\/b><\/p>\n<p>Kul\u00fcp i\u00e7indeki de\u011ferlendirmelerde, Arbeloa&#8217;n\u0131n Kylian Mbappe, Vinicius Junior ve Jude Bellingham&#8217;\u0131 memnun etmeye odakland\u0131\u011f\u0131, geri kalan oyuncular\u0131n ise ikinci planda kald\u0131\u011f\u0131 y\u00f6n\u00fcndeki alg\u0131n\u0131n g\u00fc\u00e7lendi\u011fi ifade ediliyor.<\/p>\n<p><b>TEKN\u0130K EK\u0130P \u0130LE \u0130PLER KOPTU \u0130DD\u0130ASI<\/b><\/p>\n<p>Bu tablonun merkezindeki isimlerden birinin Arda G\u00fcler oldu\u011fu aktar\u0131l\u0131yor. El Nacional&#8217;de yer alan haberde, gen\u00e7 futbolcunun g\u00f6sterdi\u011fi \u00e7aba ve profesyonel tutuma ra\u011fmen yeterli s\u00fcre ve g\u00fcveni bulamad\u0131\u011f\u0131n\u0131 d\u00fc\u015f\u00fcnd\u00fc\u011f\u00fc vurguland\u0131. Arda G\u00fcler&#8217;in, hangi performans\u0131 sergilerse sergilesin teknik heyetin tercihlerinin de\u011fi\u015fmedi\u011fine inand\u0131\u011f\u0131 ve bu durumun sabr\u0131n\u0131 ta\u015f\u0131rd\u0131\u011f\u0131 \u00f6ne s\u00fcr\u00fcld\u00fc.<\/p>\n<p><b>BELLINGHAM&#8217;A VER\u0130LEN DESTEK TEPK\u0130 \u00c7EK\u0130YOR<\/b><\/p>\n<p>\u0130ddiaya g\u00f6re Arda G\u00fcler, di\u011fer oyuncular\u0131n hata yapma l\u00fcks\u00fc olmadan kenara itilmesine kar\u015f\u0131n Jude Bellingham&#8217;a ko\u015fulsuz destek verilmesini anlamakta zorlan\u0131yor. Bu durumun gen\u00e7 futbolcunun hayal k\u0131r\u0131kl\u0131\u011f\u0131n\u0131 daha da art\u0131rd\u0131\u011f\u0131 ifade ediliyor.<\/p>\n<p><b>ARDA G\u00dcLER YALNIZ DE\u011e\u0130L<\/b><\/p>\n<p>Soyunma odas\u0131nda Arda G\u00fcler&#8217;in ya\u015fad\u0131\u011f\u0131 rahats\u0131zl\u0131\u011f\u0131 payla\u015fan ba\u015fka oyuncular\u0131n da oldu\u011fu belirtiliyor. Performanstan ba\u011f\u0131ms\u0131z \u015fekilde baz\u0131 y\u0131ld\u0131zlara tan\u0131nan ayr\u0131cal\u0131klar\u0131n, gen\u00e7 ve h\u0131rsl\u0131 futbolcular aras\u0131nda huzursuzluk yaratt\u0131\u011f\u0131 ve bu dengenin d\u00fczeltilmemesi halinde krizin b\u00fcy\u00fcyebilece\u011fi konu\u015fuluyor.<\/p>\n","protected":false},"excerpt":{"rendered":"<p>\u0130spanyol bas\u0131n\u0131na g\u00f6re Real Madrid&#8217;de Arda G\u00fcler, yeterli s\u00fcre ve g\u00fcveni bulamad\u0131\u011f\u0131n\u0131 d\u00fc\u015f\u00fcn\u00fcrken teknik ekiple aras\u0131ndaki gerilim art\u0131yor; kul\u00fcp i\u00e7inde ayr\u0131cal\u0131k iddialar\u0131 soyunma odas\u0131nda krize yol a\u00e7m\u0131\u015f durumda.<\/p>\n","protected":false},"author":1,"featured_media":45034,"comment_status":"open","ping_status":"open","sticky":false,"template":"","format":"standard","meta":{"footnotes":""},"categories":[14],"tags":[6043],"class_list":["post-45033","post","type-post","status-publish","format-standard","has-post-thumbnail","hentry","category-spor","tag-arda-guler"],"_links":{"self":[{"href":"https:\/\/bihavadis.com\/index.php\/wp-json\/wp\/v2\/posts\/45033","targetHints":{"allow":["GET"]}}],"collection":[{"href":"https:\/\/bihavadis.com\/index.php\/wp-json\/wp\/v2\/posts"}],"about":[{"href":"https:\/\/bihavadis.com\/index.php\/wp-json\/wp\/v2\/types\/post"}],"author":[{"embeddable":true,"href":"https:\/\/bihavadis.com\/index.php\/wp-json\/wp\/v2\/users\/1"}],"replies":[{"embeddable":true,"href":"https:\/\/bihavadis.com\/index.php\/wp-json\/wp\/v2\/comments?post=45033"}],"version-history":[{"count":1,"href":"https:\/\/bihavadis.com\/index.php\/wp-json\/wp\/v2\/posts\/45033\/revisions"}],"predecessor-version":[{"id":45035,"href":"https:\/\/bihavadis.com\/index.php\/wp-json\/wp\/v2\/posts\/45033\/revisions\/45035"}],"wp:featuredmedia":[{"embeddable":true,"href":"https:\/\/bihavadis.com\/index.php\/wp-json\/wp\/v2\/media\/45034"}],"wp:attachment":[{"href":"https:\/\/bihavadis.com\/index.php\/wp-json\/wp\/v2\/media?parent=45033"}],"wp:term":[{"taxonomy":"category","embeddable":true,"href":"https:\/\/bihavadis.com\/index.php\/wp-json\/wp\/v2\/categories?post=45033"},{"taxonomy":"post_tag","embeddable":true,"href":"https:\/\/bihavadis.com\/index.php\/wp-json\/wp\/v2\/tags?post=45033"}],"curies":[{"name":"wp","href":"https:\/\/api.w.org\/{rel}","templated":true}]}}