{"id":45047,"date":"2026-02-24T09:42:06","date_gmt":"2026-02-24T09:42:06","guid":{"rendered":"https:\/\/bihavadis.com\/?p=45047"},"modified":"2026-02-24T09:42:06","modified_gmt":"2026-02-24T09:42:06","slug":"salihlide-onemli-bir-is-birligi-protokolu-daha-hayata-gecirildi","status":"publish","type":"post","link":"https:\/\/bihavadis.com\/index.php\/2026\/02\/24\/salihlide-onemli-bir-is-birligi-protokolu-daha-hayata-gecirildi\/","title":{"rendered":"Salihli&#8217;de \u00f6nemli bir &#8220;\u0130\u015f Birli\u011fi Protokol\u00fc&#8221; daha hayata ge\u00e7irildi."},"content":{"rendered":"<p>Salihli Belediyesi ile Atat\u00fcrk\u00e7\u00fc D\u00fc\u015f\u00fcnce Derne\u011fi Salihli \u015eubesi aras\u0131nda \u201cOrtak Hizmet Projesi Protokol\u00fc\u201d imzaland\u0131.<br \/>\u0130mzalanan protokol kapsam\u0131nda, m\u00fclkiyeti Belediyemize ait Eski Cami Mahallesi 38. Sokak No:7 adresinde bulunan ta\u015f\u0131nmazda \u201cAtat\u00fcrk K\u00fclt\u00fcr Evi\u201d olarak dernek faaliyetlerini s\u00fcrd\u00fcrmek, \u00a0e\u011fitim ve k\u00fclt\u00fcr ama\u00e7l\u0131 sosyal donat\u0131 alanlar\u0131 olu\u015fturarak Belediyemizin ve derne\u011fin e\u011fitim, k\u00fclt\u00fcr ve sosyal faaliyetlerini birlikte y\u00fcr\u00fctmek, \u00a0\u00f6\u011frencilere y\u00f6nelik her t\u00fcrl\u00fc etkinliklerde ortak hizmetleri daha etkin ve verimli \u015fekilde devam ettirebilmek amac\u0131yla yer tahsisi ger\u00e7ekle\u015ftirildi.<\/p>\n<p>Belediye Ba\u015fkan\u0131m\u0131z, imza t\u00f6reninde yapt\u0131\u011f\u0131 a\u00e7\u0131klamada, Cumhuriyet de\u011ferlerine sahip \u00e7\u0131kan her kurum ve kurulu\u015fun yan\u0131nda olmaya devam edeceklerini belirterek, \u201cAtat\u00fcrk\u00e7\u00fc D\u00fc\u015f\u00fcnce\u2019 yi ya\u015fatmak ve gelecek nesillere aktarmak ad\u0131na \u00f6nemli \u00e7al\u0131\u015fmalar y\u00fcr\u00fcten ADD Salihli \u015eubemize destek olmaktan memnuniyet duyuyoruz. Tahsis edilen alan\u0131n hay\u0131rl\u0131 olmas\u0131n\u0131 diliyorum.\u201d ifadelerini kulland\u0131.<\/p>\n<p>Ger\u00e7ekle\u015ftirilen protokol ile birlikte; \u00a0ADD Salihli \u015eubesi ile Belediyemiz, \u00a0gelece\u011fin yeti\u015fkinleri olan gen\u00e7 nesle \u00fclkemizin ayd\u0131nl\u0131k gelece\u011fine katk\u0131 sunmas\u0131 i\u00e7in akademik destek sa\u011flamay\u0131, e\u011fitim, \u00f6\u011fretim, bilim, k\u00fclt\u00fcr, sanat ve \u00e7evre konular\u0131nda toplumsal \u00e7al\u0131\u015fmalar yap\u0131larak, \u00a0sergi, konferans ve di\u011fer etkinliklerle daha geni\u015f kitlelere ula\u015fmay\u0131 hedeflemektedir.<\/p>\n<p>Salihli Belediyesi olarak, kentimizde faaliyet g\u00f6steren sivil toplum kurulu\u015flar\u0131yla i\u015f birli\u011fimizi g\u00fc\u00e7lendirerek, ortak de\u011ferlerimiz etraf\u0131nda \u00e7al\u0131\u015fmalar\u0131m\u0131z\u0131 s\u00fcrd\u00fcrmeye devam edece\u011fiz.<\/p>\n<p>Kaynak: (BYZHA) Beyaz Haber Ajans\u0131<\/p>\n","protected":false},"excerpt":{"rendered":"<p>Salihli Belediyesi ile Atat\u00fcrk\u00e7\u00fc D\u00fc\u015f\u00fcnce Derne\u011fi Salihli \u015eubesi aras\u0131nda \u201cOrtak Hizmet Projesi Protokol\u00fc\u201d imzaland\u0131.<\/p>\n","protected":false},"author":1,"featured_media":45048,"comment_status":"open","ping_status":"open","sticky":false,"template":"","format":"standard","meta":{"footnotes":""},"categories":[4],"tags":[372,2755],"class_list":["post-45047","post","type-post","status-publish","format-standard","has-post-thumbnail","hentry","category-gundem","tag-belediye","tag-salihli"],"_links":{"self":[{"href":"https:\/\/bihavadis.com\/index.php\/wp-json\/wp\/v2\/posts\/45047","targetHints":{"allow":["GET"]}}],"collection":[{"href":"https:\/\/bihavadis.com\/index.php\/wp-json\/wp\/v2\/posts"}],"about":[{"href":"https:\/\/bihavadis.com\/index.php\/wp-json\/wp\/v2\/types\/post"}],"author":[{"embeddable":true,"href":"https:\/\/bihavadis.com\/index.php\/wp-json\/wp\/v2\/users\/1"}],"replies":[{"embeddable":true,"href":"https:\/\/bihavadis.com\/index.php\/wp-json\/wp\/v2\/comments?post=45047"}],"version-history":[{"count":1,"href":"https:\/\/bihavadis.com\/index.php\/wp-json\/wp\/v2\/posts\/45047\/revisions"}],"predecessor-version":[{"id":45049,"href":"https:\/\/bihavadis.com\/index.php\/wp-json\/wp\/v2\/posts\/45047\/revisions\/45049"}],"wp:featuredmedia":[{"embeddable":true,"href":"https:\/\/bihavadis.com\/index.php\/wp-json\/wp\/v2\/media\/45048"}],"wp:attachment":[{"href":"https:\/\/bihavadis.com\/index.php\/wp-json\/wp\/v2\/media?parent=45047"}],"wp:term":[{"taxonomy":"category","embeddable":true,"href":"https:\/\/bihavadis.com\/index.php\/wp-json\/wp\/v2\/categories?post=45047"},{"taxonomy":"post_tag","embeddable":true,"href":"https:\/\/bihavadis.com\/index.php\/wp-json\/wp\/v2\/tags?post=45047"}],"curies":[{"name":"wp","href":"https:\/\/api.w.org\/{rel}","templated":true}]}}