{"id":45050,"date":"2026-02-24T09:45:06","date_gmt":"2026-02-24T09:45:06","guid":{"rendered":"https:\/\/bihavadis.com\/?p=45050"},"modified":"2026-02-24T09:45:06","modified_gmt":"2026-02-24T09:45:06","slug":"izmirde-kooperatif-sorusturmasi-21-supheli-gozaltina-alindi","status":"publish","type":"post","link":"https:\/\/bihavadis.com\/index.php\/2026\/02\/24\/izmirde-kooperatif-sorusturmasi-21-supheli-gozaltina-alindi\/","title":{"rendered":"\u0130zmir&#8217;de &#8216;kooperatif&#8217; soru\u015fturmas\u0131: 21 \u015f\u00fcpheli g\u00f6zalt\u0131na al\u0131nd\u0131"},"content":{"rendered":"<p>\u0130zmir Cumhuriyet Ba\u015fsavc\u0131l\u0131\u011f\u0131nca, \u0130zmir \u0130\u015f \u0130nsanlar\u0131 \u00d6rnekk\u00f6y Konut Yap\u0131 Kooperatifi&#8217;ne y\u00f6nelik &#8220;zimmet&#8221; iddialar\u0131yla ilgili y\u00fcr\u00fct\u00fclen soru\u015fturmada yeni geli\u015fme&#8230;<\/p>\n<p>Soru\u015fturmada bilirki\u015fi raporlar\u0131 do\u011frultusunda 23 \u0130ZBETON A\u015e \u00e7al\u0131\u015fan\u0131n\u0131n sigorta primlerinin \u00d6rnekk\u00f6y 4. Etap&#8217;ta \u00e7al\u0131\u015fm\u0131\u015f gibi g\u00f6sterilmesine ili\u015fkin 23 \u015f\u00fcpheli hakk\u0131nda g\u00f6zalt\u0131 karar\u0131 verildi.<\/p>\n<p><strong>21 K\u0130\u015e\u0130 G\u00d6ZALTINA ALINDI <\/strong><\/p>\n<p>\u015e\u00fcphelilerden 21&#8217;i g\u00f6zalt\u0131na al\u0131nd\u0131, 2&#8217;sinin yakalanmas\u0131na y\u00f6nelik \u00e7al\u0131\u015fman\u0131n s\u00fcrd\u00fc\u011f\u00fc belirtildi.<\/p>\n<p>G\u00f6zalt\u0131na al\u0131nanlar\u0131n m\u00fchendis oldu\u011fu, 2022 y\u0131l\u0131nda kooperatifte \u00e7al\u0131\u015f\u0131yor olarak g\u00f6sterilip \u0130ZBETON A\u015e&#8217;den elden y\u00fcksek maa\u015f ald\u0131klar\u0131 \u00f6ne s\u00fcr\u00fcld\u00fc.<\/p>\n<p><strong>OLAY <\/strong><\/p>\n<p>\u0130zmir Cumhuriyet Ba\u015fsavc\u0131l\u0131\u011f\u0131 koordinesinde y\u00fcr\u00fct\u00fclen soru\u015fturma \u00e7er\u00e7evesinde, S.S. \u0130\u015f \u0130nsanlar\u0131 \u00d6rnekk\u00f6y Konut Yap\u0131 Kooperatifi \u00fcyelerinin ma\u011fdur edildi\u011fi ve kooperatif i\u015flemlerinde usuls\u00fczl\u00fck yap\u0131ld\u0131\u011f\u0131 iddialar\u0131 \u00fczerine operasyon ba\u015flat\u0131lm\u0131\u015ft\u0131.\u00a0<\/p>\n<p><strong>ESK\u0130 CHP \u0130ZM\u0130R \u0130L BA\u015eKANI G\u00d6ZALTINA ALINMI\u015eTI<\/strong><\/p>\n<p>\u0130l Emniyet M\u00fcd\u00fcrl\u00fc\u011f\u00fc Mali Su\u00e7larla M\u00fccadele \u015eube M\u00fcd\u00fcrl\u00fc\u011f\u00fc ekiplerince 26 Aral\u0131k tarihinde d\u00fczenlenen operasyonda, eski Cumhuriyet Halk Partisi (CHP) \u0130zmir \u0130l Ba\u015fkan\u0131 \u015eenol Aslano\u011flu ile kooperatif ve ta\u015feron firma yetkilileri g\u00f6zalt\u0131na al\u0131nd\u0131.<\/p>\n<p>Emniyetteki i\u015flemleri tamamlanan \u015f\u00fcpheliler, 29 Aral\u0131k sabah\u0131 adliyeye sevk edildi. Savc\u0131l\u0131k sorgular\u0131n\u0131n ard\u0131ndan n\u00f6bet\u00e7i sulh ceza hakimli\u011fine \u00e7\u0131kar\u0131lan \u015f\u00fcpheliler hakk\u0131nda karar verildi.<\/p>\n<p><img decoding=\"async\" src=\"https:\/\/bihavadis.com\/wp-content\/uploads\/2026\/02\/izmirde-kooperatif-sorusturmasi-21-supheli-gozaltina-alindi-0-3z7cwYJ3.jpg\"\/><\/p>\n<p><strong>5 TUTUKLAMA, 6 ADL\u0130 KONTROL<\/strong><\/p>\n<p>Mahkeme; eski \u0130zmir B\u00fcy\u00fck\u015fehir Belediyesi Ba\u015fkan\u0131 Tun\u00e7 Soyer, \u0130ZBETON eski Genel M\u00fcd\u00fcr\u00fc Heval Sava\u015f Kaya, CHP \u0130zmir eski \u0130l Ba\u015fkan\u0131 \u015eenol Aslano\u011flu ile i\u015f insanlar\u0131 Burak Bak\u0131r ve Y\u0131ld\u0131r\u0131m Kuruo\u011fullar\u0131&#8217;n\u0131n tutuklanmas\u0131na karar verdi.<\/p>\n<p>Soru\u015fturma kapsam\u0131nda g\u00f6zalt\u0131nda bulunan di\u011fer \u015f\u00fcpheliler M.B., K.M., A.D., Y.E., D.\u00c7. ve E.\u015e. ise adli kontrol \u015fart\u0131yla serbest b\u0131rak\u0131ld\u0131.<\/p>\n<p>\u0130ZBETON\u2019a y\u00f6nelik yolsuzluk soru\u015fturmas\u0131 kapsam\u0131nda a\u00e7\u0131lan kooperatif davas\u0131nda tutuklu bulunan Soyer ve Kaya, Ses ve G\u00f6r\u00fcnt\u00fc Bili\u015fim Sistemi (SEGB\u0130S) arac\u0131l\u0131\u011f\u0131yla ifade verdi.<\/p>\n<p><img decoding=\"async\" src=\"https:\/\/bihavadis.com\/wp-content\/uploads\/2026\/02\/izmirde-kooperatif-sorusturmasi-21-supheli-gozaltina-alindi-1-vrLVT2yD.jpg\"\/><\/p>\n","protected":false},"excerpt":{"rendered":"<p>\u0130zmir \u0130\u015f \u0130nsanlar\u0131 \u00d6rnekk\u00f6y Konut Yap\u0131 Kooperatifi&#8217;nde &#8220;zimmet&#8221; iddialar\u0131na y\u00f6nelik ba\u015flat\u0131lan soru\u015fturma kapsam\u0131nda 23 \u015f\u00fcpheli hakk\u0131nda g\u00f6zalt\u0131 karar\u0131 verildi. \u015e\u00fcphelilerden 21&#8217;i g\u00f6zalt\u0131na al\u0131nd\u0131.<\/p>\n","protected":false},"author":1,"featured_media":45051,"comment_status":"open","ping_status":"open","sticky":false,"template":"","format":"standard","meta":{"footnotes":""},"categories":[9,13],"tags":[1123,2190,978,771,1705],"class_list":["post-45050","post","type-post","status-publish","format-standard","has-post-thumbnail","hentry","category-genel","category-son-dakika","tag-eski","tag-gozalti","tag-izmir","tag-kooperatif","tag-sorusturma"],"_links":{"self":[{"href":"https:\/\/bihavadis.com\/index.php\/wp-json\/wp\/v2\/posts\/45050","targetHints":{"allow":["GET"]}}],"collection":[{"href":"https:\/\/bihavadis.com\/index.php\/wp-json\/wp\/v2\/posts"}],"about":[{"href":"https:\/\/bihavadis.com\/index.php\/wp-json\/wp\/v2\/types\/post"}],"author":[{"embeddable":true,"href":"https:\/\/bihavadis.com\/index.php\/wp-json\/wp\/v2\/users\/1"}],"replies":[{"embeddable":true,"href":"https:\/\/bihavadis.com\/index.php\/wp-json\/wp\/v2\/comments?post=45050"}],"version-history":[{"count":1,"href":"https:\/\/bihavadis.com\/index.php\/wp-json\/wp\/v2\/posts\/45050\/revisions"}],"predecessor-version":[{"id":45054,"href":"https:\/\/bihavadis.com\/index.php\/wp-json\/wp\/v2\/posts\/45050\/revisions\/45054"}],"wp:featuredmedia":[{"embeddable":true,"href":"https:\/\/bihavadis.com\/index.php\/wp-json\/wp\/v2\/media\/45051"}],"wp:attachment":[{"href":"https:\/\/bihavadis.com\/index.php\/wp-json\/wp\/v2\/media?parent=45050"}],"wp:term":[{"taxonomy":"category","embeddable":true,"href":"https:\/\/bihavadis.com\/index.php\/wp-json\/wp\/v2\/categories?post=45050"},{"taxonomy":"post_tag","embeddable":true,"href":"https:\/\/bihavadis.com\/index.php\/wp-json\/wp\/v2\/tags?post=45050"}],"curies":[{"name":"wp","href":"https:\/\/api.w.org\/{rel}","templated":true}]}}