{"id":45082,"date":"2026-02-24T10:06:05","date_gmt":"2026-02-24T10:06:05","guid":{"rendered":"https:\/\/bihavadis.com\/?p=45082"},"modified":"2026-02-24T10:06:05","modified_gmt":"2026-02-24T10:06:05","slug":"bakan-bayraktar-turkiyede-bugune-kadar-gordugumuz-en-dusuk-fiyatla-elektrigi-alacagiz","status":"publish","type":"post","link":"https:\/\/bihavadis.com\/index.php\/2026\/02\/24\/bakan-bayraktar-turkiyede-bugune-kadar-gordugumuz-en-dusuk-fiyatla-elektrigi-alacagiz\/","title":{"rendered":"Bakan Bayraktar: &#8220;T\u00fcrkiye&#8217;de bug\u00fcne kadar g\u00f6rd\u00fc\u011f\u00fcm\u00fcz en d\u00fc\u015f\u00fck fiyatla elektri\u011fi alaca\u011f\u0131z&#8221;"},"content":{"rendered":"<p> Enerji ve Tabii Kaynaklar Bakan\u0131 Alparslan Bayraktar, Suudi Arabistan ile imzalanan enerji anla\u015fmas\u0131 sonras\u0131 &#8220;2 bin megavatl\u0131k ilk fazdaki proje, yakla\u015f\u0131k 2 milyar dolarl\u0131k bir yat\u0131r\u0131m demek, T\u00fcrkiye&#8217;de bug\u00fcne kadar g\u00f6rd\u00fc\u011f\u00fcm\u00fcz en d\u00fc\u015f\u00fck fiyatla elektri\u011fi alaca\u011f\u0131z&#8221; dedi.<\/p>\n<p>Cumhurba\u015fkan\u0131 Recep Tayyip Erdo\u011fan, Suudi Arabistan ile M\u0131s\u0131r&#8217;\u0131 kapsayan ve iki g\u00fcn s\u00fcrecek olan resmi ziyaretlerine ba\u015flad\u0131. Cumhurba\u015fkan\u0131 Erdo\u011fan&#8217;\u0131n ziyaretlerine e\u015flik eden heyette Enerji ve Tabii Kaynaklar Bakan\u0131 Alparslan Bayraktar da yer ald\u0131. Bug\u00fcn Suudi Arabistan&#8217;\u0131n ba\u015fkenti Riyad&#8217;a ziyaret ger\u00e7ekle\u015ftiren Cumhurba\u015fkan\u0131 Erdo\u011fan, burada Suudi Arabistan Veliaht Prensi Muhammed Bin Selman taraf\u0131ndan resmi t\u00f6renle kar\u015f\u0131land\u0131. Cumhurba\u015fkan\u0131 Erdo\u011fan ile Veliaht Prens Muhammed Bin Selman aras\u0131ndaki ikili g\u00f6r\u00fc\u015fmenin ard\u0131ndan, Bakan Bayraktar&#8217;\u0131n da yer ald\u0131\u011f\u0131 heyetler aras\u0131 g\u00f6r\u00fc\u015fme ger\u00e7ekle\u015ftirildi.<\/p>\n<p>H\u00fck\u00fcmetler aras\u0131 anla\u015fma<\/p>\n<p>G\u00f6r\u00fc\u015fmelerin ar\u0131ndan da Enerji ve Tabii Kaynaklar Bakan\u0131 Alparslan Bayraktar ile Suudi Arabistan Enerji Bakan\u0131 Abdulaziz bin Selman Al-Suud, S\u0131uudi Arabistan Enerji Bakanl\u0131\u011f\u0131&#8217;nda &#8216;T\u00fcrkiye Cumhuriyeti H\u00fck\u00fcmeti ile Suudi Arabistan Krall\u0131\u011f\u0131 H\u00fck\u00fcmeti Aras\u0131nda Yenilenebilir Enerji Santrali Projelerine \u0130li\u015fkin H\u00fck\u00fcmetleraras\u0131 Anla\u015fma&#8217;ya imza koydu. Bakan Bayraktar, imza t\u00f6reninin ard\u0131ndan anla\u015fman\u0131n detaylar\u0131n\u0131 a\u00e7\u0131klad\u0131. T\u00fcrkiye&#8217;nin 2035 y\u0131l\u0131nda g\u00fcne\u015f ve r\u00fczgarda 120 bin megavat kurulu g\u00fc\u00e7 hedefine ula\u015fmay\u0131 hedefledi\u011fini hat\u0131rlatan Bayraktar, bu g\u00fcce ula\u015f\u0131rken her y\u0131l 8-9 bin megavat yeni kapasiteyi sisteme katmalar\u0131 gerekti\u011fini ifade etti. Bu kapsamda YEKA ihalelerinin, \u00f6zt\u00fcketim ama\u00e7l\u0131 kurulan santral yat\u0131r\u0131mlar\u0131n\u0131n ve depolamal\u0131 enerji projelerinin devam etti\u011fine i\u015faret eden Bayraktar, &#8220;Bunlara bir ilave, yeni bir y\u00f6ntem; h\u00fck\u00fcmetler aras\u0131 anla\u015fma yoluyla, ikili anla\u015fma yoluyla yapt\u0131\u011f\u0131m\u0131z b\u00fcy\u00fck \u00f6l\u00e7ekli ve \u00e7ok daha ucuz fiyatl\u0131 elektri\u011fi uzun s\u00fcre boyunca \u00fclkemize alabilece\u011fimiz projelerdi&#8221; dedi.<\/p>\n<p>Projenin kapsam\u0131 5 bin megavat<\/p>\n<p>Anla\u015fma \u00fczerinde uzun m\u00fczakerelerin ya\u015fand\u0131\u011f\u0131n\u0131 ifade eden Bayraktar, &#8220;Bug\u00fcn nihai olarak imzalar\u0131m\u0131z\u0131 att\u0131k. Esas itibariyle projenin kapsam\u0131, yakla\u015f\u0131k 5 bin megavat. Bug\u00fcn imza att\u0131\u011f\u0131m\u0131z ilk k\u0131s\u0131m, 2 bin megavatl\u0131k g\u00fcne\u015f projelerini i\u00e7eriyor. Bunun bin megavat\u0131 Sivas&#8217;ta, bin megavat\u0131 da Karaman Ta\u015feli&#8217;nde ger\u00e7ekle\u015fecek&#8221; dedi. Anla\u015fman\u0131n T\u00fcrkiye a\u00e7\u0131s\u0131ndan tarihi bir \u00f6nemde oldu\u011funa vurgu yapan Bayraktar, &#8220;Biz burada \u00fcretilen elektri\u011fi, \u00f6zellikle Ta\u015feli&#8217;ndeki proje i\u00e7in s\u00f6yl\u00fcyorum, kilovat ba\u015f\u0131na 1,995 euro\/cent bir bedelle al\u0131yoruz. T\u00fcrkiye, yakla\u015f\u0131k 25 y\u0131l boyunca bu fiyattan elektrik alacak. Yani, T\u00fcrkiye&#8217;de bug\u00fcne kadar g\u00f6rd\u00fc\u011f\u00fcm\u00fcz en d\u00fc\u015f\u00fck fiyatla elektri\u011fi alaca\u011f\u0131z ve bunu T\u00fcrkiye&#8217;deki t\u00fcketicilere, vatanda\u015flar\u0131m\u0131za sunaca\u011f\u0131z&#8221; ifadelerini kulland\u0131. Bayraktar, Sivas&#8217;ta yap\u0131lacak santralden ise 2,3415 euro\/cent \u00fczerinden 25 y\u0131l boyunca elektrik al\u0131m\u0131 yap\u0131laca\u011f\u0131n\u0131 kaydetti.<\/p>\n<p>Yakla\u015f\u0131k 2 milyar dolarl\u0131k yat\u0131r\u0131m<\/p>\n<p>Bakan Bayraktar, &#8220;Bu 2 bin megavatl\u0131k ilk fazdaki proje, yakla\u015f\u0131k 2 milyar dolarl\u0131k bir yat\u0131r\u0131m demek. Bu da ayn\u0131 zamanda do\u011frudan d\u0131\u015f finansman\u0131n \u00fclkemize gelmesi demek. Bunun bir k\u0131sm\u0131 buradaki kaynaklardan, bir k\u0131sm\u0131 da uluslararas\u0131 finansal kurulu\u015flardan sa\u011flanm\u0131\u015f olacak&#8221; dedi. Projede y\u00fczde 50 mertebesinde bir yerlile\u015ftirme istediklerini anlatan Bayraktar, &#8220;Bu at\u0131lan imzalar sonras\u0131nda yakla\u015f\u0131k 2,1 milyon hanenin elektrik ihtiyac\u0131n\u0131 kar\u015f\u0131layabilecek b\u00fcy\u00fckl\u00fckte bir projeyi hayata ge\u00e7irmeyi hedefliyoruz&#8221; diye konu\u015ftu.<\/p>\n<p>Projenin temeli 2027&#8217;de<\/p>\n<p>Projenin temelini 2027&#8217;de atacaklar\u0131n\u0131 ifade eden Bakan Bayraktar, 2027&#8217;nin sonuna do\u011fru ilk faz\u0131 tamamlamay\u0131, 2028 ve 2029&#8217;da da projenin t\u00fcm\u00fcyle tamamlanmas\u0131n\u0131 hedeflediklerini kaydetti. &#8211; ANKARA<\/p>\n","protected":false},"excerpt":{"rendered":"<p>Enerji ve Tabii Kaynaklar Bakan\u0131 Alparslan Bayraktar, Suudi Arabistan ile imzalanan enerji anla\u015fmas\u0131 sonras\u0131 &#8220;2 bin megavatl\u0131k ilk fazdaki proje, yakla\u015f\u0131k 2 milyar dolarl\u0131k bir yat\u0131r\u0131m demek, T\u00fcrkiye&#8217;de bug\u00fcne kadar g\u00f6rd\u00fc\u011f\u00fcm\u00fcz en d\u00fc\u015f\u00fck fiyatla elektri\u011fi alaca\u011f\u0131z&#8221; dedi.<\/p>\n","protected":false},"author":1,"featured_media":45083,"comment_status":"open","ping_status":"open","sticky":false,"template":"","format":"standard","meta":{"footnotes":""},"categories":[8],"tags":[1426,436,1537,590,237],"class_list":["post-45082","post","type-post","status-publish","format-standard","has-post-thumbnail","hentry","category-ekonomi","tag-anlasma","tag-bakan","tag-bayraktar","tag-enerji","tag-proje"],"_links":{"self":[{"href":"https:\/\/bihavadis.com\/index.php\/wp-json\/wp\/v2\/posts\/45082","targetHints":{"allow":["GET"]}}],"collection":[{"href":"https:\/\/bihavadis.com\/index.php\/wp-json\/wp\/v2\/posts"}],"about":[{"href":"https:\/\/bihavadis.com\/index.php\/wp-json\/wp\/v2\/types\/post"}],"author":[{"embeddable":true,"href":"https:\/\/bihavadis.com\/index.php\/wp-json\/wp\/v2\/users\/1"}],"replies":[{"embeddable":true,"href":"https:\/\/bihavadis.com\/index.php\/wp-json\/wp\/v2\/comments?post=45082"}],"version-history":[{"count":1,"href":"https:\/\/bihavadis.com\/index.php\/wp-json\/wp\/v2\/posts\/45082\/revisions"}],"predecessor-version":[{"id":45084,"href":"https:\/\/bihavadis.com\/index.php\/wp-json\/wp\/v2\/posts\/45082\/revisions\/45084"}],"wp:featuredmedia":[{"embeddable":true,"href":"https:\/\/bihavadis.com\/index.php\/wp-json\/wp\/v2\/media\/45083"}],"wp:attachment":[{"href":"https:\/\/bihavadis.com\/index.php\/wp-json\/wp\/v2\/media?parent=45082"}],"wp:term":[{"taxonomy":"category","embeddable":true,"href":"https:\/\/bihavadis.com\/index.php\/wp-json\/wp\/v2\/categories?post=45082"},{"taxonomy":"post_tag","embeddable":true,"href":"https:\/\/bihavadis.com\/index.php\/wp-json\/wp\/v2\/tags?post=45082"}],"curies":[{"name":"wp","href":"https:\/\/api.w.org\/{rel}","templated":true}]}}