{"id":45093,"date":"2026-02-24T10:15:42","date_gmt":"2026-02-24T10:15:42","guid":{"rendered":"https:\/\/bihavadis.com\/?p=45093"},"modified":"2026-02-24T10:15:42","modified_gmt":"2026-02-24T10:15:42","slug":"fenerbahce-ngolo-kanteyi-kadrosuna-katti","status":"publish","type":"post","link":"https:\/\/bihavadis.com\/index.php\/2026\/02\/24\/fenerbahce-ngolo-kanteyi-kadrosuna-katti\/","title":{"rendered":"Fenerbah\u00e7e, N&#8217;Golo Kant\u00e9&#8217;yi Kadrosuna Katt\u0131"},"content":{"rendered":"<p>Devre aras\u0131 transfer d\u00f6neminde orta sahas\u0131n\u0131 g\u00fc\u00e7lendirmek isteyen Fenerbah\u00e7e, uzun s\u00fcredir g\u00fcndeminde yer alan d\u00fcnyaca \u00fcnl\u00fc y\u0131ld\u0131z N&#8217;Golo Kant\u00e9&#8217;yi kadrosuna katt\u0131. Sar\u0131-lacivertliler, Frans\u0131z futbolcuyla 2028 y\u0131l\u0131na kadar s\u00f6zle\u015fme imzaland\u0131\u011f\u0131n\u0131 T\u00fcrkiye Futbol Federasyonu&#8217;na bildirdi.<\/p>\n<p><b>AL ITTIHAD&#8217;DAN VEDA PAYLA\u015eIMI GELD\u0130<\/b><\/p>\n<p>Transfer s\u00fcreci Al Ittihad&#8217;\u0131n sosyal medya hesab\u0131ndan payla\u015ft\u0131\u011f\u0131 &#8220;G\u00fcle g\u00fcle, c\u00f6mert Kant\u00e9&#8221; ba\u015fl\u0131kl\u0131 veda videosuyla h\u0131z kazand\u0131. Bu payla\u015f\u0131m\u0131n ard\u0131ndan Fenerbah\u00e7e, y\u0131ld\u0131z futbolcunun transferini resmiyete d\u00f6kt\u00fc.<\/p>\n<p><b>EN-NESYRI&#8217;N\u0130N S\u00d6ZLE\u015eMES\u0130 FESHED\u0130LD\u0130, L\u0130SANS \u00c7IKTI<\/b><\/p>\n<p>Sar\u0131-lacivertli kul\u00fcp, Kant\u00e9&#8217;nin lisans i\u015flemleri \u00f6ncesinde Youssef En-Nesyri&#8217;nin s\u00f6zle\u015fmesinin kar\u015f\u0131l\u0131kl\u0131 olarak feshedildi\u011fini TFF&#8217;ye bildirdi. Bu i\u015flemin ard\u0131ndan N&#8217;Golo Kant\u00e9&#8217;nin lisans\u0131 \u00e7\u0131kar\u0131ld\u0131.<\/p>\n<div>\n<figure><img decoding=\"async\" src=\"https:\/\/bihavadis.com\/wp-content\/uploads\/2026\/02\/fenerbahce-ngolo-kant-yi-kadrosuna-katti-0-aevEC5en.jpg\"\/><\/figure>\n<\/div>\n<p><b>\u0130STANBUL YOLCUSU<\/b><\/p>\n<p>Gazeteci Ertan S\u00fczg\u00fcn&#8217;\u00fcn aktard\u0131\u011f\u0131 bilgilere g\u00f6re N&#8217;Golo Kant\u00e9, Fenerbah\u00e7e i\u00e7in bug\u00fcn \u0130stanbul&#8217;a gelecek. Y\u0131ld\u0131z futbolcunun sa\u011fl\u0131k kontrollerinin ard\u0131ndan resmi imzay\u0131 atmas\u0131 bekleniyor.<\/p>\n<p><b>FENERBAH\u00c7E&#8217;DEN D\u0130KKAT \u00c7EKEN PAYLA\u015eIM<\/b><\/p>\n<p>Transferin ard\u0131ndan Fenerbah\u00e7e, taraftarlar\u0131n b\u00fcy\u00fck be\u011fenisini toplayan bir payla\u015f\u0131m yapt\u0131. Sar\u0131-lacivertli kul\u00fcpten yap\u0131lan a\u00e7\u0131klamada, &#8220;A\u00e7\u0131klamam\u0131zdan da anla\u015f\u0131laca\u011f\u0131 gibi KAN TEr g\u00f6zya\u015f\u0131 var, ama vazge\u00e7mek s\u00f6zl\u00fc\u011f\u00fcm\u00fczde yok\u2026&#8221; ifadelerine yer verildi.<\/p>\n<div>\n<figure><img decoding=\"async\" src=\"https:\/\/bihavadis.com\/wp-content\/uploads\/2026\/02\/fenerbahce-ngolo-kant-yi-kadrosuna-katti-1-g7QNnirI.jpg\"\/><\/figure>\n<\/div>\n<p><b>KANT\u00c9&#8217;N\u0130N KAR\u0130YER\u0130 BA\u015eARILARLA DOLU<\/b><\/p>\n<p>Kariyerine Boulogne ve Caen&#8217;de ba\u015flayan N&#8217;Golo Kant\u00e9, 2015 y\u0131l\u0131nda Leicester City&#8217;ye transfer oldu ve Claudio Ranieri y\u00f6netiminde Premier Lig \u015fampiyonlu\u011fu ya\u015fad\u0131. Ard\u0131ndan Chelsea formas\u0131 giyen Frans\u0131z y\u0131ld\u0131z; Premier Lig, UEFA \u015eampiyonlar Ligi, UEFA Avrupa Ligi, UEFA S\u00fcper Kupa, FIFA Kul\u00fcpler D\u00fcnya Kupas\u0131 ve FA Cup zaferleri elde etti.<\/p>\n<p>2023 y\u0131l\u0131nda Al Ittihad&#8217;a transfer olan Kant\u00e9, burada da Suudi Pro Lig ve Suudi Arabistan Kupas\u0131 \u015fampiyonluklar\u0131 ya\u015fad\u0131. Fransa Milli Tak\u0131m\u0131 ile 2018 D\u00fcnya Kupas\u0131&#8217;n\u0131 kazanan tecr\u00fcbeli orta saha, 2021 UEFA Uluslar Ligi&#8217;nde de mutlu sona ula\u015ft\u0131.<\/p>\n","protected":false},"excerpt":{"rendered":"<p>Fenerbah\u00e7e, d\u00fcnyaca \u00fcnl\u00fc futbolcu N&#8217;Golo Kant\u00e9 ile 2028 y\u0131l\u0131na kadar s\u00f6zle\u015fme imzalad\u0131.<\/p>\n","protected":false},"author":1,"featured_media":45094,"comment_status":"open","ping_status":"open","sticky":false,"template":"","format":"standard","meta":{"footnotes":""},"categories":[14],"tags":[1424,597,404],"class_list":["post-45093","post","type-post","status-publish","format-standard","has-post-thumbnail","hentry","category-spor","tag-kan","tag-lig","tag-transfer"],"_links":{"self":[{"href":"https:\/\/bihavadis.com\/index.php\/wp-json\/wp\/v2\/posts\/45093","targetHints":{"allow":["GET"]}}],"collection":[{"href":"https:\/\/bihavadis.com\/index.php\/wp-json\/wp\/v2\/posts"}],"about":[{"href":"https:\/\/bihavadis.com\/index.php\/wp-json\/wp\/v2\/types\/post"}],"author":[{"embeddable":true,"href":"https:\/\/bihavadis.com\/index.php\/wp-json\/wp\/v2\/users\/1"}],"replies":[{"embeddable":true,"href":"https:\/\/bihavadis.com\/index.php\/wp-json\/wp\/v2\/comments?post=45093"}],"version-history":[{"count":1,"href":"https:\/\/bihavadis.com\/index.php\/wp-json\/wp\/v2\/posts\/45093\/revisions"}],"predecessor-version":[{"id":45097,"href":"https:\/\/bihavadis.com\/index.php\/wp-json\/wp\/v2\/posts\/45093\/revisions\/45097"}],"wp:featuredmedia":[{"embeddable":true,"href":"https:\/\/bihavadis.com\/index.php\/wp-json\/wp\/v2\/media\/45094"}],"wp:attachment":[{"href":"https:\/\/bihavadis.com\/index.php\/wp-json\/wp\/v2\/media?parent=45093"}],"wp:term":[{"taxonomy":"category","embeddable":true,"href":"https:\/\/bihavadis.com\/index.php\/wp-json\/wp\/v2\/categories?post=45093"},{"taxonomy":"post_tag","embeddable":true,"href":"https:\/\/bihavadis.com\/index.php\/wp-json\/wp\/v2\/tags?post=45093"}],"curies":[{"name":"wp","href":"https:\/\/api.w.org\/{rel}","templated":true}]}}