{"id":45101,"date":"2026-02-24T10:21:07","date_gmt":"2026-02-24T10:21:07","guid":{"rendered":"https:\/\/bihavadis.com\/?p=45101"},"modified":"2026-02-24T10:21:07","modified_gmt":"2026-02-24T10:21:07","slug":"fatih-arda-ipcioglu-super-takim-yarisi-icin-umutlu","status":"publish","type":"post","link":"https:\/\/bihavadis.com\/index.php\/2026\/02\/24\/fatih-arda-ipcioglu-super-takim-yarisi-icin-umutlu\/","title":{"rendered":"Fatih Arda \u0130pcio\u011flu, s\u00fcper tak\u0131m yar\u0131\u015f\u0131 i\u00e7in umutlu"},"content":{"rendered":"<p>2026 Milano-Cortina K\u0131\u015f Olimpiyatlar\u0131&#8217;nda T\u00fcrkiye&#8217;yi kayakla atlamada temsil eden Fatih Arda \u0130pcio\u011flu, erkekler s\u00fcper tak\u0131m yar\u0131\u015f\u0131nda &#8220;daha iddial\u0131&#8221; olduklar\u0131n\u0131 s\u00f6yledi.<\/p>\n<p>Predazzo&#8217;daki olimpiyat k\u00f6y\u00fcnde AA muhabirinin sorular\u0131n\u0131 yan\u0131tlayan Fatih Arda \u0130pcio\u011flu, <em><b>&#8220;S\u00fcper tak\u0131m yar\u0131\u015f\u0131, tarihte ilk defa olimpiyatlarda olacak. Biz de ilk defa T\u00fcrkiye&#8217;yi temsil etmi\u015f olaca\u011f\u0131z. Orada daha iddial\u0131y\u0131z denilebilir. Ama buras\u0131 olimpiyat, belli de olmaz. Her an her \u015feyin o g\u00fcn belli olaca\u011f\u0131 bir g\u00fcn olacak. Biz sadece tamamen hatalar\u0131m\u0131za, performans\u0131m\u0131za odaklan\u0131yoruz.&#8221; <\/b><\/em>ifadelerini kulland\u0131.<\/p>\n<p><img decoding=\"async\" src=\"https:\/\/bihavadis.com\/wp-content\/uploads\/2026\/02\/fatih-arda-ipcioglu-super-takim-yarisi-icin-umutlu-0-H25IC8Sy.jpg\"\/><\/p>\n<p><strong>&#8220;ODAKLANMI\u015e B\u0130R \u015eEK\u0130LDE DEVAM ED\u0130YORUZ&#8221;<\/strong><\/p>\n<p>\u0130lk olarak eleme atlay\u0131\u015flar\u0131na odakland\u0131klar\u0131n\u0131 dile getiren milli sporcu, <em><b>&#8220;Bazen biz de anlam\u0131yoruz. Mesela hayat\u0131nda bizi ge\u00e7memi\u015f olan \u00c7inli bir \u00e7ocuk, sadece tulum de\u011fi\u015fikli\u011fiyle yar\u0131\u015fmada iyi performans sergiliyor. Kayakla atlama, art\u0131k maalesef ki malzeme olarak detaylar\u0131n, b\u00fcy\u00fck avantajlara d\u00f6n\u00fc\u015ft\u00fc\u011f\u00fc bir spor olmaya ba\u015fl\u0131yor. Biz de bu konuda uyum sa\u011flamaya \u00e7al\u0131\u015f\u0131yoruz fakat yeni bir bran\u015f oldu\u011fumuz i\u00e7in bununla ilgili arka planda \u00e7ok daha b\u00fcy\u00fck ekibe ihtiyac\u0131m\u0131z var. Tabii bu bir bahane de\u011fil. Elimizden geleni yapmaya \u00e7al\u0131\u015f\u0131yoruz. Tamamen performans\u0131m\u0131za odaklanm\u0131\u015f bir \u015fekilde devam ediyoruz.&#8221;<\/b><\/em> diye konu\u015ftu.<\/p>\n<p><strong>&#8220;HEDEFLER\u0130M\u0130Z HER ZAMAN F\u0130NALE KALAB\u0130LMEK&#8221;<\/strong><\/p>\n<p>Milano-Cortina 2026&#8217;n\u0131n normal ve b\u00fcy\u00fck tepe kategorilerinde ilk turda elenen ve yar\u0131n Muhammed Ali Bedir ile s\u00fcper tak\u0131m yar\u0131\u015f\u0131na \u00e7\u0131kacak Fatih Arda \u0130pcio\u011flu, olimpiyatlarda m\u00fccadele etmenin \u00f6nemine de\u011finerek <em><b>&#8220;\u0130lk yar\u0131\u015flarda ilk 30, final yapmak istiyorduk ama yapamad\u0131k. Buraya gelmemiz bile bizim i\u00e7in b\u00fcy\u00fck bir ba\u015far\u0131yd\u0131. 2018 ve 2022&#8217;den sonra 2026&#8217;ya iki ki\u015fi gelmemiz, bu sporda 17 y\u0131l i\u00e7inde ne kadar ilerleme kaydetti\u011fimizin en somut \u00f6rne\u011fi. Kayakla atlamada 2018&#8217;deki olimpiyatlara kat\u0131lan en yeni \u00fclkelerden biri olmu\u015ftuk. Bir\u00e7ok \u00fclke \u00e7ok daha \u00f6nceden kat\u0131l\u0131m sa\u011flam\u0131\u015f. Asl\u0131nda bu sporda hala \u00e7ok yeniyiz. Hedeflerimiz tabii ki her zaman en iyisini yapabilmek ve her zaman finale kalabilmek.&#8221; <\/b><\/em>yorumunu yapt\u0131.<\/p>\n<p><strong>&#8220;ODAKLANMAK ZORUNDAYIZ&#8221;<\/strong><\/p>\n<p>Rampaya \u00e7\u0131kt\u0131\u011f\u0131nda ilk y\u0131llarda hissetti\u011fi heyecan\u0131 yendi\u011fini aktaran milli kayak\u00e7\u0131, <em><b>&#8220;Yar\u0131\u015fman\u0131n heyecan\u0131 tabii ki var ama orada tamamen bir \u00f6nceki atlay\u0131\u015fta en belirgin hatam\u0131z neyse onu d\u00fczeltmeyi d\u00fc\u015f\u00fcn\u00fcyorum. 2018&#8217;deki olimpiyatlarda tamamen o atmosferin heyecan\u0131na kap\u0131lm\u0131\u015ft\u0131m ama \u015fu anda tamamen hatalar\u0131m\u0131za odaklanmak zorunday\u0131z. \u00c7\u00fcnk\u00fc yar\u0131\u015fmalarda rekabet bu\u00e7uklu metrelere kadar inmi\u015f durumda.&#8221;<\/b><\/em> \u015feklinde g\u00f6r\u00fc\u015f belirtti.<\/p>\n<p><strong>&#8220;EM\u0130N ADIMLARLA \u0130LERL\u0130YORUZ&#8221;<\/strong><\/p>\n<p>Fatih Arda \u0130pcio\u011flu, olimpiyatlarda T\u00fcrkiye&#8217;yi temsil etmenin bir gurur kayna\u011f\u0131 oldu\u011funu ifade etti.<\/p>\n<p>T\u00fcrkiye&#8217;de yeni ba\u015flayan bir bran\u015fta \u00f6nemli dereceler elde ettiklerini anlatan milli sporcu, s\u00f6zlerini \u015f\u00f6yle s\u00fcrd\u00fcrd\u00fc:<\/p>\n<p>\u0130kimizin de ortalama kariyeri yakla\u015f\u0131k 17-18 sene. S\u0131f\u0131rdan, hi\u00e7 \u00fclkemizde olmayan bir bran\u015fa ba\u015flad\u0131k ve \u015fu anda \u00fclkemize 3&#8217;\u00fc ben, biri Ali Bedir, 4 olimpiyat kotas\u0131 kazand\u0131rd\u0131k. Bu, yeni ba\u015flayan bir bran\u015f i\u00e7in basit de\u011fil. \u00c7\u00fcnk\u00fc her zaman deneme yan\u0131lma yoluyla ilerledik ve geldi\u011fimiz noktada da emin ad\u0131mlarla ilerliyoruz. Bu sporun devam etmesi i\u00e7in altyap\u0131 \u00e7ok \u00f6nemli. Bu sporda T\u00fcrklerin ba\u015far\u0131l\u0131 olabilece\u011fini, ilerleme kaydedebilece\u011fini ikimiz de ispatlam\u0131\u015f sporcular\u0131z. Burada olimpiyat seviyesinde yar\u0131\u015f\u0131yor olmak, \u00fclkemizi temsil ediyor olmak tabii ki her sporcuya nasip olmaz. Kendi kotalar\u0131m\u0131z\u0131 al\u0131p geliyoruz. \u0130lk 50 sporcu aras\u0131na giriyoruz ve iki y\u0131l \u00f6nceden ba\u015fl\u0131yor kayak atlamada kota yar\u0131\u015fmalar\u0131. Bu da basit de\u011fil. Stratejik yar\u0131\u015fmalar belirledik ve performanslar\u0131m\u0131z\u0131 ona g\u00f6re antren\u00f6r\u00fcm\u00fczle koordineli geli\u015ftirdik. Olimpiyatlarda \u00fclkemizi temsil etmek \u00e7ok b\u00fcy\u00fck bir gurur kayna\u011f\u0131.<\/p>\n<p><strong>&#8220;SPORA DEVAM ETMEY\u0130 \u0130ST\u0130YORUM&#8221;<\/strong><\/p>\n<p>Milli kayak\u00e7\u0131, kariyerine devam edip etmeyece\u011fine olimpiyatlardan sonra karar verece\u011fini belirtti.<\/p>\n<p>\u015eu anda sadece oyunlara konsantre oldu\u011funu dile getiren 28 ya\u015f\u0131ndaki Fatih Arda \u0130pcio\u011flu, <em><b>&#8220;2026 K\u0131\u015f Olimpiyatlar\u0131&#8217;ndan sonra kariyerimi bitirmeyi hedefliyordum ama \u015fu anda Erzurum&#8217;daki rampalar\u0131m\u0131z\u0131n tadilat s\u00fcreci s\u00f6z konusu ve rampalar\u0131n tadilat\u0131n\u0131n sonu\u00e7lanmas\u0131na g\u00f6re spora devam etmeyi istiyorum. Erzurumlu veya T\u00fcrkiye&#8217;nin herhangi bir ilindeki \u00e7ocuklar\u0131n o rampadan atlay\u0131\u015f ger\u00e7ekle\u015ftirdi\u011fimizi canl\u0131 izleyip bizden ilham almas\u0131n\u0131 \u00e7ok istiyorum. Olimpiyatlardan sonras\u0131 \u00e7ok b\u00fcy\u00fck bir soru i\u015fareti asl\u0131nda benim i\u00e7in. Bunun i\u00e7in de zihinsel olarak haz\u0131r m\u0131y\u0131m, g\u00f6zden ge\u00e7irmem laz\u0131m. \u00c7\u00fcnk\u00fc ger\u00e7ekten \u00e7ok b\u00fcy\u00fck emekler verdik ve s\u00fcrekli hayat\u0131m\u0131z\u0131 yurt d\u0131\u015f\u0131nda ge\u00e7irdik. Ayn\u0131 zamanda psikolojik yorgunluk var tabii ki \u00fcst\u00fcm\u00fczde ama bunu daha sonra d\u00fc\u015f\u00fcnmeyi hedefliyorum.&#8221;<\/b><\/em> diye konu\u015ftu.<\/p>\n<p><strong>&#8220;BEL\u0130RL\u0130 B\u0130R YOL VAR&#8221;<\/strong><\/p>\n<p>Kariyerine ba\u015flad\u0131\u011f\u0131nda bu noktaya gelebilece\u011fini hayal etmedi\u011fini belirten milli sporcu, <em><b>&#8220;Riskli ama bu spordan ald\u0131\u011f\u0131n\u0131z haz bamba\u015fka seviyede. U\u00e7man\u0131n herhangi bir tarifi yok. Hele ki \u00fclkemizin bayra\u011f\u0131n\u0131 olimpiyatta temsil etme seviyesine \u00e7\u0131kt\u0131\u011f\u0131n\u0131zda bu bamba\u015fka bir olaya d\u00f6n\u00fc\u015f\u00fcyor. \u00dc\u00e7 olimpiyat ve en \u00fcst seviyelerde yar\u0131\u015fmay\u0131 hi\u00e7birimiz \u00f6ng\u00f6remezdik. Demek ki verdi\u011fimiz emeklerle do\u011fru \u015fekilde ilerlemi\u015fiz. \u015eu andaki nesil daha da \u015fansl\u0131 \u00e7\u00fcnk\u00fc \u00f6nlerinde art\u0131k \u00f6rnek alabilecekleri insanlar ve belirli bir yol var.&#8221;<\/b><\/em> de\u011ferlendirmesinde bulundu.<\/p>\n<p><strong>&#8220;K\u0130MSEN\u0130N KORKUSU OLMASIN&#8221;<\/strong><\/p>\n<p>Ailelere, \u00e7ocuklar\u0131 kayakla atlamaya ba\u015flamalar\u0131 konusunda te\u015fvik etmelerini \u00f6neren Fatih Arda \u0130pcio\u011flu, s\u00f6zlerini \u015f\u00f6yle tamamlad\u0131:<\/p>\n<p>B\u00fcy\u00fck rampalardan atl\u0131yoruz, tehlikeli g\u00f6z\u00fck\u00fcyor ama bu spor ilk \u00f6nce k\u00fc\u00e7\u00fck rampalardan ba\u015fl\u0131yor. O konuda kimsenin korkusu olmas\u0131n. Yakla\u015f\u0131k 6-7 ya\u015flar\u0131nda ba\u015flanmas\u0131 laz\u0131m. Burada sporculardan \u00e7ok ailelere b\u00fcy\u00fck g\u00f6rev d\u00fc\u015f\u00fcyor. Ailelere, denemek isteyen \u00e7ocuklar\u0131, Erzurum&#8217;daki tesislerimizde ba\u015flamalar\u0131 i\u00e7in te\u015fvik etmelerini \u00f6neririm. Burada ailelerin, devletimizin kurumlar\u0131n\u0131n te\u015fviki \u00e7ok \u00f6nemli. \u015eu anda sadece Erzurum&#8217;da tesisimiz var ve bunu y\u00fczde y\u00fcz verimle kullanmam\u0131z laz\u0131m. Yapm\u0131\u015f oldu\u011fumuz \u00e7al\u0131\u015fmalarla ilk \u00f6nce k\u00fc\u00e7\u00fck antrenman rampalar\u0131 olmak \u00fczere Bursa&#8217;ya bir tesis kazand\u0131rmay\u0131 d\u00fc\u015f\u00fcn\u00fcyoruz. Bununla ilgili \u00e7al\u0131\u015fmalar\u0131m\u0131z devam ediyor. K\u0131\u015f sporlar\u0131nda biraz daha ileriye gitmemiz i\u00e7in belli bran\u015flara b\u00fcy\u00fck yat\u0131r\u0131m ve destek vermemiz gerek.<\/p>\n","protected":false},"excerpt":{"rendered":"<p>Milli kayak\u00e7\u0131 Fatih Arda \u0130pcio\u011flu, &#8220;S\u00fcper tak\u0131m yar\u0131\u015f\u0131, tarihte ilk defa olimpiyatlarda olacak. Biz de ilk defa T\u00fcrkiye&#8217;yi temsil etmi\u015f olaca\u011f\u0131z. Orada daha iddial\u0131y\u0131z denilebilir&#8221; dedi.<\/p>\n","protected":false},"author":1,"featured_media":45102,"comment_status":"open","ping_status":"open","sticky":false,"template":"","format":"standard","meta":{"footnotes":""},"categories":[14],"tags":[2216,1487,501,440,700],"class_list":["post-45101","post","type-post","status-publish","format-standard","has-post-thumbnail","hentry","category-spor","tag-etme","tag-kayak","tag-olimpiyat","tag-spor","tag-ulke"],"_links":{"self":[{"href":"https:\/\/bihavadis.com\/index.php\/wp-json\/wp\/v2\/posts\/45101","targetHints":{"allow":["GET"]}}],"collection":[{"href":"https:\/\/bihavadis.com\/index.php\/wp-json\/wp\/v2\/posts"}],"about":[{"href":"https:\/\/bihavadis.com\/index.php\/wp-json\/wp\/v2\/types\/post"}],"author":[{"embeddable":true,"href":"https:\/\/bihavadis.com\/index.php\/wp-json\/wp\/v2\/users\/1"}],"replies":[{"embeddable":true,"href":"https:\/\/bihavadis.com\/index.php\/wp-json\/wp\/v2\/comments?post=45101"}],"version-history":[{"count":1,"href":"https:\/\/bihavadis.com\/index.php\/wp-json\/wp\/v2\/posts\/45101\/revisions"}],"predecessor-version":[{"id":45104,"href":"https:\/\/bihavadis.com\/index.php\/wp-json\/wp\/v2\/posts\/45101\/revisions\/45104"}],"wp:featuredmedia":[{"embeddable":true,"href":"https:\/\/bihavadis.com\/index.php\/wp-json\/wp\/v2\/media\/45102"}],"wp:attachment":[{"href":"https:\/\/bihavadis.com\/index.php\/wp-json\/wp\/v2\/media?parent=45101"}],"wp:term":[{"taxonomy":"category","embeddable":true,"href":"https:\/\/bihavadis.com\/index.php\/wp-json\/wp\/v2\/categories?post=45101"},{"taxonomy":"post_tag","embeddable":true,"href":"https:\/\/bihavadis.com\/index.php\/wp-json\/wp\/v2\/tags?post=45101"}],"curies":[{"name":"wp","href":"https:\/\/api.w.org\/{rel}","templated":true}]}}