{"id":45191,"date":"2026-02-24T11:30:06","date_gmt":"2026-02-24T11:30:06","guid":{"rendered":"https:\/\/bihavadis.com\/?p=45191"},"modified":"2026-02-24T11:30:06","modified_gmt":"2026-02-24T11:30:06","slug":"bilal-erdogan-anlatti-cumhurbaskani-erdogan-ile-mustafa-sentopun-masa-anisi","status":"publish","type":"post","link":"https:\/\/bihavadis.com\/index.php\/2026\/02\/24\/bilal-erdogan-anlatti-cumhurbaskani-erdogan-ile-mustafa-sentopun-masa-anisi\/","title":{"rendered":"Bilal Erdo\u011fan anlatt\u0131: Cumhurba\u015fkan\u0131 Erdo\u011fan ile Mustafa \u015eentop&#8217;un masa an\u0131s\u0131"},"content":{"rendered":"<p>Dinleyenleri duyguland\u0131ran an\u0131&#8230;<\/p>\n<p>\u0130lim Yayma Vakf\u0131 M\u00fctevelli Heyeti Ba\u015fkan\u0131 ve T\u00dcGVA Y\u00fcksek \u0130sti\u015fare Kurulu \u00dcyesi Necmettin Bilal Erdo\u011fan, AK Parti \u0130stanbul&#8217;un organize etti\u011fi Mahalle Ba\u015fkanlar\u0131 \u0130sti\u015fare ve De\u011ferlendirme Kamp\u0131&#8217;na konuk oldu.<\/p>\n<p>Erdo\u011fan, kampta yapt\u0131\u011f\u0131 konu\u015fmada,\u00a0babas\u0131 Cumhurba\u015fkan\u0131 Recep Tayyip Erdo\u011fan ile eski TBMM Ba\u015fkan\u0131 Mustafa \u015eentop aras\u0131nda 1980\u2019li y\u0131llar\u0131n sonunda ge\u00e7en samimi bir an\u0131y\u0131 payla\u015ft\u0131.\u00a0<\/p>\n<p><strong>DERG\u0130 KURUP ERDO\u011eAN&#8217;A G\u0130TT\u0130LER<\/strong><\/p>\n<p>Mustafa \u015eentop&#8217;un 80&#8217;lerde hukuk fak\u00fcltesi \u00f6\u011frencisiyken &#8220;Teklif&#8221; isminde bir dergi \u00e7\u0131kartt\u0131\u011f\u0131n\u0131 belirten Erdo\u011fan, Cumhurba\u015fkan\u0131n o d\u00f6nem il ba\u015fkan\u0131 oldu\u011fu i\u00e7in gen\u00e7ler taraf\u0131ndan tan\u0131nd\u0131\u011f\u0131n\u0131 s\u00f6yledi.<\/p>\n<p>Dergi i\u00e7in \u0130stanbul-Fatih&#8217;te 40 metrekarelik k\u00fc\u00e7\u00fck bir yer tutan \u015eentop ve arkada\u015flar\u0131n\u0131n, o d\u00f6nemde Refah Partisi \u0130l Ba\u015fkan\u0131 olan Recep Tayyip Erdo\u011fan&#8217;a bu durumdan bahsettiklerini belirten Bilal Erdo\u011fan, sonras\u0131nda Cumhurba\u015fkan\u0131&#8217;n\u0131n verdi\u011fi cevab\u0131 da payla\u015ft\u0131.\u00a0<\/p>\n<p><img decoding=\"async\" src=\"https:\/\/bihavadis.com\/wp-content\/uploads\/2026\/02\/bilal-erdogan-anlatti-cumhurbaskani-erdogan-ile-mustafa-sentopun-masa-anisi-0-mAHBmUU8.jpg\"\/><\/p>\n<p><strong>&#8220;\u00c7ALI\u015eAB\u0130LMEK \u0130\u00c7\u0130N MASAMIZ OLSUN \u0130ST\u0130YORUZ&#8221;<\/strong><\/p>\n<p>Mustafa \u015eentop ve arkada\u015flar\u0131, Cumhurba\u015fkan\u0131 Erdo\u011fan\u2019a durumu\u00a0<em><b>&#8220;Ba\u015fkan\u0131m biz bir dergi kurduk, yer tuttuk ama i\u00e7inde hi\u00e7bir e\u015fyam\u0131z yok. <\/b><\/em><\/p>\n<p><em><b>Hi\u00e7 olmazsa \u00e7al\u0131\u015fabilmek i\u00e7in bir masam\u0131z olsun istiyoruz.&#8221; <\/b><\/em>s\u00f6zleriyle aktar\u0131r.\u00a0<\/p>\n<p><img decoding=\"async\" src=\"https:\/\/bihavadis.com\/wp-content\/uploads\/2026\/02\/bilal-erdogan-anlatti-cumhurbaskani-erdogan-ile-mustafa-sentopun-masa-anisi-1-Rce3vpiH.jpg\"\/><\/p>\n<p><strong>&#8220;EM\u0130NE ABLANA S\u00d6YLE YEMEK MASASINI VERS\u0130N&#8221;<\/strong><\/p>\n<p>Cumhurba\u015fkan\u0131 Erdo\u011fan bu istek kar\u015f\u0131s\u0131nda \u015funlar\u0131 s\u00f6yler:<\/p>\n<p>Git bizim eve, Emine ablana s\u00f6yle yemek masas\u0131n\u0131 versin.<\/p>\n<p><img decoding=\"async\" src=\"https:\/\/bihavadis.com\/wp-content\/uploads\/2026\/02\/bilal-erdogan-anlatti-cumhurbaskani-erdogan-ile-mustafa-sentopun-masa-anisi-2-ajyeVeG3.jpg\"\/><\/p>\n<p><strong>&#8220;NEDEN G\u0130TT\u0130\u011e\u0130N\u0130 B\u0130LM\u0130YORDUM&#8221;<\/strong><\/p>\n<p>Bu olay\u0131 k\u00fc\u00e7\u00fckl\u00fc\u011f\u00fcnde hat\u0131rlad\u0131\u011f\u0131n\u0131 aktaran Bilal Erdo\u011fan <em><b>&#8220;Evdeki masan\u0131n gitti\u011fini hat\u0131rl\u0131yorum ama, neden gitti\u011fini bilmiyordum. <\/b><\/em><\/p>\n<p><em><b>Ge\u00e7en sene Mustafa \u015eentop anlatm\u0131\u015ft\u0131 bu olay\u0131.&#8221; <\/b><\/em>diyerek konu\u015fmas\u0131na devam etti.<\/p>\n","protected":false},"excerpt":{"rendered":"<p>80\u2019li y\u0131llar\u0131n sonunda Mustafa \u015eentop&#8217;un arkada\u015flar\u0131 ile birlikte kurduklar\u0131 dergi i\u00e7in Cumhurba\u015fkan\u0131 Erdo\u011fan&#8217;dan yard\u0131m istedi\u011fini anlatan Bilal Erdo\u011fan, Cumhurba\u015fkan\u0131&#8217;n\u0131n bu talebe &#8220;Git bizim eve, Emine ablan yemek masas\u0131n\u0131 versin&#8221; yan\u0131t\u0131n\u0131 verdi\u011fini s\u00f6yledi.<\/p>\n","protected":false},"author":1,"featured_media":45192,"comment_status":"open","ping_status":"open","sticky":false,"template":"","format":"standard","meta":{"footnotes":""},"categories":[9,13],"tags":[986,1297,1526,6054],"class_list":["post-45191","post","type-post","status-publish","format-standard","has-post-thumbnail","hentry","category-genel","category-son-dakika","tag-baskani","tag-cumhurbaskani","tag-erdogan","tag-sentop"],"_links":{"self":[{"href":"https:\/\/bihavadis.com\/index.php\/wp-json\/wp\/v2\/posts\/45191","targetHints":{"allow":["GET"]}}],"collection":[{"href":"https:\/\/bihavadis.com\/index.php\/wp-json\/wp\/v2\/posts"}],"about":[{"href":"https:\/\/bihavadis.com\/index.php\/wp-json\/wp\/v2\/types\/post"}],"author":[{"embeddable":true,"href":"https:\/\/bihavadis.com\/index.php\/wp-json\/wp\/v2\/users\/1"}],"replies":[{"embeddable":true,"href":"https:\/\/bihavadis.com\/index.php\/wp-json\/wp\/v2\/comments?post=45191"}],"version-history":[{"count":1,"href":"https:\/\/bihavadis.com\/index.php\/wp-json\/wp\/v2\/posts\/45191\/revisions"}],"predecessor-version":[{"id":45196,"href":"https:\/\/bihavadis.com\/index.php\/wp-json\/wp\/v2\/posts\/45191\/revisions\/45196"}],"wp:featuredmedia":[{"embeddable":true,"href":"https:\/\/bihavadis.com\/index.php\/wp-json\/wp\/v2\/media\/45192"}],"wp:attachment":[{"href":"https:\/\/bihavadis.com\/index.php\/wp-json\/wp\/v2\/media?parent=45191"}],"wp:term":[{"taxonomy":"category","embeddable":true,"href":"https:\/\/bihavadis.com\/index.php\/wp-json\/wp\/v2\/categories?post=45191"},{"taxonomy":"post_tag","embeddable":true,"href":"https:\/\/bihavadis.com\/index.php\/wp-json\/wp\/v2\/tags?post=45191"}],"curies":[{"name":"wp","href":"https:\/\/api.w.org\/{rel}","templated":true}]}}