{"id":4525,"date":"2026-01-29T08:09:04","date_gmt":"2026-01-29T08:09:04","guid":{"rendered":"https:\/\/bihavadis.com\/?p=4525"},"modified":"2026-01-29T08:09:04","modified_gmt":"2026-01-29T08:09:04","slug":"kira-artis-orani-belli-oldu","status":"publish","type":"post","link":"https:\/\/bihavadis.com\/index.php\/2026\/01\/29\/kira-artis-orani-belli-oldu\/","title":{"rendered":"Kira art\u0131\u015f oran\u0131 belli oldu"},"content":{"rendered":"<p>T\u00fcrkiye \u0130statistik Kurumu&#8217;nun (T\u00dc\u0130K) Eyl\u00fcl ay\u0131na ili\u015fkin enflasyon oranlar\u0131n\u0131 a\u00e7\u0131klamas\u0131yla konut ve i\u015fyeri kira art\u0131\u015f oranlar\u0131 da belli oldu.<\/p>\n<p>Buna g\u00f6re, konut ve i\u015fyeri kiralar\u0131na 12 ayl\u0131k ortalama \u00fczerinden art\u0131\u015f yap\u0131lacak.<\/p>\n<p>A\u00e7\u0131klanan Eyl\u00fcl ay\u0131 enflasyon verisiyle birlikte kira ve i\u015fyerlerine uygulanacak tavan zam oran\u0131 da y\u00fczde 63,47 olarak netlik kazand\u0131.<\/p>\n<p>Normal \u015fartlarda T\u00dcFE verilerine g\u00f6re hesaplanan kira art\u0131\u015f oranlar\u0131, h\u00fck\u00fcmet taraf\u0131ndan getirilen uygulama sonras\u0131nda son 2 senedir y\u00fczde 25&#8217;le s\u0131n\u0131rland\u0131r\u0131lm\u0131\u015ft\u0131.<\/p>\n<p>Temmuz ay\u0131 itibar\u0131yla bu s\u0131n\u0131r kalkt\u0131 ve Temmuz ay\u0131ndan itaberen s\u00f6zle\u015fme yenileyecek olan kirac\u0131lar, T\u00dcFE \u00fczerinden kira zamm\u0131 yap\u0131yor.<\/p><\/p>\n","protected":false},"excerpt":{"rendered":"<p>Eyl\u00fcl ay\u0131 enflasyon verileri \u00fczerinden yap\u0131lan hesaplamaya g\u00f6re konut ve i\u015fyeri kiralar\u0131nda uygulanabilecek tavan zam oran\u0131 belli oldu.<\/p>\n","protected":false},"author":1,"featured_media":4526,"comment_status":"open","ping_status":"open","sticky":false,"template":"","format":"standard","meta":{"footnotes":""},"categories":[8],"tags":[842],"class_list":["post-4525","post","type-post","status-publish","format-standard","has-post-thumbnail","hentry","category-ekonomi","tag-kira"],"_links":{"self":[{"href":"https:\/\/bihavadis.com\/index.php\/wp-json\/wp\/v2\/posts\/4525","targetHints":{"allow":["GET"]}}],"collection":[{"href":"https:\/\/bihavadis.com\/index.php\/wp-json\/wp\/v2\/posts"}],"about":[{"href":"https:\/\/bihavadis.com\/index.php\/wp-json\/wp\/v2\/types\/post"}],"author":[{"embeddable":true,"href":"https:\/\/bihavadis.com\/index.php\/wp-json\/wp\/v2\/users\/1"}],"replies":[{"embeddable":true,"href":"https:\/\/bihavadis.com\/index.php\/wp-json\/wp\/v2\/comments?post=4525"}],"version-history":[{"count":1,"href":"https:\/\/bihavadis.com\/index.php\/wp-json\/wp\/v2\/posts\/4525\/revisions"}],"predecessor-version":[{"id":4527,"href":"https:\/\/bihavadis.com\/index.php\/wp-json\/wp\/v2\/posts\/4525\/revisions\/4527"}],"wp:featuredmedia":[{"embeddable":true,"href":"https:\/\/bihavadis.com\/index.php\/wp-json\/wp\/v2\/media\/4526"}],"wp:attachment":[{"href":"https:\/\/bihavadis.com\/index.php\/wp-json\/wp\/v2\/media?parent=4525"}],"wp:term":[{"taxonomy":"category","embeddable":true,"href":"https:\/\/bihavadis.com\/index.php\/wp-json\/wp\/v2\/categories?post=4525"},{"taxonomy":"post_tag","embeddable":true,"href":"https:\/\/bihavadis.com\/index.php\/wp-json\/wp\/v2\/tags?post=4525"}],"curies":[{"name":"wp","href":"https:\/\/api.w.org\/{rel}","templated":true}]}}