{"id":45275,"date":"2026-02-24T12:39:38","date_gmt":"2026-02-24T12:39:38","guid":{"rendered":"https:\/\/bihavadis.com\/?p=45275"},"modified":"2026-02-24T12:39:38","modified_gmt":"2026-02-24T12:39:38","slug":"izmitte-metruk-binada-yangin-cikti","status":"publish","type":"post","link":"https:\/\/bihavadis.com\/index.php\/2026\/02\/24\/izmitte-metruk-binada-yangin-cikti\/","title":{"rendered":"\u0130zmit&#8217;te Metruk Binada Yang\u0131n \u00c7\u0131kt\u0131"},"content":{"rendered":"<p>\n<p>KOCAEL\u0130&#8217;nin \u0130zmit il\u00e7esinde 2 katl\u0131 metruk binada \u00e7\u0131kan yang\u0131n, itfaiyenin m\u00fcdahalesiyle s\u00f6nd\u00fcr\u00fcld\u00fc. <\/p>\n<p>Yang\u0131n, saat 23.00 s\u0131ralar\u0131nda Kad\u0131k\u00f6y Mahallesi Turan G\u00fcne\u015f Caddesi&#8217;ndeki 2 katl\u0131 metruk binada \u00e7\u0131kt\u0131. Binadan y\u00fckselen alevleri fark edenlerin 112 Acil \u00c7a\u011fr\u0131 Merkezi&#8217;ne ihbar\u0131 \u00fczerine b\u00f6lgeye itfaiye, sa\u011fl\u0131k ve polis ekipleri sevk edildi. \u0130tfaiyenin m\u00fcdahalesiyle yang\u0131n s\u00f6nd\u00fcr\u00fcld\u00fc. Ard\u0131ndan binadaki tu\u011flalar\u0131 k\u0131rarak i\u00e7eri giren itfaiye ekipleri i\u00e7eride kimsenin kal\u0131p kalmad\u0131\u011f\u0131n\u0131 kontrol etti. Yang\u0131na ili\u015fkin inceleme ba\u015flat\u0131ld\u0131.<\/p>\n<p>Bu arada yanan binan\u0131n biti\u015fi\u011findeki 3 katl\u0131 apartmanda oturanlar, binay\u0131 saran yo\u011fun duman nedeniyle tedbir ama\u00e7l\u0131 tahliye edildi. Apartmana dolan duman ise itfaiyenin m\u00fcdahalesiyle tahliye edildi. <\/p>\n","protected":false},"excerpt":{"rendered":"<p>Kocaeli \u0130zmit&#8217;te metruk bir binada \u00e7\u0131kan yang\u0131n itfaiye taraf\u0131ndan s\u00f6nd\u00fcr\u00fcld\u00fc, inceleme ba\u015flat\u0131ld\u0131.<\/p>\n","protected":false},"author":1,"featured_media":45276,"comment_status":"open","ping_status":"open","sticky":false,"template":"","format":"standard","meta":{"footnotes":""},"categories":[9,4,13],"tags":[540],"class_list":["post-45275","post","type-post","status-publish","format-standard","has-post-thumbnail","hentry","category-genel","category-gundem","category-son-dakika","tag-itfaiye"],"_links":{"self":[{"href":"https:\/\/bihavadis.com\/index.php\/wp-json\/wp\/v2\/posts\/45275","targetHints":{"allow":["GET"]}}],"collection":[{"href":"https:\/\/bihavadis.com\/index.php\/wp-json\/wp\/v2\/posts"}],"about":[{"href":"https:\/\/bihavadis.com\/index.php\/wp-json\/wp\/v2\/types\/post"}],"author":[{"embeddable":true,"href":"https:\/\/bihavadis.com\/index.php\/wp-json\/wp\/v2\/users\/1"}],"replies":[{"embeddable":true,"href":"https:\/\/bihavadis.com\/index.php\/wp-json\/wp\/v2\/comments?post=45275"}],"version-history":[{"count":1,"href":"https:\/\/bihavadis.com\/index.php\/wp-json\/wp\/v2\/posts\/45275\/revisions"}],"predecessor-version":[{"id":45277,"href":"https:\/\/bihavadis.com\/index.php\/wp-json\/wp\/v2\/posts\/45275\/revisions\/45277"}],"wp:featuredmedia":[{"embeddable":true,"href":"https:\/\/bihavadis.com\/index.php\/wp-json\/wp\/v2\/media\/45276"}],"wp:attachment":[{"href":"https:\/\/bihavadis.com\/index.php\/wp-json\/wp\/v2\/media?parent=45275"}],"wp:term":[{"taxonomy":"category","embeddable":true,"href":"https:\/\/bihavadis.com\/index.php\/wp-json\/wp\/v2\/categories?post=45275"},{"taxonomy":"post_tag","embeddable":true,"href":"https:\/\/bihavadis.com\/index.php\/wp-json\/wp\/v2\/tags?post=45275"}],"curies":[{"name":"wp","href":"https:\/\/api.w.org\/{rel}","templated":true}]}}