{"id":45328,"date":"2026-02-24T13:18:07","date_gmt":"2026-02-24T13:18:07","guid":{"rendered":"https:\/\/bihavadis.com\/?p=45328"},"modified":"2026-02-24T13:18:07","modified_gmt":"2026-02-24T13:18:07","slug":"israilde-bati-seriadaki-ilhaki-resmilestiren-karar-onaylandi","status":"publish","type":"post","link":"https:\/\/bihavadis.com\/index.php\/2026\/02\/24\/israilde-bati-seriadaki-ilhaki-resmilestiren-karar-onaylandi\/","title":{"rendered":"\u0130srail&#8217;de Bat\u0131 \u015eeria&#8217;daki ilhak\u0131 resmile\u015ftiren karar onayland\u0131"},"content":{"rendered":"<p>Filistin topraklar\u0131n\u0131 y\u0131llarca gasbeden \u0130srail&#8217;den Bat\u0131 \u015eeria&#8217;daki ilhak\u0131 me\u015frula\u015ft\u0131racak karar..<\/p>\n<p>\u0130srail bas\u0131n\u0131na g\u00f6re, Adalet Bakan\u0131 Yariv Levin, Maliye Bakan\u0131 Bezalel Smotrich ve Savunma Bakan\u0131 Yisrael Katz taraf\u0131ndan bir \u00f6neri sunuldu<\/p>\n<p><strong>\u0130\u015eGAL TOPRAKLARINI KAMU ARAZ\u0130S\u0130NE \u00c7EV\u0130RECEK <\/strong><\/p>\n<p>Onaylanan karara g\u00f6re, Bat\u0131 \u015eeria&#8217;n\u0131n 1967&#8217;deki i\u015fgalinden sonra ilk kez, Tel Aviv y\u00f6netimi b\u00f6lgede \u0130srail&#8217;in ve Filistin topraklar\u0131n\u0131 gasbeden \u0130sraillilerin <em><b>&#8220;tapu kay\u0131t s\u00fcrecini&#8221; <\/b><\/em>ba\u015flatacak.<\/p>\n<p>Bu kararla \u0130srail, uluslararas\u0131 hukuka ayk\u0131r\u0131 bi\u00e7imde i\u015fgalci oldu\u011fu i\u015fgal alt\u0131ndaki Bat\u0131 \u015eeria&#8217;da \u00f6zel m\u00fclkiyet olmayan arazileri <em><b>&#8220;kamu arazisine&#8221;<\/b><\/em> \u00e7evirecek.<\/p>\n<p><strong>\u0130\u015eGAL\u0130N \u00d6N\u00dc A\u00c7ILACAK<\/strong><\/p>\n<p>B\u00f6ylece, daha fazla Filistin topra\u011f\u0131 gasbedilerek yasa d\u0131\u015f\u0131 yeni yerle\u015fimlerin in\u015fas\u0131n\u0131n ve \u0130sraillilerin yerle\u015ftirilerek b\u00f6lgenin Yahudile\u015ftirilmesi faaliyetlerinin \u00f6n\u00fc a\u00e7\u0131lacak.<\/p>\n<p>\u0130srail, daha \u00f6ncesinde yasa d\u0131\u015f\u0131 say\u0131lan toprak gasb\u0131n\u0131 tek tarafl\u0131 olarak yasal bir zemine oturtacak.<\/p>\n<p><img decoding=\"async\" src=\"https:\/\/bihavadis.com\/wp-content\/uploads\/2026\/02\/israilde-bati-seriadaki-ilhaki-resmilestiren-karar-onaylandi-0-AT8TEha7.jpg\"\/><\/p>\n<p><strong>\u0130LK ETAPTA Y\u00dcZDE 15 HEDEF\u0130 VAR <\/strong><\/p>\n<p>Israel Hayom gazetesinin haberinde, ilk a\u015famada Oslo Anla\u015fmalar\u0131na g\u00f6re \u0130srail askeri y\u00f6netimince idare edilen Bat\u0131 \u015eeria&#8217;daki C b\u00f6lgesini kapsayan karar \u00e7er\u00e7evesinde, 2030 y\u0131l\u0131na kadar C b\u00f6lgesindeki topraklar\u0131n y\u00fczde 15&#8217;inde kademeli olarak d\u00fczenleme yap\u0131lmas\u0131n\u0131n planland\u0131\u011f\u0131 aktar\u0131ld\u0131.<\/p>\n<p>\u0130srail ile Filistin y\u00f6netimi aras\u0131ndaki Oslo Anla\u015fmalar\u0131na g\u00f6re, C b\u00f6lgesi Bat\u0131 \u015eeria&#8217;n\u0131n y\u00fczde 61&#8217;ini kaps\u0131yor.<\/p>\n<p>B\u00f6lgedeki t\u00fcm tapu kay\u0131tlar\u0131n\u0131n d\u00fczenlenmesinin 30 y\u0131l s\u00fcrece\u011finin d\u00fc\u015f\u00fcn\u00fcld\u00fc\u011f\u00fc kaydedilen haberde, bu nedenle ilk etapta y\u00fczde 15 hedefinin belirlendi\u011fine i\u015faret edildi.<\/p>\n<p>Haberde, \u00f6zel m\u00fclkiyet oldu\u011fu kan\u0131tlanamayan arazilerin devlet arazisi haline getirilece\u011fi ve i\u015fgal alt\u0131ndaki Bat\u0131 \u015eeria&#8217;da <em><b>&#8220;\u0130srail egemenli\u011finin g\u00fc\u00e7lendirilece\u011fi&#8221;<\/b><\/em> ifade edildi.<\/p>\n<p><strong>\u0130SRA\u0130L  \u0130\u015eGALC\u0130 SATAT\u00dcS\u00dcNDE BULUNUYOR <\/strong><\/p>\n<p>Uluslararas\u0131 hukuka g\u00f6re, \u0130srail&#8217;in 1967&#8217;de i\u015fgal etti\u011fi Bat\u0131 \u015eeria, gelecekteki Filistin Devleti&#8217;nin topra\u011f\u0131 olarak kabul ediliyor ve \u0130srail burada i\u015fgalci g\u00fc\u00e7 stat\u00fcs\u00fcnde bulunuyor.<\/p>\n<p>\u0130\u015fgalci g\u00fcc\u00fcn, i\u015fgal etti\u011fi toprak par\u00e7as\u0131na kendi n\u00fcfusunu nakletmesi ve burada m\u00fclkiyete ili\u015fkin de\u011fi\u015fiklik yapmas\u0131 ise uluslararas\u0131 hukuka ayk\u0131r\u0131 kabul ediliyor.<\/p>\n<p><img decoding=\"async\" src=\"https:\/\/bihavadis.com\/wp-content\/uploads\/2026\/02\/israilde-bati-seriadaki-ilhaki-resmilestiren-karar-onaylandi-1-E6UW3sSG.jpg\"\/><\/p>\n","protected":false},"excerpt":{"rendered":"<p>\u0130srail h\u00fck\u00fcmeti, i\u015fgal alt\u0131nda olan Bat\u0131 \u015eeria&#8217;da tek tarafl\u0131 &#8220;arazi kay\u0131t s\u00fcreci&#8221; ba\u015flatarak Filistinlilerin topraklar\u0131n\u0131n gasbedilmesini &#8220;resmi hale getirecek&#8221; karar\u0131 onaylad\u0131.<\/p>\n","protected":false},"author":1,"featured_media":45329,"comment_status":"open","ping_status":"open","sticky":false,"template":"","format":"standard","meta":{"footnotes":""},"categories":[6],"tags":[1360,414,2955,792,3611],"class_list":["post-45328","post","type-post","status-publish","format-standard","has-post-thumbnail","hentry","category-dunya","tag-bati","tag-filistin","tag-isgal","tag-israil","tag-toprak"],"_links":{"self":[{"href":"https:\/\/bihavadis.com\/index.php\/wp-json\/wp\/v2\/posts\/45328","targetHints":{"allow":["GET"]}}],"collection":[{"href":"https:\/\/bihavadis.com\/index.php\/wp-json\/wp\/v2\/posts"}],"about":[{"href":"https:\/\/bihavadis.com\/index.php\/wp-json\/wp\/v2\/types\/post"}],"author":[{"embeddable":true,"href":"https:\/\/bihavadis.com\/index.php\/wp-json\/wp\/v2\/users\/1"}],"replies":[{"embeddable":true,"href":"https:\/\/bihavadis.com\/index.php\/wp-json\/wp\/v2\/comments?post=45328"}],"version-history":[{"count":1,"href":"https:\/\/bihavadis.com\/index.php\/wp-json\/wp\/v2\/posts\/45328\/revisions"}],"predecessor-version":[{"id":45332,"href":"https:\/\/bihavadis.com\/index.php\/wp-json\/wp\/v2\/posts\/45328\/revisions\/45332"}],"wp:featuredmedia":[{"embeddable":true,"href":"https:\/\/bihavadis.com\/index.php\/wp-json\/wp\/v2\/media\/45329"}],"wp:attachment":[{"href":"https:\/\/bihavadis.com\/index.php\/wp-json\/wp\/v2\/media?parent=45328"}],"wp:term":[{"taxonomy":"category","embeddable":true,"href":"https:\/\/bihavadis.com\/index.php\/wp-json\/wp\/v2\/categories?post=45328"},{"taxonomy":"post_tag","embeddable":true,"href":"https:\/\/bihavadis.com\/index.php\/wp-json\/wp\/v2\/tags?post=45328"}],"curies":[{"name":"wp","href":"https:\/\/api.w.org\/{rel}","templated":true}]}}