{"id":45359,"date":"2026-02-24T13:48:06","date_gmt":"2026-02-24T13:48:06","guid":{"rendered":"https:\/\/bihavadis.com\/?p=45359"},"modified":"2026-02-24T13:48:06","modified_gmt":"2026-02-24T13:48:06","slug":"trump-ve-petro-uyusturucu-ile-mucadelede-anlasti","status":"publish","type":"post","link":"https:\/\/bihavadis.com\/index.php\/2026\/02\/24\/trump-ve-petro-uyusturucu-ile-mucadelede-anlasti\/","title":{"rendered":"Trump ve Petro Uyu\u015fturucu ile M\u00fccadelede Anla\u015ft\u0131"},"content":{"rendered":"<p>\n<p>ABD Ba\u015fkan\u0131 Donald Trump, Kolombiya Cumhurba\u015fkan\u0131 Gustavo Petro ile Beyaz Saray&#8217;da bir araya geldi. <\/p>\n<p>Beyaz Saray&#8217;\u0131n sanal medya hesab\u0131ndan yap\u0131lan a\u00e7\u0131klamada, ABD Ba\u015fkan\u0131 Donald Trump ile Kolombiya Cumhurba\u015fkan\u0131 Gustavo Petro aras\u0131ndaki g\u00f6r\u00fc\u015fmenin yakla\u015f\u0131k 2 saat s\u00fcrd\u00fc\u011f\u00fc bildirildi. <\/p>\n<p>Trump, Petro ile Beyaz Saray&#8217;da bas\u0131na kapal\u0131 d\u00fczenlenen g\u00f6r\u00fc\u015fmenin ard\u0131ndan a\u00e7\u0131klamalarda bulundu. Uyu\u015fturucu ka\u00e7ak\u00e7\u0131l\u0131\u011f\u0131yla m\u00fccadele konusunda bir uzla\u015f\u0131ya var\u0131l\u0131p var\u0131lmad\u0131\u011f\u0131 sorusu \u00fczerine Trump, &#8220;Evet vard\u0131k, \u00fczerinde \u00e7al\u0131\u015ft\u0131k ve \u00e7ok iyi anla\u015f\u0131yoruz&#8221; dedi.<\/p>\n<p>Yapt\u0131r\u0131mlar dahil bir\u00e7ok konu \u00fczerinde \u00e7al\u0131\u015ft\u0131klar\u0131n\u0131 kaydeden Trump, g\u00f6r\u00fc\u015fmenin \u00e7ok iyi ge\u00e7ti\u011fini ve Petro&#8217;nun da m\u00fcthi\u015f oldu\u011funu s\u00f6yledi. <\/p>\n<p>Petro ise iki \u00fclkenin de uyu\u015fturucu ka\u00e7ak\u00e7\u0131l\u0131\u011f\u0131na kar\u015f\u0131 m\u00fccadelede kararl\u0131 oldu\u011funu aktard\u0131. Trump ile g\u00f6r\u00fc\u015fmesinin olumlu ge\u00e7ti\u011fini vurgulayan Petro, &#8220;Bizi birle\u015ftiren noktalara odaklan\u0131yoruz. \u00d6zg\u00fcrl\u00fck ve ya\u015fam i\u00e7in bir uzla\u015f\u0131n\u0131n m\u00fcmk\u00fcn oldu\u011funa inan\u0131yoruz. Bu nedenle yaln\u0131zca ya\u015fananlar i\u00e7in ba\u015fsa\u011fl\u0131\u011f\u0131 dilemekle yetinmedik. Venezuela&#8217;y\u0131 nas\u0131l yeniden aya\u011fa kald\u0131rabilece\u011fimizi de ele ald\u0131k. Kolombiya&#8217;n\u0131n deste\u011fiyle Venezuela&#8217;y\u0131 nas\u0131l yeniden canland\u0131rabilece\u011fimizi ve yapt\u0131r\u0131mlar kald\u0131r\u0131lmad\u0131\u011f\u0131 takdirde ABD&#8217;nin nas\u0131l bir rol \u00fcstlenmesi gerekti\u011fini de\u011ferlendirdik&#8221; ifadelerini kulland\u0131.<\/p>\n<p>Kolombiya Cumhurba\u015fkan\u0131 Petro, uyu\u015fturucu ka\u00e7ak\u00e7\u0131l\u0131\u011f\u0131yla m\u00fccadelede Trump&#8217;a \u00f6nerilerde bulundu\u011funa dikkati \u00e7ekerek, &#8220;Koordineli istihbarat \u00e7al\u0131\u015fmalar\u0131yla onlar\u0131 birlikte takip etmeliyiz. Ba\u015fkan Trump&#8217;a, uyu\u015fturucu baronlar\u0131n\u0131n pe\u015fine d\u00fc\u015f\u00fclmesi gerekti\u011fini s\u00f6yledim&#8221; diye konu\u015ftu.<\/p>\n","protected":false},"excerpt":{"rendered":"<p>Trump ve Petro, Beyaz Saray&#8217;daki g\u00f6r\u00fc\u015fmede uyu\u015fturucu ka\u00e7ak\u00e7\u0131l\u0131\u011f\u0131na kar\u015f\u0131 i\u015f birli\u011fini ele ald\u0131.<\/p>\n","protected":false},"author":1,"featured_media":45360,"comment_status":"open","ping_status":"open","sticky":false,"template":"","format":"standard","meta":{"footnotes":""},"categories":[6],"tags":[526,1369],"class_list":["post-45359","post","type-post","status-publish","format-standard","has-post-thumbnail","hentry","category-dunya","tag-petro","tag-trump"],"_links":{"self":[{"href":"https:\/\/bihavadis.com\/index.php\/wp-json\/wp\/v2\/posts\/45359","targetHints":{"allow":["GET"]}}],"collection":[{"href":"https:\/\/bihavadis.com\/index.php\/wp-json\/wp\/v2\/posts"}],"about":[{"href":"https:\/\/bihavadis.com\/index.php\/wp-json\/wp\/v2\/types\/post"}],"author":[{"embeddable":true,"href":"https:\/\/bihavadis.com\/index.php\/wp-json\/wp\/v2\/users\/1"}],"replies":[{"embeddable":true,"href":"https:\/\/bihavadis.com\/index.php\/wp-json\/wp\/v2\/comments?post=45359"}],"version-history":[{"count":1,"href":"https:\/\/bihavadis.com\/index.php\/wp-json\/wp\/v2\/posts\/45359\/revisions"}],"predecessor-version":[{"id":45361,"href":"https:\/\/bihavadis.com\/index.php\/wp-json\/wp\/v2\/posts\/45359\/revisions\/45361"}],"wp:featuredmedia":[{"embeddable":true,"href":"https:\/\/bihavadis.com\/index.php\/wp-json\/wp\/v2\/media\/45360"}],"wp:attachment":[{"href":"https:\/\/bihavadis.com\/index.php\/wp-json\/wp\/v2\/media?parent=45359"}],"wp:term":[{"taxonomy":"category","embeddable":true,"href":"https:\/\/bihavadis.com\/index.php\/wp-json\/wp\/v2\/categories?post=45359"},{"taxonomy":"post_tag","embeddable":true,"href":"https:\/\/bihavadis.com\/index.php\/wp-json\/wp\/v2\/tags?post=45359"}],"curies":[{"name":"wp","href":"https:\/\/api.w.org\/{rel}","templated":true}]}}