{"id":45392,"date":"2026-02-24T14:12:06","date_gmt":"2026-02-24T14:12:06","guid":{"rendered":"https:\/\/bihavadis.com\/?p=45392"},"modified":"2026-02-24T14:12:06","modified_gmt":"2026-02-24T14:12:06","slug":"bilecikte-ramazan-toplantisi","status":"publish","type":"post","link":"https:\/\/bihavadis.com\/index.php\/2026\/02\/24\/bilecikte-ramazan-toplantisi\/","title":{"rendered":"Bilecik&#8217;te Ramazan Toplant\u0131s\u0131"},"content":{"rendered":"<p> AK Parti Bilecik \u0130l Ba\u015fkanl\u0131\u011f\u0131 binas\u0131nda, Ramazan ay\u0131na y\u00f6nelik y\u00fcr\u00fct\u00fclecek \u00e7al\u0131\u015fmalar\u0131n planland\u0131\u011f\u0131 toplant\u0131 ger\u00e7ekle\u015ftirildi.<\/p>\n<p>AK Parti Bilecik \u0130l Ba\u015fkan\u0131 Serkan Y\u0131ld\u0131r\u0131m ba\u015fkanl\u0131\u011f\u0131nda, Sosyal Politikalar Ba\u015fkanl\u0131\u011f\u0131n\u0131n koordinesinde yap\u0131lan toplant\u0131da, Ramazan ay\u0131 boyunca hayata ge\u00e7irilecek sosyal \u00e7al\u0131\u015fmalar ele al\u0131nd\u0131. Toplant\u0131da, payla\u015fma, dayan\u0131\u015fma ve karde\u015flik anlay\u0131\u015f\u0131yla y\u00fcr\u00fct\u00fclecek faaliyetlerin planlamas\u0131 yap\u0131l\u0131rken, vatanda\u015flara y\u00f6nelik g\u00f6n\u00fcllere dokunacak \u00e7al\u0131\u015fmalar\u0131n Ramazan ay\u0131 s\u00fcresince s\u00fcrd\u00fcr\u00fclece\u011fi belirtildi.<\/p>\n<p>AK Parti Bilecik \u0130l Ba\u015fkan\u0131 Serkan Y\u0131ld\u0131r\u0131m, &#8220;Payla\u015fman\u0131n bereketini, dayan\u0131\u015fman\u0131n g\u00fcc\u00fcn\u00fc ve karde\u015fli\u011fin s\u0131cakl\u0131\u011f\u0131n\u0131 b\u00fcy\u00fctecek \u00e7al\u0131\u015fmalarla kap\u0131 kap\u0131, g\u00f6n\u00fcl g\u00f6n\u00fcl Ramazan&#8217;a haz\u0131rlan\u0131yoruz. Birlikte payla\u015facak, birlikte \u00e7o\u011falaca\u011f\u0131z&#8221; dedi. &#8211; B\u0130LEC\u0130K<\/p>\n","protected":false},"excerpt":{"rendered":"<p>AK Parti Bilecik \u0130l Ba\u015fkanl\u0131\u011f\u0131, Ramazan ay\u0131 i\u00e7in sosyal \u00e7al\u0131\u015fmalar planlad\u0131.<\/p>\n","protected":false},"author":1,"featured_media":45393,"comment_status":"open","ping_status":"open","sticky":false,"template":"","format":"standard","meta":{"footnotes":""},"categories":[12],"tags":[],"class_list":["post-45392","post","type-post","status-publish","format-standard","has-post-thumbnail","hentry","category-siyaset"],"_links":{"self":[{"href":"https:\/\/bihavadis.com\/index.php\/wp-json\/wp\/v2\/posts\/45392","targetHints":{"allow":["GET"]}}],"collection":[{"href":"https:\/\/bihavadis.com\/index.php\/wp-json\/wp\/v2\/posts"}],"about":[{"href":"https:\/\/bihavadis.com\/index.php\/wp-json\/wp\/v2\/types\/post"}],"author":[{"embeddable":true,"href":"https:\/\/bihavadis.com\/index.php\/wp-json\/wp\/v2\/users\/1"}],"replies":[{"embeddable":true,"href":"https:\/\/bihavadis.com\/index.php\/wp-json\/wp\/v2\/comments?post=45392"}],"version-history":[{"count":1,"href":"https:\/\/bihavadis.com\/index.php\/wp-json\/wp\/v2\/posts\/45392\/revisions"}],"predecessor-version":[{"id":45394,"href":"https:\/\/bihavadis.com\/index.php\/wp-json\/wp\/v2\/posts\/45392\/revisions\/45394"}],"wp:featuredmedia":[{"embeddable":true,"href":"https:\/\/bihavadis.com\/index.php\/wp-json\/wp\/v2\/media\/45393"}],"wp:attachment":[{"href":"https:\/\/bihavadis.com\/index.php\/wp-json\/wp\/v2\/media?parent=45392"}],"wp:term":[{"taxonomy":"category","embeddable":true,"href":"https:\/\/bihavadis.com\/index.php\/wp-json\/wp\/v2\/categories?post=45392"},{"taxonomy":"post_tag","embeddable":true,"href":"https:\/\/bihavadis.com\/index.php\/wp-json\/wp\/v2\/tags?post=45392"}],"curies":[{"name":"wp","href":"https:\/\/api.w.org\/{rel}","templated":true}]}}