{"id":45404,"date":"2026-02-24T14:18:07","date_gmt":"2026-02-24T14:18:07","guid":{"rendered":"https:\/\/bihavadis.com\/?p=45404"},"modified":"2026-02-24T14:18:07","modified_gmt":"2026-02-24T14:18:07","slug":"kahtaya-145-milyon-tl-yatirim","status":"publish","type":"post","link":"https:\/\/bihavadis.com\/index.php\/2026\/02\/24\/kahtaya-145-milyon-tl-yatirim\/","title":{"rendered":"Kahta&#8217;ya 145 Milyon TL Yat\u0131r\u0131m"},"content":{"rendered":"<p> Ad\u0131yaman \u0130l Genel Meclis \u00dcyesi Turan Y\u0131ld\u0131r\u0131m, \u0130l \u00d6zel \u0130daresi&#8217;nin 2026 y\u0131l\u0131 b\u00fct\u00e7esinde Kahta k\u00f6yleri i\u00e7in ayr\u0131lan 145 milyon TL&#8217;lik yat\u0131r\u0131m pay\u0131n\u0131 de\u011ferlendirerek, bu b\u00fct\u00e7enin Kahta&#8217;n\u0131n k\u0131rsal \u00e7ehresini k\u00f6kl\u00fc bi\u00e7imde de\u011fi\u015ftirece\u011fini s\u00f6yledi.<\/p>\n<p>\u0130l \u00d6zel \u0130daresi&#8217;nin 2026 y\u0131l\u0131 b\u00fct\u00e7esinin a\u00e7\u0131klanmas\u0131yla birlikte Kahta k\u00f6ylerine ayr\u0131lan 145 milyon TL&#8217;lik pay\u0131n resmile\u015fti\u011fini belirten Y\u0131ld\u0131r\u0131m, uzun s\u00fcredir sahada, komisyonlarda ve mecliste y\u00fcr\u00fct\u00fclen yo\u011fun \u00e7al\u0131\u015fmalar\u0131n bug\u00fcn somut kar\u015f\u0131l\u0131k buldu\u011funu ifade etti. Y\u0131ld\u0131r\u0131m, &#8220;Bu g\u00fc\u00e7l\u00fc yat\u0131r\u0131m\u0131n Kahta&#8217;m\u0131za kazand\u0131r\u0131lmas\u0131 i\u00e7in verdi\u011fimiz eme\u011fin sonu\u00e7 verdi\u011fini g\u00f6rmek bizler i\u00e7in b\u00fcy\u00fck bir gurur kayna\u011f\u0131d\u0131r. 2026&#8217;ya hizmetle, yat\u0131r\u0131mla ve g\u00fc\u00e7l\u00fc projelerle giriyoruz&#8221; dedi.<\/p>\n<p>Ayr\u0131lan b\u00fct\u00e7enin k\u00f6y yollar\u0131ndan i\u00e7me suyu projelerine, altyap\u0131dan ya\u015fam kalitesini art\u0131racak \u00e7al\u0131\u015fmalara kadar bir\u00e7ok alanda Kahta&#8217;ya b\u00fcy\u00fck katk\u0131 sa\u011flayaca\u011f\u0131n\u0131 vurgulayan Y\u0131ld\u0131r\u0131m, &#8220;Bug\u00fcn bu yat\u0131r\u0131m\u0131n mutlulu\u011funu hep birlikte ya\u015f\u0131yoruz. Bu b\u00fct\u00e7e, Kahta&#8217;n\u0131n \u00e7ehresini de\u011fi\u015ftirecek \u00f6nemli bir hamle olacakt\u0131r. \u0130l\u00e7emize hay\u0131rl\u0131 u\u011furlu olsun&#8221; diye konu\u015ftu.<\/p>\n<p>Ad\u0131yaman \u0130l \u00d6zel \u0130daresi taraf\u0131ndan y\u00fcr\u00fct\u00fclen \u00e7al\u0131\u015fmalar hakk\u0131nda da bilgi veren Y\u0131ld\u0131r\u0131m, g\u00fcnl\u00fck 2 bin 800 metrekare parke ta\u015f\u0131 \u00fcretimi yap\u0131ld\u0131\u011f\u0131n\u0131 belirterek, &#8220;2026 y\u0131l\u0131 itibar\u0131yla Kahta&#8217;da parkesiz, yolsuz ve susuz k\u00f6y kalmayacak. K\u0131rsalda ya\u015fam kalitesini art\u0131rmak i\u00e7in \u00e7al\u0131\u015fmalar\u0131m\u0131z aral\u0131ks\u0131z s\u00fcrecek&#8221; ifadelerini kulland\u0131.<\/p>\n<p>Kahta k\u00f6ylerinde ilk defa \u00fc\u00e7 b\u00fcy\u00fck grup yolunun s\u0131cak asfalt i\u00e7in yat\u0131r\u0131m program\u0131na al\u0131nd\u0131\u011f\u0131n\u0131 kaydeden Y\u0131ld\u0131r\u0131m, M\u00fclk, Belenli, Kavakal\u0131, Alidam, Ekinci, Yaprakl\u0131, Adal\u0131 ve Be\u015fikli k\u00f6ylerini kapsayan grup yollar\u0131nda toplam 90 kilometrelik yolun da yat\u0131r\u0131m program\u0131na al\u0131nd\u0131\u011f\u0131n\u0131 s\u00f6zlerine ekledi. &#8211; ADIYAMAN<\/p>\n","protected":false},"excerpt":{"rendered":"<p>Ad\u0131yaman&#8217;da Kahta k\u00f6yleri i\u00e7in 2026 b\u00fct\u00e7esinde 145 milyon TL ayr\u0131ld\u0131. Y\u0131ld\u0131r\u0131m, bu yat\u0131r\u0131mlarla k\u0131rsal \u00e7ehrenin de\u011fi\u015fece\u011fini belirtti.<\/p>\n","protected":false},"author":1,"featured_media":45405,"comment_status":"open","ping_status":"open","sticky":false,"template":"","format":"standard","meta":{"footnotes":""},"categories":[12],"tags":[6067,1436,216,659],"class_list":["post-45404","post","type-post","status-publish","format-standard","has-post-thumbnail","hentry","category-siyaset","tag-kahta","tag-koy","tag-yatirim","tag-yildirim"],"_links":{"self":[{"href":"https:\/\/bihavadis.com\/index.php\/wp-json\/wp\/v2\/posts\/45404","targetHints":{"allow":["GET"]}}],"collection":[{"href":"https:\/\/bihavadis.com\/index.php\/wp-json\/wp\/v2\/posts"}],"about":[{"href":"https:\/\/bihavadis.com\/index.php\/wp-json\/wp\/v2\/types\/post"}],"author":[{"embeddable":true,"href":"https:\/\/bihavadis.com\/index.php\/wp-json\/wp\/v2\/users\/1"}],"replies":[{"embeddable":true,"href":"https:\/\/bihavadis.com\/index.php\/wp-json\/wp\/v2\/comments?post=45404"}],"version-history":[{"count":1,"href":"https:\/\/bihavadis.com\/index.php\/wp-json\/wp\/v2\/posts\/45404\/revisions"}],"predecessor-version":[{"id":45406,"href":"https:\/\/bihavadis.com\/index.php\/wp-json\/wp\/v2\/posts\/45404\/revisions\/45406"}],"wp:featuredmedia":[{"embeddable":true,"href":"https:\/\/bihavadis.com\/index.php\/wp-json\/wp\/v2\/media\/45405"}],"wp:attachment":[{"href":"https:\/\/bihavadis.com\/index.php\/wp-json\/wp\/v2\/media?parent=45404"}],"wp:term":[{"taxonomy":"category","embeddable":true,"href":"https:\/\/bihavadis.com\/index.php\/wp-json\/wp\/v2\/categories?post=45404"},{"taxonomy":"post_tag","embeddable":true,"href":"https:\/\/bihavadis.com\/index.php\/wp-json\/wp\/v2\/tags?post=45404"}],"curies":[{"name":"wp","href":"https:\/\/api.w.org\/{rel}","templated":true}]}}