{"id":45412,"date":"2026-02-24T14:24:08","date_gmt":"2026-02-24T14:24:08","guid":{"rendered":"https:\/\/bihavadis.com\/?p=45412"},"modified":"2026-02-24T14:24:08","modified_gmt":"2026-02-24T14:24:08","slug":"bahcelinin-gormek-istemeyecegi-anket","status":"publish","type":"post","link":"https:\/\/bihavadis.com\/index.php\/2026\/02\/24\/bahcelinin-gormek-istemeyecegi-anket\/","title":{"rendered":"Bah\u00e7eli&#8217;nin g\u00f6rmek istemeyece\u011fi anket"},"content":{"rendered":"<p>MHP Genel Ba\u015fkan\u0131 Devlet Bah\u00e7eli&#8217;nin erken se\u00e7im tart\u0131\u015fmalar\u0131na kesin bir dille kap\u0131y\u0131 kapatmas\u0131n\u0131n ard\u0131ndan konu bu kez kamuoyu yoklamalar\u0131na yans\u0131d\u0131.<\/p>\n<p><b>Y\u00dcZDE 54&#8217;L\u00dcK KES\u0130M &#8220;YAPILSIN&#8221; DED\u0130 <\/b><\/p>\n<p>ASAL Ara\u015ft\u0131rma&#8217;n\u0131n Ocak 2026&#8217;da 26 ilde, 2 bin ki\u015fiyle ger\u00e7ekle\u015ftirdi\u011fi ankette kat\u0131l\u0131mc\u0131lara &#8220;Sizce erken genel se\u00e7im yap\u0131lmal\u0131 m\u0131?&#8221; sorusu y\u00f6neltildi. Anket sonu\u00e7lar\u0131na g\u00f6re, kat\u0131l\u0131mc\u0131lar\u0131n y\u00fczde 54,4&#8217;\u00fc erken se\u00e7im yap\u0131lmas\u0131 gerekti\u011fini belirtirken, y\u00fczde 38&#8217;i erken se\u00e7ime kar\u015f\u0131 \u00e7\u0131kt\u0131. Y\u00fczde 7,6&#8217;l\u0131k kesim ise fikir belirtmedi.<\/p>\n<div>\n<figure><img decoding=\"async\" src=\"https:\/\/bihavadis.com\/wp-content\/uploads\/2026\/02\/bahcelinin-gormek-istemeyecegi-anket-0-ROp1dD8y.jpg\"\/><\/figure>\n<\/div>\n<p>Ortaya \u00e7\u0131kan tablo, siyasi g\u00fcndemde erken se\u00e7im tart\u0131\u015fmalar\u0131n\u0131n kamuoyunda \u00f6nemli bir kar\u015f\u0131l\u0131\u011f\u0131 oldu\u011funu g\u00f6sterirken, Bah\u00e7eli&#8217;nin &#8220;erken se\u00e7im asla g\u00fcndeme al\u0131nmayacakt\u0131r&#8221; s\u00f6zlerine ra\u011fmen se\u00e7menin yar\u0131dan fazlas\u0131n\u0131n erken se\u00e7im talebinde bulundu\u011funu ortaya koydu.<\/p>\n<p><b>BAH\u00c7EL\u0130 NE DEM\u0130\u015eT\u0130? <\/b><\/p>\n<p>&#8220;CHP Genel Ba\u015fkan\u0131&#8217;n\u0131n erken se\u00e7im ezberine tak\u0131lmas\u0131 ve \u015fahs\u0131ma beyhude \u00e7a\u011fr\u0131lar yapmas\u0131, tam bir siyasi ahmakl\u0131kt\u0131r&#8221; diyen Bah\u00e7eli, \u015fu ifadelere yer vermi\u015fti: &#8220;Se\u00e7imin ne zaman yap\u0131laca\u011f\u0131 bellidir, erken se\u00e7im diye bir \u015fey asla g\u00fcndeme al\u0131nmayacakt\u0131r. CHP Genel Ba\u015fkan\u0131 se\u00e7im kap\u0131s\u0131n\u0131 aralamaya vursa da biz Cumhur \u0130ttifak\u0131 olarak arayaca\u011f\u0131m\u0131z kap\u0131n\u0131n T\u00fcrkiye&#8217;nin ve T\u00fcrk Y\u00fczy\u0131l\u0131&#8217;n\u0131n c\u00fcmle kap\u0131s\u0131 oldu\u011funu biliyoruz.&#8221; <\/p>\n","protected":false},"excerpt":{"rendered":"<p>ASAL Ara\u015ft\u0131rma&#8217;n\u0131n Ocak 2026 anketine g\u00f6re, &#8220;Erken genel se\u00e7im yap\u0131lmal\u0131 m\u0131?&#8221; sorusuna kat\u0131l\u0131mc\u0131lar\u0131n y\u00fczde 54,4&#8217;\u00fc &#8220;evet&#8221;, y\u00fczde 38&#8217;i &#8220;hay\u0131r&#8221; yan\u0131t\u0131n\u0131 verdi; y\u00fczde 7,6 ise fikrinin olmad\u0131\u011f\u0131n\u0131 belirtti.<\/p>\n","protected":false},"author":1,"featured_media":45413,"comment_status":"open","ping_status":"open","sticky":false,"template":"","format":"standard","meta":{"footnotes":""},"categories":[12],"tags":[3287],"class_list":["post-45412","post","type-post","status-publish","format-standard","has-post-thumbnail","hentry","category-siyaset","tag-erken-secim"],"_links":{"self":[{"href":"https:\/\/bihavadis.com\/index.php\/wp-json\/wp\/v2\/posts\/45412","targetHints":{"allow":["GET"]}}],"collection":[{"href":"https:\/\/bihavadis.com\/index.php\/wp-json\/wp\/v2\/posts"}],"about":[{"href":"https:\/\/bihavadis.com\/index.php\/wp-json\/wp\/v2\/types\/post"}],"author":[{"embeddable":true,"href":"https:\/\/bihavadis.com\/index.php\/wp-json\/wp\/v2\/users\/1"}],"replies":[{"embeddable":true,"href":"https:\/\/bihavadis.com\/index.php\/wp-json\/wp\/v2\/comments?post=45412"}],"version-history":[{"count":1,"href":"https:\/\/bihavadis.com\/index.php\/wp-json\/wp\/v2\/posts\/45412\/revisions"}],"predecessor-version":[{"id":45415,"href":"https:\/\/bihavadis.com\/index.php\/wp-json\/wp\/v2\/posts\/45412\/revisions\/45415"}],"wp:featuredmedia":[{"embeddable":true,"href":"https:\/\/bihavadis.com\/index.php\/wp-json\/wp\/v2\/media\/45413"}],"wp:attachment":[{"href":"https:\/\/bihavadis.com\/index.php\/wp-json\/wp\/v2\/media?parent=45412"}],"wp:term":[{"taxonomy":"category","embeddable":true,"href":"https:\/\/bihavadis.com\/index.php\/wp-json\/wp\/v2\/categories?post=45412"},{"taxonomy":"post_tag","embeddable":true,"href":"https:\/\/bihavadis.com\/index.php\/wp-json\/wp\/v2\/tags?post=45412"}],"curies":[{"name":"wp","href":"https:\/\/api.w.org\/{rel}","templated":true}]}}