{"id":45494,"date":"2026-02-24T15:21:09","date_gmt":"2026-02-24T15:21:09","guid":{"rendered":"https:\/\/bihavadis.com\/?p=45494"},"modified":"2026-02-24T15:21:09","modified_gmt":"2026-02-24T15:21:09","slug":"fransada-bir-grup-tarafindan-darbedilen-genc-hayatini-kaybetti","status":"publish","type":"post","link":"https:\/\/bihavadis.com\/index.php\/2026\/02\/24\/fransada-bir-grup-tarafindan-darbedilen-genc-hayatini-kaybetti\/","title":{"rendered":"Fransa&#8217;da bir grup taraf\u0131ndan darbedilen gen\u00e7 hayat\u0131n\u0131 kaybetti"},"content":{"rendered":"<p>Frans\u0131z bas\u0131n\u0131na yans\u0131yan g\u00fcvenlik kameras\u0131 kay\u0131tlar\u0131na g\u00f6re, 12 \u015eubat&#8217;ta Lyon kentinin 5. b\u00f6lgesinde bir grup, 3 genci darbetti.<\/p>\n<p>Olay esnas\u0131nda iki ki\u015fi olay yerinden ka\u00e7may\u0131 ba\u015far\u0131rken, di\u011feri ise yerde hareketsiz kald\u0131.<\/p>\n<p><strong>HAYATINI KAYBETT\u0130 <\/strong><\/p>\n<p>Frans\u0131z bas\u0131n\u0131nda yer alan haberlere g\u00f6re soru\u015fturmay\u0131 y\u00fcr\u00fcten savc\u0131l\u0131k, 12 \u015eubat\u2019taki olaya kar\u0131\u015fan \u015f\u00fcphelilerin kimliklerine ili\u015fkin hen\u00fcz bilgi payla\u015fmad\u0131.<\/p>\n<p>\u015eiddet olay\u0131n\u0131n ard\u0131ndan hastaneye kald\u0131r\u0131lan gen\u00e7 ise hayat\u0131n\u0131 kaybetti.<\/p>\n<p><img decoding=\"async\" src=\"https:\/\/bihavadis.com\/wp-content\/uploads\/2026\/02\/fransada-bir-grup-tarafindan-darbedilen-genc-hayatini-kaybetti-0-wbPACaVY.jpg\"\/><\/p>\n<p><strong>A\u015eIRI SA\u011e VE SOLCU GRUPLAR ARASINDA YA\u015eANDI \u0130DD\u0130ASI <\/strong><\/p>\n<p>Solcu Boyun E\u011fmeyen Fransa (LFI) Partisi&#8217;nden Avrupa Parlamentosu \u00fcyesi Rima Hassan\u2019\u0131n konferansa kat\u0131lmak \u00fczere Lyon\u2019da bulundu\u011fu s\u0131rada ya\u015fanan \u015fiddet olay\u0131n\u0131n, a\u015f\u0131r\u0131 sa\u011fc\u0131 ve solcu gruplar aras\u0131nda ger\u00e7ekle\u015fti\u011fi iddia edildi.<\/p>\n<p>A\u015f\u0131r\u0131 sa\u011fc\u0131 Nemesis isimli grup, gencin hayat\u0131n\u0131 kaybetmesinden solcu Jeune Garde isimli grubu sorumlu tutarken bu konuda hen\u00fcz resmi a\u00e7\u0131klama yap\u0131lmad\u0131.<\/p>\n<p><strong>MACRON&#8217;DAN \u0130T\u0130DAL \u00c7A\u011eRISI <\/strong><\/p>\n<p>Fransa Cumhurba\u015fkan\u0131 Emmanuel Macron, ABD merkezli X \u015firketinin sosyal medya platformundan yapt\u0131\u011f\u0131 a\u00e7\u0131klamada, Fransa\u2019da hi\u00e7bir dava ya da ideolojinin gencin \u00f6l\u00fcm\u00fcn\u00fc hakl\u0131 \u00e7\u0131karamayaca\u011f\u0131n\u0131 vurgulayarak, itidal \u00e7a\u011fr\u0131s\u0131nda bulundu.<\/p>\n<p>Macron, gencin \u00f6l\u00fcm\u00fcnden sorumlu ki\u015filerin yarg\u0131ya hesap vereceklerini belirtti.<\/p>\n<p><img decoding=\"async\" src=\"https:\/\/bihavadis.com\/wp-content\/uploads\/2026\/02\/fransada-bir-grup-tarafindan-darbedilen-genc-hayatini-kaybetti-1-qFzsafjR.jpg\"\/><\/p>\n<p><img decoding=\"async\" src=\"https:\/\/bihavadis.com\/wp-content\/uploads\/2026\/02\/fransada-bir-grup-tarafindan-darbedilen-genc-hayatini-kaybetti-2-QfNfBDjN.jpg\"\/><\/p>\n","protected":false},"excerpt":{"rendered":"<p>Lyon kentinde solcu ve a\u015f\u0131r\u0131 sa\u011fc\u0131 gruplar aras\u0131nda meydana geldi\u011fi iddia edilen olayda darbedilen 23 ya\u015f\u0131ndaki gen\u00e7, kald\u0131r\u0131ld\u0131\u011f\u0131 hastanede hayat\u0131n\u0131 kaybetti.<\/p>\n","protected":false},"author":1,"featured_media":45495,"comment_status":"open","ping_status":"open","sticky":false,"template":"","format":"standard","meta":{"footnotes":""},"categories":[4,13],"tags":[256],"class_list":["post-45494","post","type-post","status-publish","format-standard","has-post-thumbnail","hentry","category-gundem","category-son-dakika","tag-olay"],"_links":{"self":[{"href":"https:\/\/bihavadis.com\/index.php\/wp-json\/wp\/v2\/posts\/45494","targetHints":{"allow":["GET"]}}],"collection":[{"href":"https:\/\/bihavadis.com\/index.php\/wp-json\/wp\/v2\/posts"}],"about":[{"href":"https:\/\/bihavadis.com\/index.php\/wp-json\/wp\/v2\/types\/post"}],"author":[{"embeddable":true,"href":"https:\/\/bihavadis.com\/index.php\/wp-json\/wp\/v2\/users\/1"}],"replies":[{"embeddable":true,"href":"https:\/\/bihavadis.com\/index.php\/wp-json\/wp\/v2\/comments?post=45494"}],"version-history":[{"count":1,"href":"https:\/\/bihavadis.com\/index.php\/wp-json\/wp\/v2\/posts\/45494\/revisions"}],"predecessor-version":[{"id":45499,"href":"https:\/\/bihavadis.com\/index.php\/wp-json\/wp\/v2\/posts\/45494\/revisions\/45499"}],"wp:featuredmedia":[{"embeddable":true,"href":"https:\/\/bihavadis.com\/index.php\/wp-json\/wp\/v2\/media\/45495"}],"wp:attachment":[{"href":"https:\/\/bihavadis.com\/index.php\/wp-json\/wp\/v2\/media?parent=45494"}],"wp:term":[{"taxonomy":"category","embeddable":true,"href":"https:\/\/bihavadis.com\/index.php\/wp-json\/wp\/v2\/categories?post=45494"},{"taxonomy":"post_tag","embeddable":true,"href":"https:\/\/bihavadis.com\/index.php\/wp-json\/wp\/v2\/tags?post=45494"}],"curies":[{"name":"wp","href":"https:\/\/api.w.org\/{rel}","templated":true}]}}