{"id":45505,"date":"2026-02-24T15:27:06","date_gmt":"2026-02-24T15:27:06","guid":{"rendered":"https:\/\/bihavadis.com\/?p=45505"},"modified":"2026-02-24T15:27:06","modified_gmt":"2026-02-24T15:27:06","slug":"dem-parti-heyeti-yarin-imrali-adasini-ziyaret-edecek","status":"publish","type":"post","link":"https:\/\/bihavadis.com\/index.php\/2026\/02\/24\/dem-parti-heyeti-yarin-imrali-adasini-ziyaret-edecek\/","title":{"rendered":"DEM Parti heyeti, yar\u0131n \u0130mral\u0131 Adas\u0131&#8217;n\u0131 ziyaret edecek"},"content":{"rendered":"<p>&#8216;Ter\u00f6rs\u00fcz T\u00fcrkiye&#8217; s\u00fcreci devam ediyor.\u00a0<\/p>\n<p>Cumhurba\u015fkan\u0131 Recep Tayyip Erdo\u011fan ve MHP Lideri Devlet Bah\u00e7eli \u00f6nderli\u011finde ba\u015flat\u0131lan s\u00fcre\u00e7te a\u015famalar birer birer ge\u00e7iliyor.<\/p>\n<p>S\u00fcrece ili\u015fkin \u00e7al\u0131\u015fmalar h\u0131z kesmeden devam ederken dikkat \u00e7eken bir geli\u015fme ya\u015fand\u0131.\u00a0<\/p>\n<p><strong>DEM, YARIN \u0130MRALI&#8217;YI Z\u0130YARET EDECEK<\/strong><\/p>\n<p>DEM Parti \u0130mral\u0131 Heyeti \u00fcyeleri, ter\u00f6r \u00f6rg\u00fct\u00fc PKK eleba\u015f\u0131 Abdullah \u00d6calan ile g\u00f6r\u00fc\u015fmek \u00fczere yar\u0131n \u0130mral\u0131 Adas\u0131&#8217;na gidecek.<\/p>\n<p>Heyette Pervin Buldan, Mithat Sancar ve \u00d6zg\u00fcr Faik Erol yer alacak.\u00a0<\/p>\n<p><img decoding=\"async\" src=\"https:\/\/bihavadis.com\/wp-content\/uploads\/2026\/02\/dem-parti-heyeti-yarin-imrali-adasini-ziyaret-edecek-0-imFBZLmS.jpg\"\/><\/p>\n<p><strong>CUMHURBA\u015eKANI ERDO\u011eAN&#8217;I Z\u0130YARET ETT\u0130LER<\/strong><\/p>\n<p>Heyet, ge\u00e7ti\u011fimiz g\u00fcnlerde\u00a0Cumhurba\u015fkan\u0131 Erdo\u011fan&#8217;\u0131 ziyaret etmi\u015fti.\u00a0<\/p>\n<p>G\u00f6r\u00fc\u015fme, Be\u015ftepe&#8217;deki Cumhurba\u015fkanl\u0131\u011f\u0131 K\u00fclliyesi&#8217;nde ger\u00e7ekle\u015fmi\u015fti.\u00a0<\/p>\n<p><strong>B\u0130R \u00d6NCEK\u0130 Z\u0130YARET 3 ARALIK&#8217;TAYDI<\/strong><\/p>\n<p>DEM heyeti, adaya bir \u00f6nceki ziyaretini 2 Aral\u0131k 2025 tarihinde yapm\u0131\u015ft\u0131.\u00a0<\/p>\n<p>Ziyaretin ard\u0131ndan yaz\u0131l\u0131 bir a\u00e7\u0131klama yap\u0131lm\u0131\u015ft\u0131.\u00a0<\/p>\n<p><img decoding=\"async\" src=\"https:\/\/bihavadis.com\/wp-content\/uploads\/2026\/02\/dem-parti-heyeti-yarin-imrali-adasini-ziyaret-edecek-1-2c2debQ8.jpg\"\/><\/p>\n","protected":false},"excerpt":{"rendered":"<p>DEM Parti \u0130mral\u0131 Heyeti \u00fcyeleri Pervin Buldan, Mithat Sancar ve \u00d6zg\u00fcr Faik Erol, ter\u00f6r \u00f6rg\u00fct\u00fc PKK eleba\u015f\u0131 Abdullah \u00d6calan ile g\u00f6r\u00fc\u015fmek \u00fczere yar\u0131n \u0130mral\u0131 Adas\u0131&#8217;na gidecek.<\/p>\n","protected":false},"author":1,"featured_media":45506,"comment_status":"open","ping_status":"open","sticky":false,"template":"","format":"standard","meta":{"footnotes":""},"categories":[9,13],"tags":[319],"class_list":["post-45505","post","type-post","status-publish","format-standard","has-post-thumbnail","hentry","category-genel","category-son-dakika","tag-ziyaret"],"_links":{"self":[{"href":"https:\/\/bihavadis.com\/index.php\/wp-json\/wp\/v2\/posts\/45505","targetHints":{"allow":["GET"]}}],"collection":[{"href":"https:\/\/bihavadis.com\/index.php\/wp-json\/wp\/v2\/posts"}],"about":[{"href":"https:\/\/bihavadis.com\/index.php\/wp-json\/wp\/v2\/types\/post"}],"author":[{"embeddable":true,"href":"https:\/\/bihavadis.com\/index.php\/wp-json\/wp\/v2\/users\/1"}],"replies":[{"embeddable":true,"href":"https:\/\/bihavadis.com\/index.php\/wp-json\/wp\/v2\/comments?post=45505"}],"version-history":[{"count":1,"href":"https:\/\/bihavadis.com\/index.php\/wp-json\/wp\/v2\/posts\/45505\/revisions"}],"predecessor-version":[{"id":45509,"href":"https:\/\/bihavadis.com\/index.php\/wp-json\/wp\/v2\/posts\/45505\/revisions\/45509"}],"wp:featuredmedia":[{"embeddable":true,"href":"https:\/\/bihavadis.com\/index.php\/wp-json\/wp\/v2\/media\/45506"}],"wp:attachment":[{"href":"https:\/\/bihavadis.com\/index.php\/wp-json\/wp\/v2\/media?parent=45505"}],"wp:term":[{"taxonomy":"category","embeddable":true,"href":"https:\/\/bihavadis.com\/index.php\/wp-json\/wp\/v2\/categories?post=45505"},{"taxonomy":"post_tag","embeddable":true,"href":"https:\/\/bihavadis.com\/index.php\/wp-json\/wp\/v2\/tags?post=45505"}],"curies":[{"name":"wp","href":"https:\/\/api.w.org\/{rel}","templated":true}]}}