{"id":45551,"date":"2026-02-24T16:00:08","date_gmt":"2026-02-24T16:00:08","guid":{"rendered":"https:\/\/bihavadis.com\/?p=45551"},"modified":"2026-02-24T16:00:08","modified_gmt":"2026-02-24T16:00:08","slug":"baskan-gecit-5-subatta-beylerderesinde-genclik-bayrak-yuruyusu-duzenleyecegiz","status":"publish","type":"post","link":"https:\/\/bihavadis.com\/index.php\/2026\/02\/24\/baskan-gecit-5-subatta-beylerderesinde-genclik-bayrak-yuruyusu-duzenleyecegiz\/","title":{"rendered":"Ba\u015fkan Ge\u00e7it: &#8220;5 \u015eubat&#8217;ta Beylerderesi&#8217;nde gen\u00e7lik bayrak y\u00fcr\u00fcy\u00fc\u015f\u00fc d\u00fczenleyece\u011fiz&#8221;"},"content":{"rendered":"<p> Ye\u015filyurt Belediyesi, milli birlik ve beraberlik duygular\u0131n\u0131 g\u00fc\u00e7lendirmek amac\u0131yla anlaml\u0131 bir etkinli\u011fe imza at\u0131yor. &#8220;Tek Bayrak, Tek Vatan&#8221; temas\u0131yla d\u00fczenlenecek Gen\u00e7lik Bayrak Y\u00fcr\u00fcy\u00fc\u015f\u00fc, 5 \u015eubat Per\u015fembe g\u00fcn\u00fc saat 11: 00&#8217;de Beylerderesi \u015eehir Park\u0131&#8217;nda ger\u00e7ekle\u015ftirilecek. Ye\u015filyurt Belediye Ba\u015fkan\u0131 Prof. Dr. \u0130lhan Ge\u00e7it, yapt\u0131\u011f\u0131 a\u00e7\u0131klamayla t\u00fcm vatanda\u015flar\u0131 y\u00fcr\u00fcy\u00fc\u015fe davet etti.<\/p>\n<p>Ye\u015filyurt Belediyesi Gen\u00e7lik ve Spor Hizmetleri M\u00fcd\u00fcrl\u00fc\u011f\u00fc ile Ye\u015filyurt \u0130l\u00e7e Milli E\u011fitim M\u00fcd\u00fcrl\u00fc\u011f\u00fc, milli de\u011ferlerin ya\u015fat\u0131lmas\u0131, birlik ve beraberlik ruhunun gen\u00e7 nesillere aktar\u0131lmas\u0131 amac\u0131yla &#8220;Tek Bayrak, Tek Vatan&#8221; temal\u0131 Gen\u00e7lik Bayrak Y\u00fcr\u00fcy\u00fc\u015f\u00fc d\u00fczenleyecek.<\/p>\n<p>5 \u015eubat Per\u015fembe g\u00fcn\u00fc saat 11: 00&#8217;de Beylerderesi \u015eehir Park\u0131&#8217;nda ger\u00e7ekle\u015ftirilecek y\u00fcr\u00fcy\u00fc\u015fte, gen\u00e7ler ba\u015fta olmak \u00fczere her ya\u015ftan vatanda\u015f T\u00fcrk bayraklar\u0131yla Beylerderesi \u015eehir Park\u0131&#8217;nda bir araya gelecek. Co\u015fku ve heyecan\u0131n \u00f6n planda olaca\u011f\u0131 etkinlikte, milli birlik mesajlar\u0131 verilecek olup, \u00f6\u011frenciler taraf\u0131ndan vatan ve bayrak temal\u0131 \u015fiirler okunacak.<\/p>\n<p>Etkinlikle ilgili a\u00e7\u0131klamalarda bulunan Ye\u015filyurt Belediye Ba\u015fkan\u0131 Prof. Dr. \u0130lhan Ge\u00e7it, birlik ve beraberli\u011fin T\u00fcrkiye&#8217;nin en b\u00fcy\u00fck g\u00fcc\u00fc oldu\u011funa dikkat \u00e7ekerek \u015funlar\u0131 s\u00f6yledi: &#8220;Bayra\u011f\u0131m\u0131z, vatan\u0131m\u0131z ve milletimiz ortak paydam\u0131zd\u0131r. Zor zamanlardan ge\u00e7ti\u011fimiz bu s\u00fcre\u00e7te, milli birlik ve beraberli\u011fimizi daha da g\u00fc\u00e7lendirmek, gen\u00e7lerimizle omuz omuza y\u00fcr\u00fcmek bizim i\u00e7in b\u00fcy\u00fck bir anlam ta\u015f\u0131yor. \u0130l\u00e7e Milli E\u011fitim M\u00fcd\u00fcrl\u00fc\u011f\u00fcm\u00fczle i\u015fbirli\u011fi halinde 5 \u015eubat Per\u015fembe g\u00fcn\u00fc saat 11: 00&#8217;de Beylerderesi \u015eehir Park\u0131&#8217;nda d\u00fczenleyece\u011fimiz &#8216;Tek Bayrak, Tek Vatan&#8217; temal\u0131 Gen\u00e7lik Bayrak Y\u00fcr\u00fcy\u00fc\u015f\u00fc&#8217;ne t\u00fcm hem\u015ferilerimizi ve \u00f6zellikle gen\u00e7lerimizi davet ediyorum. Bayra\u011f\u0131m\u0131zla y\u00fcr\u00fcyelim, co\u015fkuyu birlikte ya\u015fayal\u0131m&#8221; dedi.<\/p>\n<p>Ba\u015fkan Ge\u00e7it, gen\u00e7lerin milli ve manevi de\u011ferlere sahip \u00e7\u0131kan bireyler olarak yeti\u015fmesinin \u00f6nemine vurgu yaparak, bu t\u00fcr etkinliklerin toplumsal dayan\u0131\u015fmay\u0131 art\u0131rd\u0131\u011f\u0131n\u0131 ifade etti. &#8211; MALATYA<\/p>\n","protected":false},"excerpt":{"rendered":"<p>Ye\u015filyurt Belediyesi, milli birlik ve beraberlik duygular\u0131n\u0131 g\u00fc\u00e7lendirmek amac\u0131yla 5 \u015eubat&#8217;ta &#8216;Tek Bayrak, Tek Vatan&#8217; temal\u0131 Gen\u00e7lik Bayrak Y\u00fcr\u00fcy\u00fc\u015f\u00fc d\u00fczenleyecek. Etkinlikte vatanda\u015flar T\u00fcrk bayraklar\u0131yla bir araya gelecek ve milli de\u011ferler vurgulanacak.<\/p>\n","protected":false},"author":1,"featured_media":45552,"comment_status":"open","ping_status":"open","sticky":false,"template":"","format":"standard","meta":{"footnotes":""},"categories":[12],"tags":[1906,340,1907,1041,5676],"class_list":["post-45551","post","type-post","status-publish","format-standard","has-post-thumbnail","hentry","category-siyaset","tag-bayrak","tag-genc","tag-milli","tag-tek","tag-vatan"],"_links":{"self":[{"href":"https:\/\/bihavadis.com\/index.php\/wp-json\/wp\/v2\/posts\/45551","targetHints":{"allow":["GET"]}}],"collection":[{"href":"https:\/\/bihavadis.com\/index.php\/wp-json\/wp\/v2\/posts"}],"about":[{"href":"https:\/\/bihavadis.com\/index.php\/wp-json\/wp\/v2\/types\/post"}],"author":[{"embeddable":true,"href":"https:\/\/bihavadis.com\/index.php\/wp-json\/wp\/v2\/users\/1"}],"replies":[{"embeddable":true,"href":"https:\/\/bihavadis.com\/index.php\/wp-json\/wp\/v2\/comments?post=45551"}],"version-history":[{"count":1,"href":"https:\/\/bihavadis.com\/index.php\/wp-json\/wp\/v2\/posts\/45551\/revisions"}],"predecessor-version":[{"id":45553,"href":"https:\/\/bihavadis.com\/index.php\/wp-json\/wp\/v2\/posts\/45551\/revisions\/45553"}],"wp:featuredmedia":[{"embeddable":true,"href":"https:\/\/bihavadis.com\/index.php\/wp-json\/wp\/v2\/media\/45552"}],"wp:attachment":[{"href":"https:\/\/bihavadis.com\/index.php\/wp-json\/wp\/v2\/media?parent=45551"}],"wp:term":[{"taxonomy":"category","embeddable":true,"href":"https:\/\/bihavadis.com\/index.php\/wp-json\/wp\/v2\/categories?post=45551"},{"taxonomy":"post_tag","embeddable":true,"href":"https:\/\/bihavadis.com\/index.php\/wp-json\/wp\/v2\/tags?post=45551"}],"curies":[{"name":"wp","href":"https:\/\/api.w.org\/{rel}","templated":true}]}}