{"id":45573,"date":"2026-02-24T16:18:06","date_gmt":"2026-02-24T16:18:06","guid":{"rendered":"https:\/\/bihavadis.com\/?p=45573"},"modified":"2026-02-24T16:18:06","modified_gmt":"2026-02-24T16:18:06","slug":"izmirde-yaratici-yikim-toplantisi","status":"publish","type":"post","link":"https:\/\/bihavadis.com\/index.php\/2026\/02\/24\/izmirde-yaratici-yikim-toplantisi\/","title":{"rendered":"\u0130zmir&#8217;de Yarat\u0131c\u0131 Y\u0131k\u0131m Toplant\u0131s\u0131"},"content":{"rendered":"<p>Ege Gen\u00e7 \u0130\u015f \u0130nsanlar\u0131 Derne\u011fi (EG\u0130AD) taraf\u0131ndan haz\u0131rl\u0131klar\u0131 s\u00fcrd\u00fcr\u00fclen &#8220;Yarat\u0131c\u0131 Y\u0131k\u0131m S\u00fcrecinde \u0130zmir-\u00dc\u00e7\u00fcz D\u00f6n\u00fc\u015f\u00fcm ile \u0130\u015fg\u00fcc\u00fc Piyasas\u0131n\u0131n Yeniden Tasar\u0131m\u0131&#8221; ba\u015fl\u0131kl\u0131 think tank raporu kapsam\u0131nda, \u0130zmir yenilik ve giri\u015fimcilik ekosisteminin \u00f6nemli akt\u00f6rlerini bir araya getiren ortak ak\u0131l toplant\u0131s\u0131 ger\u00e7ekle\u015ftirildi.<\/p>\n<p>EG\u0130AD merkezinde d\u00fczenlenen toplant\u0131ya \u0130zmir&#8217;de faaliyet g\u00f6steren Teknoloji Geli\u015ftirme B\u00f6lgeleri, Teknoloji Transfer Ofisleri (TTO), TEKMER&#8217;ler ve giri\u015fimcilik merkezlerinin y\u00f6neticileri ile raporu haz\u0131rlayan akademisyenler ve EG\u0130AD Melekleri Yat\u0131r\u0131m A\u011f\u0131 \u00fcyeleri kat\u0131ld\u0131.<\/p>\n<p>Toplant\u0131n\u0131n a\u00e7\u0131l\u0131\u015f\u0131nda konu\u015fan EG\u0130AD Y\u00f6netim Kurulu Ba\u015fkan Vekili ve EG\u0130AD Melekleri \u0130cra Kurulu Ba\u015fkan\u0131 Arda Y\u0131lmaz, EG\u0130AD&#8217;\u0131n 35 y\u0131ll\u0131k yolculu\u011funa dikkat \u00e7ekerek \u015fu de\u011ferlendirmede bulundu: &#8220;EG\u0130AD, 1990 y\u0131l\u0131nda 47 vizyoner gen\u00e7 i\u015f insan\u0131n\u0131n birlikte \u00fcretme idealinden do\u011fdu. Bug\u00fcn 900&#8217;\u00fc a\u015fk\u0131n \u00fcyemizle, 3 bin 500&#8217;den fazla \u015firketi ve yakla\u015f\u0131k 150 bin ki\u015filik istihdam g\u00fcc\u00fcn\u00fc temsil ediyoruz. Bu \u00f6l\u00e7ek bize yaln\u0131zca temsil de\u011fil, sorumluluk da y\u00fckl\u00fcyor.&#8221;<\/p>\n<p>EG\u0130AD&#8217;\u0131n klasik bir i\u015f d\u00fcnyas\u0131 \u00f6rg\u00fctlenmesinin \u00f6tesinde, veri \u00fcreten, politika geli\u015ftiren ve yol g\u00f6steren bir yap\u0131 olmay\u0131 hedefledi\u011fini vurgulayan Y\u0131lmaz, think tank \u00e7al\u0131\u015fmalar\u0131n\u0131n bu vizyonun en somut yans\u0131mas\u0131 oldu\u011funun da alt\u0131n\u0131 \u00e7izdi.<\/p>\n<p>&#8220;Yarat\u0131c\u0131 y\u0131k\u0131m, do\u011fru y\u00f6netildi\u011finde b\u00fcy\u00fck bir f\u0131rsatt\u0131r&#8221;<\/p>\n<p>Konu\u015fmas\u0131nda &#8220;yarat\u0131c\u0131 y\u0131k\u0131m&#8221; kavram\u0131na \u00f6zel bir parantez a\u00e7an Y\u0131lmaz, bu s\u00fcrecin yaln\u0131zca teknolojik de\u011fil, ayn\u0131 zamanda insan kayna\u011f\u0131n\u0131 ve toplumsal yap\u0131y\u0131 d\u00f6n\u00fc\u015ft\u00fcren \u00e7ok katmanl\u0131 bir de\u011fi\u015fim oldu\u011funa dikkat \u00e7ekerek, &#8220;Yarat\u0131c\u0131 y\u0131k\u0131m ilk bak\u0131\u015fta risk ve belirsizlik \u00e7a\u011fr\u0131\u015f\u0131m\u0131 yapabilir. Ancak biz bu s\u00fcreci, do\u011fru okundu\u011funda ve do\u011fru y\u00f6netildi\u011finde \u0130zmir i\u00e7in g\u00fc\u00e7l\u00fc bir s\u0131\u00e7rama alan\u0131 olarak g\u00f6r\u00fcyoruz.&#8221; dedi. Y\u0131lmaz, bu perspektifle haz\u0131rlanan raporda; dijitalle\u015fme, ye\u015fil d\u00f6n\u00fc\u015f\u00fcm ve toplumsal d\u00f6n\u00fc\u015f\u00fcm\u00fcn \u0130zmir i\u015fg\u00fcc\u00fc piyasas\u0131n\u0131 nas\u0131l yeniden \u015fekillendirdi\u011finin analiz edildi\u011fini vurgulayarak, y\u0131k\u0131c\u0131 teknolojilerle de\u011fi\u015fen beceri ihtiya\u00e7lar\u0131n\u0131n somut verilerle ele al\u0131nd\u0131\u011f\u0131n\u0131 ifade etti.<\/p>\n<p>\u00dc\u00e7\u00fcz d\u00f6n\u00fc\u015f\u00fcmle i\u015fg\u00fcc\u00fc piyasas\u0131 yeniden tasarlan\u0131yor<\/p>\n<p>EG\u0130AD think tank \u00e7al\u0131\u015fmalar\u0131 kapsam\u0131nda haz\u0131rlanan rapor ile hangi becerilerin \u00f6n plana \u00e7\u0131kaca\u011f\u0131, hangi sekt\u00f6rlerin d\u00f6n\u00fc\u015f\u00fcmden nas\u0131l etkilenece\u011fi, yeniden beceri kazand\u0131rma (reskilling &#038; upskilling) s\u00fcre\u00e7lerinin nas\u0131l kurgulanmas\u0131 gerekti\u011fi, sorular\u0131na uygulanabilir politika \u00f6nerileri sunulmas\u0131 hedefleniyor.<\/p>\n<p>Raporda \u00f6zellikle NEET gen\u00e7ler ba\u015fta olmak \u00fczere k\u0131r\u0131lgan gruplar\u0131n \u00fcretim s\u00fcre\u00e7lerine yeniden dahil edilmesine y\u00f6nelik yol haritalar\u0131 \u00f6ne \u00e7\u0131k\u0131yor. Bu yakla\u015f\u0131m\u0131n, yarat\u0131c\u0131 y\u0131k\u0131m\u0131 \u0130zmir a\u00e7\u0131s\u0131ndan bir risk olmaktan \u00e7\u0131kararak rekabet g\u00fcc\u00fcn\u00fc art\u0131ran stratejik bir avantaja d\u00f6n\u00fc\u015ft\u00fcrmesi ama\u00e7lan\u0131yor.<\/p>\n<p>Finansman\u0131n \u00f6tesinde bir d\u00f6n\u00fc\u015f\u00fcm arac\u0131<\/p>\n<p>Toplant\u0131n\u0131n \u00f6nemli ba\u015fl\u0131klar\u0131ndan biri de EG\u0130AD Melekleri Yat\u0131r\u0131m A\u011f\u0131 oldu. EG\u0130AD Ba\u015fkan Vekili ve EG\u0130AD Melekleri \u0130cra Kurulu Ba\u015fkan\u0131 Arda Y\u0131lmaz konu\u015fmas\u0131nda, EG\u0130AD Melekleri&#8217;nin yaln\u0131zca bir yat\u0131r\u0131m mekanizmas\u0131 de\u011fil, b\u00fct\u00fcnc\u00fcl bir giri\u015fimcilik destek modeli sundu\u011funu vurgulad\u0131: &#8220;Bizim i\u00e7in yat\u0131r\u0131m sadece sermaye de\u011fildir. Giri\u015fimcilere mentorluk, stratejik y\u00f6nlendirme ve kurumsal deneyim aktar\u0131m\u0131 sunuyoruz. S\u00fcrd\u00fcr\u00fclebilir b\u00fcy\u00fcmenin yan\u0131nda duruyoruz.&#8221; Hazine ve Maliye Bakanl\u0131\u011f\u0131&#8217;na akredite olan ve Ege B\u00f6lgesi&#8217;nde bu niteli\u011fe sahip tek melek yat\u0131r\u0131m a\u011f\u0131 olan EG\u0130AD Melekleri&#8217;nin bug\u00fcne kadar 40&#8217;\u0131n \u00fczerinde giri\u015fime yakla\u015f\u0131k 6 milyon ABD dolar\u0131 yat\u0131r\u0131m yapt\u0131\u011f\u0131 bilgisi payla\u015f\u0131ld\u0131.<\/p>\n<p>10. y\u0131lda yeni hedef gelece\u011fe yat\u0131r\u0131m zirvesi<\/p>\n<p>Bu y\u0131l 10. kurulu\u015f y\u0131l\u0131n\u0131 kutlayan EG\u0130AD Melekleri i\u00e7in May\u0131s ay\u0131nda d\u00fczenlenmesi planlanan &#8220;Gelece\u011fe Yat\u0131r\u0131m Zirvesi&#8221; de toplant\u0131da duyuruldu. Zirvede; yat\u0131r\u0131mc\u0131l\u0131k, teknoloji, yapay zeka ve stratejik d\u00f6n\u00fc\u015f\u00fcm ba\u015fl\u0131klar\u0131n\u0131n ele al\u0131nmas\u0131, kamu-\u00f6zel sekt\u00f6r ve ekosistem payda\u015flar\u0131n\u0131n bir araya getirilmesi hedefleniyor.<\/p>\n<p>Ortak ak\u0131l vurgusu ile kapan\u0131\u015f<\/p>\n<p>Toplant\u0131da, dijital kat\u0131l\u0131mc\u0131l\u0131k uygulamalar\u0131yla g\u00f6r\u00fc\u015flerin toplanmas\u0131 ve EG\u0130AD Melekleri \u0130cra Kurulu ile ger\u00e7ekle\u015ftirilen networking oturumuyla s\u00fcrd\u00fc. EG\u0130AD Ba\u015fkan Vekili ve EG\u0130AD Melekleri \u0130cra Kurulu Ba\u015fkan\u0131 Arda Y\u0131lmaz, konu\u015fmas\u0131n\u0131 \u015fu s\u00f6zlerle tamamlad\u0131: &#8220;Bug\u00fcn burada ortaya koyaca\u011f\u0131m\u0131z ortak ak\u0131l; \u0130zmir&#8217;in be\u015feri sermayesini gelece\u011fe haz\u0131rlayacak, daha diren\u00e7li ve daha rekabet\u00e7i bir yap\u0131 in\u015fa etmemize katk\u0131 sa\u011flayacakt\u0131r. EG\u0130AD, bu toplant\u0131dan elde etti\u011fi \u00e7\u0131kt\u0131lar\u0131, &#8220;Yarat\u0131c\u0131 Y\u0131k\u0131m S\u00fcrecinde \u0130zmir&#8221; raporunun analiz ve \u00f6neri setini sahadan gelen deneyimlerle g\u00fc\u00e7lendirecek ve rapor kentin gelece\u011fine y\u00f6n veren politika belgeleri aras\u0131nda yer alacakt\u0131r.&#8221; &#8211; \u0130ZM\u0130R<\/p>\n","protected":false},"excerpt":{"rendered":"<p>EG\u0130AD, \u0130zmir&#8217;in i\u015fg\u00fcc\u00fc piyasas\u0131n\u0131 d\u00f6n\u00fc\u015ft\u00fcrme raporu i\u00e7in ortak ak\u0131l toplant\u0131s\u0131 d\u00fczenledi.<\/p>\n","protected":false},"author":1,"featured_media":45574,"comment_status":"open","ping_status":"open","sticky":false,"template":"","format":"standard","meta":{"footnotes":""},"categories":[8],"tags":[1817,6078,978,216,1203],"class_list":["post-45573","post","type-post","status-publish","format-standard","has-post-thumbnail","hentry","category-ekonomi","tag-donusum","tag-egiad","tag-izmir","tag-yatirim","tag-yon"],"_links":{"self":[{"href":"https:\/\/bihavadis.com\/index.php\/wp-json\/wp\/v2\/posts\/45573","targetHints":{"allow":["GET"]}}],"collection":[{"href":"https:\/\/bihavadis.com\/index.php\/wp-json\/wp\/v2\/posts"}],"about":[{"href":"https:\/\/bihavadis.com\/index.php\/wp-json\/wp\/v2\/types\/post"}],"author":[{"embeddable":true,"href":"https:\/\/bihavadis.com\/index.php\/wp-json\/wp\/v2\/users\/1"}],"replies":[{"embeddable":true,"href":"https:\/\/bihavadis.com\/index.php\/wp-json\/wp\/v2\/comments?post=45573"}],"version-history":[{"count":1,"href":"https:\/\/bihavadis.com\/index.php\/wp-json\/wp\/v2\/posts\/45573\/revisions"}],"predecessor-version":[{"id":45575,"href":"https:\/\/bihavadis.com\/index.php\/wp-json\/wp\/v2\/posts\/45573\/revisions\/45575"}],"wp:featuredmedia":[{"embeddable":true,"href":"https:\/\/bihavadis.com\/index.php\/wp-json\/wp\/v2\/media\/45574"}],"wp:attachment":[{"href":"https:\/\/bihavadis.com\/index.php\/wp-json\/wp\/v2\/media?parent=45573"}],"wp:term":[{"taxonomy":"category","embeddable":true,"href":"https:\/\/bihavadis.com\/index.php\/wp-json\/wp\/v2\/categories?post=45573"},{"taxonomy":"post_tag","embeddable":true,"href":"https:\/\/bihavadis.com\/index.php\/wp-json\/wp\/v2\/tags?post=45573"}],"curies":[{"name":"wp","href":"https:\/\/api.w.org\/{rel}","templated":true}]}}