{"id":45659,"date":"2026-02-24T17:24:37","date_gmt":"2026-02-24T17:24:37","guid":{"rendered":"https:\/\/bihavadis.com\/?p=45659"},"modified":"2026-02-24T17:24:37","modified_gmt":"2026-02-24T17:24:37","slug":"yener-arasin-mucadelesi-felcten-sampiyona","status":"publish","type":"post","link":"https:\/\/bihavadis.com\/index.php\/2026\/02\/24\/yener-arasin-mucadelesi-felcten-sampiyona\/","title":{"rendered":"Yener Aras&#8217;\u0131n M\u00fccadelesi: Fel\u00e7ten \u015eampiyona"},"content":{"rendered":"<p>\n<p>MALTEPE&#8217;de milli atlet Yener Aras, 26 A\u011fustos 2024&#8217;te sokakta y\u00fcr\u00fcd\u00fc\u011f\u00fc s\u0131rada arkas\u0131ndan gelen bir motosikletin \u00e7arpmas\u0131 sonucu yere savruldu. Kazadan sonra motosiklet s\u00fcr\u00fcc\u00fcs\u00fc ka\u00e7arken, Aras hastaneye kald\u0131r\u0131ld\u0131. Omurili\u011fi zedelenen Yener Aras fel\u00e7 oldu. Kazadan sonra para k\u00fcrekle ilgilenmeye ba\u015flayan Aras, T\u00fcrkiye \u015fampiyonlu\u011fu kazanarak milli tak\u0131ma se\u00e7ildi. Adalet aray\u0131\u015f\u0131na ba\u015flayan Aras, &#8220;Bana vuran ki\u015finin bulunmas\u0131n\u0131 istiyorum, en az\u0131ndan gelip y\u00fczle\u015fmek istiyorum. \u00c7\u00fcnk\u00fc i\u00e7imde s\u00f6ylemek istedi\u011fim \u00e7ok \u015fey var. En b\u00fcy\u00fck ama\u00e7lar\u0131mdan bir tanesi hem gen\u00e7lere hem engelli bireylere rol model olabilmek. D\u00fcnya \u015eampiyonas\u0131&#8217;na ve Avrupa \u015eampiyonas\u0131&#8217;na haz\u0131rl\u0131ktan sonra hedefimiz, en b\u00fcy\u00fck hedefimiz 2028 Los Angeles Paralimpik Oyunlar\u0131&#8217;na kat\u0131labilmek&#8221; dedi. <\/p>\n<p>T\u00fcrkiye&#8217;yi atletizm pistlerinde milli formayla temsil eden, 400 ve 800 metrede T\u00fcrkiye \u015fampiyonluklar\u0131 bulunan Yener Aras kariyeri boyunca 9 T\u00fcrkiye \u015fampiyonlu\u011fu, 2 Balkan 2&#8217;ncili\u011fi, 1 Avrupa 9&#8217;unculu\u011fu kazand\u0131. Ancak Marmara \u00dcniversitesi Spor Bilimleri Fak\u00fcltesi Antren\u00f6rl\u00fck B\u00f6l\u00fcm\u00fc mezunu ve aktif sporculuk d\u00f6neminin yan\u0131 s\u0131ra antren\u00f6rl\u00fck ve spor salonu i\u015fletmecili\u011fi de yapm\u0131\u015f olan 26 ya\u015f\u0131ndaki Yener Aras&#8217;\u0131n hayat\u0131, 2024 y\u0131l\u0131nda ge\u00e7irdi\u011fi trafik kazas\u0131yla bir anda de\u011fi\u015fti. Aras, do\u011fumg\u00fcn\u00fcnden yaln\u0131zca 6 g\u00fcn sonra motosikletiyle i\u015fe giderken arkadan \u00e7arpan ve olay yerinden ka\u00e7an bir s\u00fcr\u00fcc\u00fcn\u00fcn neden oldu\u011fu kazada omurilik felci kald\u0131. Pes etmedi. Sporla kurdu\u011fu ba\u011f\u0131 bu kez kazadan yaln\u0131zca bir ka\u00e7 ay sonra para k\u00fcrek bran\u015f\u0131yla yeniden yakalad\u0131. Kocaeli Dar\u0131ca&#8217;da ya\u015fayan ve haftan\u0131n 4 g\u00fcn\u00fc antrenman i\u00e7in \u0130stanbul Hali\u00e7 Su Sporlar\u0131 Merkezi&#8217;ne gelen eski milli atletin hedefinde, d\u00fcnya ve Avrupa \u015fampiyonalar\u0131n\u0131n yan s\u0131ra 2028&#8217;de Los Angeles&#8217;te yap\u0131lacak Paralimpik Oyunlar\u0131 var.<\/p>\n<p>&#8216;ATLET\u0130ZME SE\u00c7\u0130LD\u0130M T\u00dcRK\u0130YE \u015eAMP\u0130YONU OLDUM&#8217;<\/p>\n<p>Sporla tan\u0131\u015fma s\u00fcrecini ve atletizme nas\u0131l ba\u015flad\u0131\u011f\u0131n\u0131 anlatan Aras, &#8220;Eski bir milli atletim. Marmara \u00dcniversitesi Spor Bilimleri Fak\u00fcltesi Antren\u00f6rl\u00fck B\u00f6l\u00fcm\u00fc mezunuyum. Ben 2009 y\u0131l\u0131nda Kocaeli Dar\u0131ca&#8217;ya ta\u015f\u0131nd\u0131m, daha \u00f6nce Kars Ka\u011f\u0131zman&#8217;da ya\u015f\u0131yorduk. Beden e\u011fitimi \u00f6\u011fretmenimiz okulda yapt\u0131\u011f\u0131 se\u00e7melerle atletizm tak\u0131m\u0131na sporcu se\u00e7iyordu ve o se\u00e7melerde se\u00e7ildim. \u0130lk \u00e7\u0131kt\u0131\u011f\u0131m il\u00e7e ve il \u015fampiyonas\u0131nda \u015fampiyon olmu\u015ftum, T\u00fcrkiye&#8217;de de sonuncu olmu\u015ftum. Asl\u0131nda benim i\u00e7in geri d\u00f6n\u00fcm noktalar\u0131ndan bir tanesi de odur. Atletizme daha \u00e7ok h\u0131rslan\u0131p, daha \u00e7ok m\u00fccadele verip, daha \u00e7ok antrenman yaparak sonunda T\u00fcrkiye \u015fampiyonlu\u011funu ald\u0131m. 400-800 metrede T\u00fcrkiye \u015fampiyonu oldum; 2014, 2015, 2016 y\u0131llar\u0131nda&#8221; diye konu\u015ftu.<\/p>\n<p>&#8216;DO\u011eUMG\u00dcN\u00dcMDE YARI\u015eTIM; 6 G\u00dcN SONRA TRAF\u0130K KAZASI GE\u00c7\u0130RD\u0130M&#8217;<\/p>\n<p>Aras, &#8220;Marmara \u00dcniversitesi Spor Bilimleri Fak\u00fcltesi&#8217;nde Antren\u00f6rl\u00fck B\u00f6l\u00fcm\u00fc&#8217;n\u00fc kazand\u0131m ve bitirdim. Antren\u00f6rl\u00fckle ta\u00e7land\u0131rmak istedim. Belli bir s\u00fcre Dar\u0131ca E\u011fitim Spor Kul\u00fcb\u00fcnde y\u00fczme antren\u00f6rl\u00fc\u011f\u00fc ve atletik performans ko\u00e7lu\u011fu yapt\u0131m. En son yar\u0131\u015f\u0131m 2024 do\u011fum g\u00fcn\u00fcmde, 26 A\u011fustos&#8217;ta yar\u0131\u015ft\u0131m ve 6 g\u00fcn sonra trafik kazas\u0131 ge\u00e7irdim&#8221; dedi.Hayat\u0131n\u0131 tamamen de\u011fi\u015ftiren kazaya dairse, &#8220;Ge\u00e7irdi\u011fim trafik kazas\u0131 sonucu omurilik felci kald\u0131m, yani parapleji hastas\u0131y\u0131m. G\u00f6\u011f\u00fcs alt\u0131 itibar\u0131yla hissetmiyorum. O d\u00f6nemde k\u00fcrekte fizik tedavi al\u0131yordum hastanede. Doktorlar\u0131n y\u00f6nlendirmesiyle kollar\u0131m\u0131n kuvvetli oldu\u011funu s\u00f6ylediler ben de para k\u00fcrekle tan\u0131\u015ft\u0131m. Para k\u00fcrek ba\u015fantren\u00f6r\u00fcm\u00fcz Orkun Pehlivan \u00fcniversiteden hocam olur. Yollar\u0131m\u0131z\u0131n bir daha kesi\u015fmesi benim i\u00e7in hayat\u0131m\u0131n d\u00f6n\u00fcm noktas\u0131 oldu.Ayaklanmaya ve hayata tutunmaya \u00e7al\u0131\u015ft\u0131m. Para k\u00fcrekle tekrar hayat buldum diyebilirim&#8221; diye konu\u015ftu.<\/p>\n<p>&#8216;BANA VURAN K\u0130\u015e\u0130N\u0130N BULUNMASINI \u0130ST\u0130YORUM&#8217;<\/p>\n<p>Fel\u00e7 kald\u0131\u011f\u0131 kazay\u0131 da anlatan Aras, &#8220;Do\u011fumg\u00fcn\u00fcmden 6 g\u00fcn sonra, 2 Eyl\u00fcl 2024 tarihinde sabah 08.30 s\u0131ralar\u0131nda motorumla i\u015fe giderken Maltepe G\u00fclsuyu K\u00f6pr\u00fcs\u00fc&#8217;ne yak\u0131n bir motosikletli arkamdan gelerek bana vurdu ve olay yerinde beni b\u0131rak\u0131p gitti. O s\u00fcre\u00e7te de beni ambulansla hastaneye kald\u0131rd\u0131lar ve 4 saat sonra ameliyata ald\u0131lar ve g\u00f6zlerimi yo\u011fun bak\u0131mda a\u00e7t\u0131m&#8221; dedi. Kazan\u0131n ard\u0131ndan ya\u015fad\u0131\u011f\u0131 zorlu s\u00fcreci anlatan Aras, &#8221; O d\u00f6nemde de ni\u015fanl\u0131mla d\u00fc\u011f\u00fcn haz\u0131rl\u0131klar\u0131 yap\u0131yorduk ve d\u00fc\u011f\u00fcn haz\u0131rl\u0131klar\u0131m\u0131z\u0131n hepsini ertelemek durumunda kald\u0131k. Bize \u00e7arpan ki\u015fiyi de bulamad\u0131k, en b\u00fcy\u00fck ac\u0131lar\u0131m\u0131zdan bir tanesi bu. En az\u0131ndan ba\u015f\u0131m\u0131za b\u00f6yle bir talihsiz olay geldi ve ba\u015fka kimsenin ba\u015f\u0131na gelmesini istemiyorum. \u00c7\u00fcnk\u00fc birisine vurup ka\u00e7mak hi\u00e7 etik bir durum de\u011fil, ho\u015f bir durum de\u011fil. \u00d6lebilirdim ama \u015fu an \u00e7ok \u015f\u00fck\u00fcr ya\u015f\u0131yorum ama tekerlekli sandalyeyle hayata tutunmaya \u00e7al\u0131\u015f\u0131yorum. Bana vuran ki\u015finin bulunmas\u0131n\u0131 istiyorum; en az\u0131ndan gelip y\u00fczle\u015fmek istiyorum daha do\u011frusu. \u00c7\u00fcnk\u00fc i\u00e7imde s\u00f6ylemek istedi\u011fim \u00e7ok \u015fey var. Hayat\u0131m, ni\u015fanl\u0131m, hayallerim, hedeflerim.Tabii ki yine hayata tutunuyoruz ama \u00e7o\u011funu ertelemek durumunda kald\u0131k&#8221; dedi.<\/p>\n<p>&#8216;K\u00dcREKLE TEKRAR HAYATA TUTUNDUM 7 AYDA T\u00dcRK\u0130YE \u015eAMP\u0130YONU OLDUM&#8217;<\/p>\n<p>Kazan\u0131n ard\u0131ndan fizik tedavi s\u00fcrecinde para k\u00fcrekle tan\u0131\u015ft\u0131\u011f\u0131n\u0131 belirten Aras, &#8220;2025 Haziran ay\u0131nda ba\u015flad\u0131m para k\u00fcre\u011fe. Kocaeli Dar\u0131ca&#8217;da ikamet ediyorum. Milli Tak\u0131m\u0131m\u0131z da Hali\u00e7&#8217;te oldu\u011fu i\u00e7in haftan\u0131n 4 g\u00fcn\u00fc Kocaeli&#8217;den Hali\u00e7&#8217;e gel git yaparak yo\u011fun bir \u015fekilde \u00e7al\u0131\u015ft\u0131k. 18 Ocak 2026&#8217;da yap\u0131lan Para K\u00fcrek Ergometre Salon \u015eampiyonas\u0131&#8217;nda PR1 bran\u015f\u0131nda \u015fampiyon oldum&#8221; ifadelerini kulland\u0131.<\/p>\n<p>&#8216;EN B\u00dcY\u00dcK HEDEF\u0130M 2028 LOS ANGELES PARAL\u0130MP\u0130K OYUNLARI&#8217;<\/p>\n<p>Milli Tak\u0131m kamp\u0131n\u0131n devam etti\u011fini belirten Aras, &#8220;\u015eubat ay\u0131n\u0131n 21-22 \u015eubat&#8217;ta D\u00fcnya ve Avrupa \u015eampiyonas\u0131 yap\u0131lacak. \u015eu an Hali\u00e7&#8217;te Milli Tak\u0131m kamp\u0131nday\u0131z. Yakla\u015f\u0131k 21 g\u00fcnl\u00fck kampta \u00e7al\u0131\u015fmalar\u0131m\u0131za devam ediyoruz. Umar\u0131m hay\u0131rl\u0131s\u0131yla g\u00fczel bir derece elde edebiliriz. Hedefimiz zaten D\u00fcnya \u015eampiyonu ve Avrupa \u015eampiyonas\u0131&#8217;nda g\u00fczel bir \u015fekilde \u00fclkemizi ve bayra\u011f\u0131m\u0131z\u0131 temsil edebilmek. D\u00fcnya \u015eampiyonas\u0131na ve Avrupa \u015eampiyonas\u0131na haz\u0131rl\u0131ktan sonra hedefimiz, en b\u00fcy\u00fck hedefimiz 2028 Los Angeles Paralimpik Oyunlar\u0131na kat\u0131labilmek&#8221; dedi.<\/p>\n<p>&#8216;GEN\u00c7LERE VE ENGELL\u0130 B\u0130REYLERE ROL MODEL OLMAK \u0130ST\u0130YORUM&#8217;<\/p>\n<p>Aras, &#8220;Buradaki en b\u00fcy\u00fck ama\u00e7lar\u0131mdan bir tanesi hem gen\u00e7lere hem engelli bireylere rol model olabilmek. Hayata nas\u0131l tutunabildi\u011fimi, ne kadar k\u0131sa bir s\u00fcre i\u00e7erisinde nas\u0131l ayakta durulabildi\u011fimi bir daha g\u00f6stermek i\u00e7in devam ediyorum&#8221; diye konu\u015ftu.<\/p>\n<p>&#8216;BU SADECE YENER&#8217;\u0130N DE\u011e\u0130L M\u0130LYONLARIN ACISI&#8217;<\/p>\n<p>Trafikte Haklar\u0131m Derne\u011fi Y\u00f6netim Kurulu Ba\u015fkan\u0131 Yasemin Usta, \u0130\u00e7i\u015fleri Bakanl\u0131\u011f\u0131 ile i\u015fbirli\u011fi i\u00e7inde olduklar\u0131n\u0131 belirterek, Yener Aras&#8217;\u0131n yer ald\u0131\u011f\u0131 bir kamu spotu \u00e7ektiklerini s\u00f6yledi. Usta derne\u011fin 2015 y\u0131l\u0131ndan bu yana trafik g\u00fcvenli\u011fi alan\u0131ndaki \u00e7al\u0131\u015fmalar\u0131na da de\u011finerek &#8220;Trafikteki can kay\u0131plar\u0131na ve hak kay\u0131plar\u0131na dur diyebilmek i\u00e7in 2015 y\u0131l\u0131ndan bu yana trafik g\u00fcvenli\u011fi alan\u0131nda \u00e7al\u0131\u015fmaya devam ediyoruz. Parak\u00fcrek tak\u0131m\u0131na ben de g\u00f6n\u00fcll\u00fc olarak destek veren ki\u015filerden biriyim. \u0130\u00e7i\u015fleri Bakanl\u0131\u011f\u0131m\u0131zla birlikte motosiklet s\u00fcr\u00fcc\u00fclerinin trafik g\u00fcvenli\u011fi konusunda fark\u0131ndal\u0131k \u00e7al\u0131\u015fmas\u0131 kamu spotlar\u0131 haz\u0131rlayacakt\u0131k. Motosiklet kazas\u0131 sonucu yaralanan veya engelli kalan biriyle de bu fark\u0131ndal\u0131\u011f\u0131 yaratmak istedik. \u00c7\u00fcnk\u00fc maalesef tablo \u00e7ok ac\u0131 ve \u00e7ok korkun\u00e7. Bu konuda bakanl\u0131\u011f\u0131m\u0131zla birlikte fark\u0131ndal\u0131k yaratmak istiyoruz. Yener de sa\u011f olsun ac\u0131s\u0131n\u0131 milyonlarca ki\u015fiye asl\u0131nda kamu spotumuzla birlikte hayk\u0131rm\u0131\u015f oldu&#8221; dedi.<\/p>\n<p>&#8216;SON 10 YILDA 60 B\u0130NDEN FAZLA CAN KAYBI&#8217;<\/p>\n<p>T\u00dc\u0130K verilerine de dikkat \u00e7eken Usta, &#8220;T\u00dc\u0130K verilerine bakt\u0131\u011f\u0131m\u0131zda son on y\u0131lda biz 60 binden fazla can\u0131m\u0131z\u0131 kaybettik, 3 milyondan fazla ki\u015fi ise yaraland\u0131. Ka\u00e7 ki\u015finin engelli kald\u0131\u011f\u0131n\u0131 bilmiyoruz. Ben de sevdi\u011fini kaybeden, trafik kazas\u0131nda sevdikleri yaralanan binlerce Yener gibi trafik ma\u011fdurundan sadece biriyim. Biz trafik ma\u011fdurlar\u0131n\u0131n iyile\u015febilmesi i\u00e7in adalet duygumuzun yerine gelebilmesi \u00e7ok \u00f6nemli. Yener&#8217;e \u00e7arpan ki\u015fi maalesef ka\u00e7t\u0131. Yener&#8217;in iyile\u015febilmesi i\u00e7in o adalet duygusunun yerine gelebilmesi i\u00e7in bu \u00e7ok \u00f6nemli. O g\u00fcne dair Yener&#8217;e yard\u0131m eden ki\u015filerden, \u00e7arpan ki\u015fi \u00e7\u00fcnk\u00fc bir s\u00fcre ambulans gelene kadar ba\u015f\u0131nda beklemi\u015f, polisler gelece\u011fi zaman ka\u00e7m\u0131\u015f maalesef. O ki\u015fiyi g\u00f6ren, bilen veya o ki\u015fi insafa gelir belki. L\u00fctfen Yener&#8217;in bu s\u00fcrecinde, travmatik bir s\u00fcre\u00e7ten ge\u00e7iyor ve kolay \u015feyler ya\u015fam\u0131yor. \u00c7ok b\u00fcy\u00fck bir kayb\u0131 var; ko\u015fam\u0131yor. Eski bir milli atlet olarak b\u0131rak\u0131n ko\u015fmay\u0131, ad\u0131m bile atam\u0131yor art\u0131k&#8221; dedi.<\/p>\n<p>&#8216;BA\u015eKA YENER&#8217;LER OLMASIN D\u0130YE VAR G\u00dcC\u00dcM\u00dcZLE \u00c7ALI\u015eIYORUZ&#8217;<\/p>\n<p>Usta, &#8220;Bu kayb\u0131 milyonlar da verseler kimse yerine getiremeyecek, de\u011fi\u015fmeyecek maalesef; ama hi\u00e7 de\u011filse Yener&#8217;in adalet duygusunun yerine gelebilmesi \u00e7ok \u00f6nemli. Yar\u0131\u015flarda da, sonras\u0131ndaki s\u00fcre\u00e7lerinde de hepimize Yener&#8217;i desteklemek d\u00fc\u015f\u00fcyor. Ba\u015fka Yenerler olmas\u0131n, ba\u015fka ac\u0131lar ya\u015fanmas\u0131n diye biz var g\u00fcc\u00fcm\u00fczle \u00e7al\u0131\u015f\u0131yoruz. Halk\u0131m\u0131za, hepimize \u00e7ok ciddi sorumluluklar d\u00fc\u015f\u00fcyor. \u00c7\u00fcnk\u00fc trafikte her g\u00fcn hepimiz yolcu, yaya, s\u00fcr\u00fcc\u00fc olarak hep birlikteyiz. Yollarda hepbirlikte var\u0131z. Bu y\u00fczden ne olur trafik kurallar\u0131na uyal\u0131m, bu ac\u0131lar\u0131n hep birlikte \u00f6n\u00fcne ge\u00e7elim&#8221; ifadelerini kulland\u0131.<\/p>\n","protected":false},"excerpt":{"rendered":"<p>Motosiklet kazas\u0131 sonras\u0131 fel\u00e7 kalan Yener Aras, para k\u00fcrekle T\u00fcrkiye \u015fampiyonu oldu ve Paralimpik hedefiyle hayata tutunuyor.<\/p>\n","protected":false},"author":1,"featured_media":45660,"comment_status":"open","ping_status":"open","sticky":false,"template":"","format":"standard","meta":{"footnotes":""},"categories":[9,4,13],"tags":[3037,493,440,544,4559],"class_list":["post-45659","post","type-post","status-publish","format-standard","has-post-thumbnail","hentry","category-genel","category-gundem","category-son-dakika","tag-gel","tag-sampiyon","tag-spor","tag-sure","tag-yener"],"_links":{"self":[{"href":"https:\/\/bihavadis.com\/index.php\/wp-json\/wp\/v2\/posts\/45659","targetHints":{"allow":["GET"]}}],"collection":[{"href":"https:\/\/bihavadis.com\/index.php\/wp-json\/wp\/v2\/posts"}],"about":[{"href":"https:\/\/bihavadis.com\/index.php\/wp-json\/wp\/v2\/types\/post"}],"author":[{"embeddable":true,"href":"https:\/\/bihavadis.com\/index.php\/wp-json\/wp\/v2\/users\/1"}],"replies":[{"embeddable":true,"href":"https:\/\/bihavadis.com\/index.php\/wp-json\/wp\/v2\/comments?post=45659"}],"version-history":[{"count":1,"href":"https:\/\/bihavadis.com\/index.php\/wp-json\/wp\/v2\/posts\/45659\/revisions"}],"predecessor-version":[{"id":45661,"href":"https:\/\/bihavadis.com\/index.php\/wp-json\/wp\/v2\/posts\/45659\/revisions\/45661"}],"wp:featuredmedia":[{"embeddable":true,"href":"https:\/\/bihavadis.com\/index.php\/wp-json\/wp\/v2\/media\/45660"}],"wp:attachment":[{"href":"https:\/\/bihavadis.com\/index.php\/wp-json\/wp\/v2\/media?parent=45659"}],"wp:term":[{"taxonomy":"category","embeddable":true,"href":"https:\/\/bihavadis.com\/index.php\/wp-json\/wp\/v2\/categories?post=45659"},{"taxonomy":"post_tag","embeddable":true,"href":"https:\/\/bihavadis.com\/index.php\/wp-json\/wp\/v2\/tags?post=45659"}],"curies":[{"name":"wp","href":"https:\/\/api.w.org\/{rel}","templated":true}]}}