{"id":45673,"date":"2026-02-24T17:36:06","date_gmt":"2026-02-24T17:36:06","guid":{"rendered":"https:\/\/bihavadis.com\/?p=45673"},"modified":"2026-02-24T17:36:06","modified_gmt":"2026-02-24T17:36:06","slug":"gercek-yasiniz-kimliginizde-degil-bagirsaklarinizda-yaziyor","status":"publish","type":"post","link":"https:\/\/bihavadis.com\/index.php\/2026\/02\/24\/gercek-yasiniz-kimliginizde-degil-bagirsaklarinizda-yaziyor\/","title":{"rendered":"Ger\u00e7ek Ya\u015f\u0131n\u0131z Kimli\u011finizde De\u011fil, Ba\u011f\u0131rsaklar\u0131n\u0131zda Yaz\u0131yor"},"content":{"rendered":"<p>Son y\u0131llarda \u00f6ne \u00e7\u0131kan \u201cba\u011f\u0131rsak ya\u015f\u0131\u201d kavram\u0131 uzun ve sa\u011fl\u0131kl\u0131 ya\u015fam (longevity) ara\u015ft\u0131rmalar\u0131nda giderek daha g\u00fc\u00e7l\u00fc bir yer ediniyor. Son y\u0131llarda bilim d\u00fcnyas\u0131, sa\u011fl\u0131kl\u0131 ya\u015f alman\u0131n anahtar\u0131n\u0131 \u015fa\u015f\u0131rt\u0131c\u0131 bir \u015fekilde ba\u011f\u0131rsak sisteminde ar\u0131yor. Ya\u015fa ba\u011fl\u0131 hastal\u0131klar\u0131n arkas\u0131ndaki sessiz biyolojik s\u00fcre\u00e7 mikrobiyotam\u0131z olabilir. \u00a0<strong>Ac\u0131badem Life\u00a0Dan\u0131\u015fman\u0131 Prof. Dr. \u0130smet Tamer<\/strong>\u00a0ba\u011f\u0131rsaklarda ya\u015fayan trilyonlarca mikroorganizman\u0131n dengesinin bozulmas\u0131n\u0131n; kalp hastal\u0131klar\u0131ndan diyabete, unutkanl\u0131ktan ba\u011f\u0131\u015f\u0131kl\u0131k sorunlar\u0131na kadar bir\u00e7ok tabloyla ili\u015fkili oldu\u011funa dikkat \u00e7ekiyor.\u00a0<strong>Prof. Dr. Tamer<\/strong>, sa\u011fl\u0131kl\u0131 ya\u015flanman\u0131n anahtar\u0131n\u0131n sindirim sisteminde gizli oldu\u011funu vurguluyor ve ba\u011f\u0131rsaklar\u0131 gen\u00e7 tutman\u0131n yollar\u0131n\u0131 anlat\u0131yor.\u00a0<\/p>\n<p><strong>Ya\u015flanman\u0131n Temeli Ba\u011f\u0131rsaklarda!<\/strong><\/p>\n<p>Ya\u015flanmay\u0131 \u00e7o\u011fu zaman aynadaki g\u00f6r\u00fcnt\u00fcm\u00fczle ya da takvim ya\u015f\u0131m\u0131zla ili\u015fkilendiririz; oysa ger\u00e7ek biyolojik ya\u015f\u0131m\u0131z\u0131n \u00f6nemli bir k\u0131sm\u0131 ba\u011f\u0131rsaklar\u0131m\u0131zda sakl\u0131d\u0131r. Son y\u0131llarda bilim d\u00fcnyas\u0131, ya\u015flanma s\u00fcrecini ve ya\u015fa ba\u011fl\u0131 hastal\u0131klar\u0131 anlamada ba\u011f\u0131rsak mikrobiyotas\u0131n\u0131 merkeze al\u0131yor. Ba\u011f\u0131rsaklar\u0131m\u0131zda ya\u015fayan trilyonlarca mikroorganizman\u0131n sindirimden ba\u011f\u0131\u015f\u0131kl\u0131\u011fa, ruh h\u00e2linden beyin sa\u011fl\u0131\u011f\u0131na kadar bir\u00e7ok sistemi etkiledi\u011fini belirten\u00a0<strong>Ac\u0131badem Life Dan\u0131\u015fman\u0131 Prof. Dr. \u0130smet Tamer<\/strong>, \u201cBa\u011f\u0131rsaklar adeta dinamik bir ekosistem olu\u015fturuyor. \u00a0Gen\u00e7 ve sa\u011fl\u0131kl\u0131 bireylerde bu mikroorganizmalar \u00e7e\u015fitlilik g\u00f6sterir ve dengeli bir uyum i\u00e7inde \u00e7al\u0131\u015f\u0131r. Ancak ya\u015f ilerledik\u00e7e bu denge bozulur; faydal\u0131 bakterilerin azalmas\u0131 ve iltihap art\u0131r\u0131c\u0131 t\u00fcrlerin \u00e7o\u011falmas\u0131yla ortaya \u00e7\u0131kan bu tablo, t\u0131pta \u201cdisbiyozis\u201d olarak adland\u0131r\u0131l\u0131r ve sa\u011fl\u0131ks\u0131z ya\u015flanman\u0131n temel biyolojik zeminlerinden biri olarak kabul edilir\u201d diyor.\u00a0<\/p>\n<p><strong>Mikrobiyota ile Kronik \u0130ltihap Aras\u0131ndaki \u0130li\u015fki\u2026<\/strong><\/p>\n<p>Ya\u015fla birlikte v\u00fccutta ortaya \u00e7\u0131kan en \u00f6nemli biyolojik de\u011fi\u015fimlerden birinin \u00e7o\u011fu zaman belirti vermeden ilerleyen kronik iltihap s\u00fcreci oldu\u011funa dikkat \u00e7eken\u00a0<strong>Prof. Dr. \u0130smet Tamer<\/strong>, \u201cBilim d\u00fcnyas\u0131nda bu tablo \u201cinflammaging\u201d olarak tan\u0131mlan\u0131r. Bu sessiz iltihaplanma; kalp-damar hastal\u0131klar\u0131, tip 2 diyabet, Alzheimer ve baz\u0131 kanser t\u00fcrleri i\u00e7in uygun bir zemin olu\u015fturabilir. Bu noktada ba\u011f\u0131rsaklar kritik bir rol oynar. Bozulmu\u015f bir mikrobiyota dengesi, ba\u011f\u0131rsak duvar\u0131n\u0131n ge\u00e7irgenli\u011fini art\u0131rarak zararl\u0131 maddelerin kana kar\u0131\u015fmas\u0131na yol a\u00e7abilir. Bunun sonucunda ba\u011f\u0131\u015f\u0131kl\u0131k sistemi s\u00fcrekli tetikte kal\u0131r ve v\u00fccut, fark\u0131nda olmadan uzun vadede kendi dokular\u0131n\u0131 y\u0131pratan bir savunma h\u00e2line girer\u201d ifadelerini kullan\u0131yor.\u00a0<\/p>\n<p><strong>Mikrobiyota, Yediklerimiz ve Hastal\u0131klar Aras\u0131ndaki \u0130nce \u00c7izgi\u00a0<\/strong><\/p>\n<p>Son y\u0131llardaki bilimsel verilerle birlikte tip 2 diyabet ve obezitenin yaln\u0131zca kalori fazlas\u0131yla a\u00e7\u0131klanamayaca\u011f\u0131n\u0131 belirten\u00a0<strong>Ac\u0131badem Life Dan\u0131\u015fman\u0131 Prof. Dr. \u0130smet Tamer<\/strong>, \u201cBa\u011f\u0131rsak mikrobiyotas\u0131 metabolik denge \u00fczerinde belirleyici rol oynar. Ba\u011f\u0131rsak bakterileri, liften zengin besinleri fermente ederek k\u0131sa zincirli ya\u011f asitleri \u00fcretir; bu biyolojik bile\u015fikler kan \u015fekeri kontrol\u00fcn\u00fc desteklerken iltihap d\u00fczeylerini de bask\u0131lamaya yard\u0131mc\u0131 olur. Ancak ya\u015fla birlikte bu koruyucu bakterilerin azalmas\u0131, ins\u00fclin direncinin artmas\u0131na zemin haz\u0131rlayabilir. \u00d6te yandan baz\u0131 ba\u011f\u0131rsak mikroorganizmalar\u0131, \u00f6zellikle k\u0131rm\u0131z\u0131 et t\u00fcketimi sonras\u0131nda damar sertli\u011fiyle ili\u015fkilendirilen metabolitlerin olu\u015fumuna katk\u0131da bulunabilir. Bu mekanizmalar, kalp-damar hastal\u0131klar\u0131n\u0131n ya\u015f ilerledik\u00e7e daha s\u0131k g\u00f6r\u00fclmesini a\u00e7\u0131klayan \u00f6nemli biyolojik ba\u011flant\u0131lar aras\u0131nda yer al\u0131r\u201d diyor.\u00a0<\/p>\n<p><strong>Alzheimer ve Parkinson\u2019da Mikrobiyota Etkisi\u00a0<\/strong><\/p>\n<p>Ba\u011f\u0131rsaklarla beyin aras\u0131nda kesintisiz bir ileti\u015fim a\u011f\u0131 bulundu\u011funu s\u00f6yleyen\u00a0<strong>Prof. Dr. \u0130smet Tamer<\/strong>, \u201cBu biyolojik ili\u015fki \u201cbeyin\u2013ba\u011f\u0131rsak ekseni\u201d olarak tan\u0131mlan\u0131r. Son y\u0131llarda Alzheimer ve Parkinson hastalar\u0131 \u00fczerinde y\u00fcr\u00fct\u00fclen ara\u015ft\u0131rmalar, bu n\u00f6rodejeneratif hastal\u0131klar\u0131n ba\u011f\u0131rsak mikrobiyotas\u0131ndaki de\u011fi\u015fimlerle ba\u011flant\u0131l\u0131 olabilece\u011fine i\u015faret ediyor. Mikrobiyota dengesinin bozulmas\u0131 yaln\u0131zca sindirimi de\u011fil, sinir sistemi \u00fczerinden bili\u015fsel fonksiyonlar\u0131 ve ruh h\u00e2lini de etkileyebilir. Bu nedenle baz\u0131 bireylerde sindirim \u015fik\u00e2yetlerine e\u015flik eden unutkanl\u0131k, odaklanma g\u00fc\u00e7l\u00fc\u011f\u00fc veya duygudurum de\u011fi\u015fiklikleri g\u00f6r\u00fclebilir. Ba\u015fka bir deyi\u015fle, tablo her zaman yaln\u0131zca beyinde ba\u015flamaz; biyolojik s\u00fcre\u00e7 \u00e7o\u011fu zaman ba\u011f\u0131rsak d\u00fczeyinde \u015fekillenir\u201d ifadelerini kullan\u0131yor.\u00a0<\/p>\n<p><strong>Ba\u011f\u0131rsaklar\u0131n\u0131z\u0131 Gen\u00e7 Tutman\u0131n Form\u00fcl\u00fc<\/strong><\/p>\n<p>Mikrobiyota ile ili\u015fkili sorunlar\u0131n bir kader olmad\u0131\u011f\u0131n\u0131 belirten\u00a0<strong>Ac\u0131badem Life Dan\u0131\u015fman\u0131 Prof. Dr. \u0130smet Tamer<\/strong>, \u201cSa\u011fl\u0131kl\u0131 ya\u015flanan ve ileri ya\u015f\u0131na ra\u011fmen aktif ya\u015fam\u0131n\u0131 s\u00fcrd\u00fcren bireylerin mikrobiyota profilleri incelendi\u011finde, bakteri \u00e7e\u015fitlili\u011finin b\u00fcy\u00fck \u00f6l\u00e7\u00fcde korundu\u011fu g\u00f6r\u00fcl\u00fcyor. Longevity ara\u015ft\u0131rmalar\u0131 da benzer bi\u00e7imde, sa\u011fl\u0131kl\u0131 ya\u015f alan bireylerin ortak \u00f6zelliklerinden birinin zengin ve dengeli bir ba\u011f\u0131rsak mikrobiyotas\u0131 oldu\u011funu ortaya koyuyor. Science dergisinde yay\u0131mlanan \u00e7al\u0131\u015fmalarda 90 ya\u015f \u00fczerindeki sa\u011fl\u0131kl\u0131 bireylerde bile bu \u00e7e\u015fitlili\u011fin korunabildi\u011fi bildiriliyor\u201d diyor.\u00a0<\/p>\n<p>\u00dcstelik bunun i\u00e7in karma\u015f\u0131k ya da \u201cmucize\u201d \u00e7\u00f6z\u00fcmlere ihtiya\u00e7 yok\u201d diyen\u00a0<strong>Prof. Dr. \u0130smet Tamer<\/strong>, ba\u011f\u0131rsak ya\u015f\u0131n\u0131n gen\u00e7 kalmas\u0131na katk\u0131 sa\u011flayan 5 maddeyi s\u0131ral\u0131yor.\u00a0<\/p>\n<ul>\n<li>Liften zengin sebze ve meyvelerle beslenmek,\u00a0<\/li>\n<li>Yo\u011furt ve kefir gibi fermente g\u0131dalar\u0131 t\u00fcketmek,\u00a0<\/li>\n<li>D\u00fczenli hareket etmek,\u00a0<\/li>\n<li>Kaliteli uyumak ve\u00a0<\/li>\n<li>Gereksiz antibiyotik kullan\u0131m\u0131ndan ka\u00e7\u0131nmak.<\/li>\n<\/ul>\n<p>Ya\u015flanman\u0131n yaln\u0131zca takvimle ilgili olmad\u0131\u011f\u0131n\u0131 belirten\u00a0<strong>Prof. Dr. Tamer<\/strong>, \u201cBa\u011f\u0131rsaklar\u0131m\u0131z ne kadar sa\u011fl\u0131kl\u0131ysa, genel sa\u011fl\u0131\u011f\u0131m\u0131z da o kadar g\u00fc\u00e7l\u00fc kal\u0131yor. Sindirim sistemine \u00f6zen g\u00f6stermek, asl\u0131nda kalbi, beyni ve uzun vadeli ya\u015fam kalitesini korumak anlam\u0131na geliyor\u201d diyor.\u00a0<\/p>\n<p>\u00a0<\/p>\n<p>\u00a0<\/p>\n<p>Kaynak: (BYZHA) Beyaz Haber Ajans\u0131<\/p>\n","protected":false},"excerpt":{"rendered":"<p>Son y\u0131llarda \u00f6ne \u00e7\u0131kan \u201cba\u011f\u0131rsak ya\u015f\u0131\u201d kavram\u0131 uzun ve sa\u011fl\u0131kl\u0131 ya\u015fam (longevity) ara\u015ft\u0131rmalar\u0131nda giderek daha g\u00fc\u00e7l\u00fc bir yer ediniyor<\/p>\n","protected":false},"author":1,"featured_media":45674,"comment_status":"open","ping_status":"open","sticky":false,"template":"","format":"standard","meta":{"footnotes":""},"categories":[11],"tags":[350,6091,4284,6090,379],"class_list":["post-45673","post","type-post","status-publish","format-standard","has-post-thumbnail","hentry","category-saglik","tag-bagirsak","tag-biyolojik","tag-denge","tag-mikrobiyota","tag-yas"],"_links":{"self":[{"href":"https:\/\/bihavadis.com\/index.php\/wp-json\/wp\/v2\/posts\/45673","targetHints":{"allow":["GET"]}}],"collection":[{"href":"https:\/\/bihavadis.com\/index.php\/wp-json\/wp\/v2\/posts"}],"about":[{"href":"https:\/\/bihavadis.com\/index.php\/wp-json\/wp\/v2\/types\/post"}],"author":[{"embeddable":true,"href":"https:\/\/bihavadis.com\/index.php\/wp-json\/wp\/v2\/users\/1"}],"replies":[{"embeddable":true,"href":"https:\/\/bihavadis.com\/index.php\/wp-json\/wp\/v2\/comments?post=45673"}],"version-history":[{"count":1,"href":"https:\/\/bihavadis.com\/index.php\/wp-json\/wp\/v2\/posts\/45673\/revisions"}],"predecessor-version":[{"id":45675,"href":"https:\/\/bihavadis.com\/index.php\/wp-json\/wp\/v2\/posts\/45673\/revisions\/45675"}],"wp:featuredmedia":[{"embeddable":true,"href":"https:\/\/bihavadis.com\/index.php\/wp-json\/wp\/v2\/media\/45674"}],"wp:attachment":[{"href":"https:\/\/bihavadis.com\/index.php\/wp-json\/wp\/v2\/media?parent=45673"}],"wp:term":[{"taxonomy":"category","embeddable":true,"href":"https:\/\/bihavadis.com\/index.php\/wp-json\/wp\/v2\/categories?post=45673"},{"taxonomy":"post_tag","embeddable":true,"href":"https:\/\/bihavadis.com\/index.php\/wp-json\/wp\/v2\/tags?post=45673"}],"curies":[{"name":"wp","href":"https:\/\/api.w.org\/{rel}","templated":true}]}}