{"id":45773,"date":"2026-02-24T19:00:07","date_gmt":"2026-02-24T19:00:07","guid":{"rendered":"https:\/\/bihavadis.com\/?p=45773"},"modified":"2026-02-24T19:00:07","modified_gmt":"2026-02-24T19:00:07","slug":"donald-trump-19-subatta-gazze-baris-kurulu-uyeleriyle-bir-araya-gelecek","status":"publish","type":"post","link":"https:\/\/bihavadis.com\/index.php\/2026\/02\/24\/donald-trump-19-subatta-gazze-baris-kurulu-uyeleriyle-bir-araya-gelecek\/","title":{"rendered":"Donald Trump, 19 \u015eubat&#8217;ta Gazze Bar\u0131\u015f Kurulu \u00fcyeleriyle bir araya gelecek"},"content":{"rendered":"<p>ABD Ba\u015fkan\u0131 Donald Trump, Truth Social \u00fczerinden yapt\u0131\u011f\u0131 payla\u015f\u0131mda<b><em> \u201cGazze Bar\u0131\u015f Kurulu\u201d <\/em><\/b>\u00fcyeleriyle 19 \u015eubat 2026\u2019da Washington\u2019da bir araya gelece\u011fini duyurdu.<\/p>\n<p>Toplant\u0131n\u0131n Washington, D.C.\u2019de bulunan<em><b> \u201cDonald J. Trump Bar\u0131\u015f Enstit\u00fcs\u00fc\u201d<\/b><\/em>nde ger\u00e7ekle\u015ftirilece\u011fi belirtildi.<\/p>\n<p>Trump a\u00e7\u0131klamas\u0131nda, Bar\u0131\u015f Kurulu\u2019nun <em><b>\u201cs\u0131n\u0131rs\u0131z bir potansiyele\u201d <\/b><\/em>sahip oldu\u011funu savunarak, ge\u00e7ti\u011fimiz ekim ay\u0131nda Gazze\u2019deki \u00e7at\u0131\u015fman\u0131n kal\u0131c\u0131 olarak sona erdirilmesine y\u00f6nelik bir plan a\u00e7\u0131klad\u0131\u011f\u0131n\u0131 ifade etti.<\/p>\n<p>S\u00f6z konusu vizyonun Birle\u015fmi\u015f Milletler G\u00fcvenlik Konseyi taraf\u0131ndan oybirli\u011fiyle kabul edildi\u011fini ileri s\u00fcren Trump, ard\u0131ndan rekor h\u0131zda insani yard\u0131m sa\u011fland\u0131\u011f\u0131n\u0131 ve hayatta olan ile hayat\u0131n\u0131 kaybeden t\u00fcm rehinelerin serbest b\u0131rak\u0131ld\u0131\u011f\u0131n\u0131 \u00f6ne s\u00fcrd\u00fc.<\/p>\n<p><strong>DAVOS&#8217;TA &#8220;D\u00dcNYA BARI\u015eI&#8221; MESAJI<\/strong><\/p>\n<p>Trump, ge\u00e7en ay \u0130svi\u00e7re\u2019nin Davos kentinde iki d\u00fczine <b><em>\u201cKurucu \u00dcye\u201d <\/em><\/b>ile bir araya gelerek kurulun resmi kurulu\u015funu kutlad\u0131klar\u0131n\u0131 ve Gazze\u2019deki siviller i\u00e7in <em><b>\u201ccesur bir vizyon\u201d<\/b><\/em> sunduklar\u0131n\u0131 belirtti.<\/p>\n<p>Trump mesaj\u0131nda, bu toplant\u0131n\u0131n ard\u0131ndan nihai hedefin<b><em> \u201cGazze\u2019nin \u00e7ok \u00f6tesinde bir ama\u00e7 olan d\u00fcnya bar\u0131\u015f\u0131\u201d <\/em><\/b>oldu\u011funu s\u00f6yledi.<\/p>\n<p><img decoding=\"async\" src=\"https:\/\/bihavadis.com\/wp-content\/uploads\/2026\/02\/donald-trump-19-subatta-gazze-baris-kurulu-uyeleriyle-bir-araya-gelecek-0-fp2xNGxP.jpg\"\/><\/p>\n<p><strong>5 M\u0130LYAR DOLARIN \u00dcZER\u0130NDE BA\u011eI\u015e<\/strong><\/p>\n<p>Trump, 19 \u015eubat\u2019taki toplant\u0131da \u00fcye devletlerin Gazze\u2019deki insani yard\u0131m ve yeniden in\u015fa \u00e7al\u0131\u015fmalar\u0131 i\u00e7in 5 milyar dolardan fazla ba\u011f\u0131\u015f taahh\u00fcd\u00fcnde bulundu\u011funu a\u00e7\u0131klayacaklar\u0131n\u0131 yazd\u0131. Ayr\u0131ca Gazze halk\u0131n\u0131n g\u00fcvenli\u011fi ve bar\u0131\u015f\u0131n\u0131n korunmas\u0131 amac\u0131yla<b><em> \u201cUluslararas\u0131 \u0130stikrar G\u00fcc\u00fc\u201d <\/em><\/b>ve yerel polis birimlerine binlerce personel tahsis edildi\u011fini duyurdu.<\/p>\n<p><img decoding=\"async\" src=\"https:\/\/bihavadis.com\/wp-content\/uploads\/2026\/02\/donald-trump-19-subatta-gazze-baris-kurulu-uyeleriyle-bir-araya-gelecek-1-gOxpaN4O.jpg\"\/><\/p>\n<p><strong>HAMAS&#8217;A S\u0130LAHSIZLANMA \u00c7A\u011eRISI<\/strong><\/p>\n<p>A\u00e7\u0131klamas\u0131nda Hamas\u2019a da \u00e7a\u011fr\u0131da bulunan Trump, \u00f6rg\u00fct\u00fcn <b><em>\u201ctam ve acil silahs\u0131zlanma taahh\u00fcd\u00fcn\u00fc yerine getirmesi gerekti\u011fini\u201d <\/em><\/b>vurgulad\u0131.<\/p>\n<p>Trump, <b><em>\u201cBar\u0131\u015f Kurulu tarihteki en \u00f6nemli uluslararas\u0131 kurulu\u015f olaca\u011f\u0131n\u0131 kan\u0131tlayacak ve bu kurulun ba\u015fkanl\u0131\u011f\u0131n\u0131 yapmak benim i\u00e7in bir onurdur\u201d ifadelerini kullanarak a\u00e7\u0131klamas\u0131n\u0131 \u201cBA\u015eKAN DONALD J. TRUMP\u201d<\/em><\/b> imzas\u0131yla tamamlad\u0131.<\/p>\n<p><img decoding=\"async\" src=\"https:\/\/bihavadis.com\/wp-content\/uploads\/2026\/02\/donald-trump-19-subatta-gazze-baris-kurulu-uyeleriyle-bir-araya-gelecek-2-6YIxyKwa.jpg\"\/><\/p>\n","protected":false},"excerpt":{"rendered":"<p>ABD Ba\u015fkan\u0131 Donald Trump, sosyal medya platformu \u00fczerinden yapt\u0131\u011f\u0131 payla\u015f\u0131mda \u201cGazze Bar\u0131\u015f Kurulu\u201d \u00fcyeleriyle 19 \u015eubat 2026\u2019da Washington\u2019da bir araya gelece\u011fini duyurdu.<\/p>\n","protected":false},"author":1,"featured_media":45774,"comment_status":"open","ping_status":"open","sticky":false,"template":"","format":"standard","meta":{"footnotes":""},"categories":[6],"tags":[1888,557,1369],"class_list":["post-45773","post","type-post","status-publish","format-standard","has-post-thumbnail","hentry","category-dunya","tag-baris","tag-gazze","tag-trump"],"_links":{"self":[{"href":"https:\/\/bihavadis.com\/index.php\/wp-json\/wp\/v2\/posts\/45773","targetHints":{"allow":["GET"]}}],"collection":[{"href":"https:\/\/bihavadis.com\/index.php\/wp-json\/wp\/v2\/posts"}],"about":[{"href":"https:\/\/bihavadis.com\/index.php\/wp-json\/wp\/v2\/types\/post"}],"author":[{"embeddable":true,"href":"https:\/\/bihavadis.com\/index.php\/wp-json\/wp\/v2\/users\/1"}],"replies":[{"embeddable":true,"href":"https:\/\/bihavadis.com\/index.php\/wp-json\/wp\/v2\/comments?post=45773"}],"version-history":[{"count":1,"href":"https:\/\/bihavadis.com\/index.php\/wp-json\/wp\/v2\/posts\/45773\/revisions"}],"predecessor-version":[{"id":45778,"href":"https:\/\/bihavadis.com\/index.php\/wp-json\/wp\/v2\/posts\/45773\/revisions\/45778"}],"wp:featuredmedia":[{"embeddable":true,"href":"https:\/\/bihavadis.com\/index.php\/wp-json\/wp\/v2\/media\/45774"}],"wp:attachment":[{"href":"https:\/\/bihavadis.com\/index.php\/wp-json\/wp\/v2\/media?parent=45773"}],"wp:term":[{"taxonomy":"category","embeddable":true,"href":"https:\/\/bihavadis.com\/index.php\/wp-json\/wp\/v2\/categories?post=45773"},{"taxonomy":"post_tag","embeddable":true,"href":"https:\/\/bihavadis.com\/index.php\/wp-json\/wp\/v2\/tags?post=45773"}],"curies":[{"name":"wp","href":"https:\/\/api.w.org\/{rel}","templated":true}]}}