{"id":45835,"date":"2026-02-24T19:51:06","date_gmt":"2026-02-24T19:51:06","guid":{"rendered":"https:\/\/bihavadis.com\/?p=45835"},"modified":"2026-02-24T19:51:06","modified_gmt":"2026-02-24T19:51:06","slug":"kocaeli-uluslararasi-fuar-merkezinin-ihalesi-30-martta","status":"publish","type":"post","link":"https:\/\/bihavadis.com\/index.php\/2026\/02\/24\/kocaeli-uluslararasi-fuar-merkezinin-ihalesi-30-martta\/","title":{"rendered":"Kocaeli Uluslararas\u0131 Fuar Merkezi&#8217;nin ihalesi 30 Mart&#8217;ta"},"content":{"rendered":"<p>Kocaeli B\u00fcy\u00fck\u015fehir Belediyesi, Kartepe\u2019de in\u015fa edece\u011fi Kocaeli Uluslararas\u0131 Fuar Merkezi i\u00e7in 30 Mart\u2019ta ihaleye \u00e7\u0131k\u0131yor. Marmara b\u00f6lgesindeki fuarc\u0131l\u0131k faaliyetlerini yeniden \u015fekillendirmesi hedeflenen merkezde, ilk etapta her biri 10 bin metrekare b\u00fcy\u00fckl\u00fc\u011f\u00fcnde 3 fuar hol\u00fc in\u015fa edilecek.<\/p>\n<p><b>TEKL\u0130FLER EKAP \u00dcZER\u0130NDEN ALINACAK<\/b><\/p>\n<p>Kocaeli B\u00fcy\u00fck\u015fehir Belediyesi\u2019nin Cengiz Topel Havaliman\u0131\u2019n\u0131n yan\u0131nda bulunan 320 d\u00f6n\u00fcml\u00fck alanda in\u015fa edece\u011fi Kocaeli Uluslararas\u0131 Fuar Merkezi i\u00e7in ihale s\u00fcreci ba\u015flat\u0131ld\u0131. Fen \u0130\u015fleri Dairesi Ba\u015fkanl\u0131\u011f\u0131 \u00dcst Yap\u0131 \u0130\u015fleri \u015eube M\u00fcd\u00fcrl\u00fc\u011f\u00fc taraf\u0131ndan 30 Mart Pazartesi g\u00fcn\u00fc saat 11.00\u2019de ger\u00e7ekle\u015ftirilecek ihale a\u00e7\u0131k usulle yap\u0131lacak ve teklifler EKAP \u00fczerinden al\u0131nacak.<\/p>\n<p><b>\u0130LK ETAPTA 3 HOL YAPILACAK<\/b><\/p>\n<p>Kocaeli B\u00fcy\u00fck\u015fehir Belediye Ba\u015fkan\u0131 Tahir B\u00fcy\u00fckak\u0131n\u2019\u0131n, \u201cSadece fuar de\u011fil, sosyal ya\u015fam merkezi in\u015fa edece\u011fiz\u201d mesaj\u0131yla duyurdu\u011fu proje kapsam\u0131nda altyap\u0131 ve hafriyat \u00e7al\u0131\u015fmalar\u0131 tamamland\u0131. Marmara b\u00f6lgesindeki fuarc\u0131l\u0131k faaliyetlerini yeniden \u015fekillendirmesi hedeflenen merkezde, ilk etapta her biri 10 bin metrekare b\u00fcy\u00fckl\u00fc\u011f\u00fcnde 3 fuar hol\u00fc in\u015fa edilecek. \u00d6n b\u00f6l\u00fcmde ise kongre merkezi, konferans salonlar\u0131 ve geni\u015f giri\u015f hollerinden olu\u015fan yap\u0131lar yer alacak.<\/p>\n<p><b>6 HOLDEN OLU\u015eAN SOSYAL YA\u015eAM MERKEZ\u0130<\/b><\/p>\n<p>Uzun vadede fuar merkezinin toplam 6 hole ula\u015fmas\u0131 planlan\u0131yor. Projenin tamamlanmas\u0131yla birlikte otel, ticari alanlar ve merkezin parklanma ihtiyac\u0131n\u0131 kar\u015f\u0131layacak ek yap\u0131lar da alana kazand\u0131r\u0131lacak. Bu yat\u0131r\u0131mla birlikte Kocaeli\u2019nin, ulusal ve uluslararas\u0131 fuarc\u0131l\u0131\u011f\u0131n \u00f6nemli merkezlerinden biri haline gelmesi hedefleniyor.<\/p>\n<p><b>181 B\u0130N 900 METREKARE ALANDA \u0130N\u015eA ED\u0130LECEK<\/b><\/p>\n<p>Toplam 181 bin 900 metrekarelik alan \u00fczerinde projelendirilen fuar merkezinin 65 bin 445,6 metrekarelik in\u015faat alan\u0131 bulunuyor. Proje kapsam\u0131nda ayr\u0131ca peyzaj d\u00fczenlemeleri ile 706 ara\u00e7 kapasiteli a\u00e7\u0131k otopark da yap\u0131lacak. Fuar merkezinin yap\u0131m s\u00fcresi ise 540 g\u00fcn olarak belirlendi.<\/p>\n<p>\u00a0<\/p>\n<p>Kaynak: (BYZHA) Beyaz Haber Ajans\u0131<\/p>\n","protected":false},"excerpt":{"rendered":"<p>Kocaeli B\u00fcy\u00fck\u015fehir Belediyesi, Kartepe\u2019de in\u015fa edece\u011fi Kocaeli Uluslararas\u0131 Fuar Merkezi i\u00e7in 30 Mart\u2019ta ihaleye \u00e7\u0131k\u0131yor.<\/p>\n","protected":false},"author":1,"featured_media":45836,"comment_status":"open","ping_status":"open","sticky":false,"template":"","format":"standard","meta":{"footnotes":""},"categories":[8],"tags":[382,433,6106,362,587],"class_list":["post-45835","post","type-post","status-publish","format-standard","has-post-thumbnail","hentry","category-ekonomi","tag-alan","tag-fuar","tag-hol","tag-insa","tag-yapi"],"_links":{"self":[{"href":"https:\/\/bihavadis.com\/index.php\/wp-json\/wp\/v2\/posts\/45835","targetHints":{"allow":["GET"]}}],"collection":[{"href":"https:\/\/bihavadis.com\/index.php\/wp-json\/wp\/v2\/posts"}],"about":[{"href":"https:\/\/bihavadis.com\/index.php\/wp-json\/wp\/v2\/types\/post"}],"author":[{"embeddable":true,"href":"https:\/\/bihavadis.com\/index.php\/wp-json\/wp\/v2\/users\/1"}],"replies":[{"embeddable":true,"href":"https:\/\/bihavadis.com\/index.php\/wp-json\/wp\/v2\/comments?post=45835"}],"version-history":[{"count":1,"href":"https:\/\/bihavadis.com\/index.php\/wp-json\/wp\/v2\/posts\/45835\/revisions"}],"predecessor-version":[{"id":45837,"href":"https:\/\/bihavadis.com\/index.php\/wp-json\/wp\/v2\/posts\/45835\/revisions\/45837"}],"wp:featuredmedia":[{"embeddable":true,"href":"https:\/\/bihavadis.com\/index.php\/wp-json\/wp\/v2\/media\/45836"}],"wp:attachment":[{"href":"https:\/\/bihavadis.com\/index.php\/wp-json\/wp\/v2\/media?parent=45835"}],"wp:term":[{"taxonomy":"category","embeddable":true,"href":"https:\/\/bihavadis.com\/index.php\/wp-json\/wp\/v2\/categories?post=45835"},{"taxonomy":"post_tag","embeddable":true,"href":"https:\/\/bihavadis.com\/index.php\/wp-json\/wp\/v2\/tags?post=45835"}],"curies":[{"name":"wp","href":"https:\/\/api.w.org\/{rel}","templated":true}]}}