{"id":45895,"date":"2026-02-24T20:33:06","date_gmt":"2026-02-24T20:33:06","guid":{"rendered":"https:\/\/bihavadis.com\/?p=45895"},"modified":"2026-02-24T20:33:06","modified_gmt":"2026-02-24T20:33:06","slug":"muhammed-turkmen-en-zorlu-deplasmanda-oynadik","status":"publish","type":"post","link":"https:\/\/bihavadis.com\/index.php\/2026\/02\/24\/muhammed-turkmen-en-zorlu-deplasmanda-oynadik\/","title":{"rendered":"Muhammed T\u00fcrkmen: En zorlu deplasmanda oynad\u0131k"},"content":{"rendered":"<p>S\u00fcper Lig&#8217;in 22. haftas\u0131nda Kayserispor, deplasmanda G\u00f6ztepe ile gols\u00fcz berabere kald\u0131.<\/p>\n<p>Ma\u00e7\u0131n ard\u0131ndan d\u00fczenlenen bas\u0131n toplant\u0131s\u0131nda Kayserispor Teknik Sorumlusu Muhammed T\u00fcrkmen, a\u00e7\u0131klamalarda bulundu.<\/p>\n<p><strong>&#8220;\u0130\u00c7\u0130NDE BULUNDU\u011eUMUZ DURUM NEDEN\u0130YLE \u00d6Z\u00dcR D\u0130L\u0130YORUM&#8221;<\/strong><\/p>\n<p>Rakibin oyun yap\u0131s\u0131, taraftar b\u00fct\u00fcnl\u00fc\u011f\u00fc ve puan s\u0131ralamas\u0131ndaki konumu nedeniyle zor bir ma\u00e7 beklediklerini kaydeden T\u00fcrkmen, <em><b>&#8220;Nitekim \u00f6yle de oldu. Ancak bizim i\u00e7in buradan puan ya da puanlarla d\u00f6nmek olduk\u00e7a k\u0131ymetli ve \u00f6nemliydi. Sezon ba\u015f\u0131ndan bu yana taraftarlar\u0131m\u0131z\u0131 \u00fczd\u00fc\u011f\u00fcm\u00fcz bir tablo s\u00f6z konusu ve biz de bu durumdan \u00f6t\u00fcr\u00fc derin bir \u00fcz\u00fcnt\u00fc i\u00e7erisindeyiz. \u0130\u00e7inde bulundu\u011fumuz durum nedeniyle kendilerinden \u00f6z\u00fcr diliyorum&#8221; <\/b><\/em>dedi.<\/p>\n<p><img decoding=\"async\" src=\"https:\/\/bihavadis.com\/wp-content\/uploads\/2026\/02\/muhammed-turkmen-en-zorlu-deplasmanda-oynadik-0-jqKEJnOa.jpg\"\/><\/p>\n<p><strong>&#8220;\u00c7OK KR\u0130T\u0130K B\u0130R MA\u00c7A \u00c7IKACA\u011eIZ&#8221;<\/strong><\/p>\n<p>Kayserispor&#8217;un bu s\u00fcre\u00e7ten \u00e7\u0131kmas\u0131n\u0131 sa\u011flayacak yegane unsurun taraftar deste\u011fi oldu\u011funu vurgulayan T\u00fcrkmen, <em><b>&#8220;\u00d6n\u00fcm\u00fczdeki hafta saham\u0131zda \u00e7ok kritik bir ma\u00e7a \u00e7\u0131kaca\u011f\u0131z. Taraftar\u0131m\u0131z\u0131n deste\u011fini arkam\u0131za alarak hedefledi\u011fimiz galibiyeti almak ve bu s\u0131k\u0131nt\u0131l\u0131 s\u00fcre\u00e7ten kurtulmak istiyoruz&#8221;<\/b><\/em> \u015feklinde konu\u015ftu.<\/p>\n<p><strong>&#8220;\u00d6ZEL HAZIRLIKLAR YAPTIK&#8221;<\/strong><\/p>\n<p>Ma\u00e7\u0131n teknik analizine ve savunma stratejilerine de\u011finen T\u00fcrkmen, G\u00f6ztepe\u2019nin oyun i\u00e7inde orta sahay\u0131 \u00fc\u00e7l\u00fc kuran ve ileri ucu uzun toplarla yo\u011fun \u015fekilde kullanan bir yap\u0131ya sahip oldu\u011funu belirterek,<em><b> &#8220;\u00d6zellikle ta\u00e7 ve korner at\u0131\u015flar\u0131 i\u00e7in \u00f6zel haz\u0131rl\u0131klar yapt\u0131k. Savunmadaki \u00fc\u00e7 oyuncumuzun ileti\u015fimi; bask\u0131, kademe ve denge unsurlar\u0131yla birle\u015fince bug\u00fcn ald\u0131\u011f\u0131m\u0131z skorun temelini olu\u015fturdu&#8221; <\/b><\/em>a\u00e7\u0131klamas\u0131nda bulundu.<\/p>\n<p><strong>&#8220;ORTA SAHADA OYUNA D\u00d6RTL\u00dc B\u0130R YAPIYLA BA\u015eLADIK&#8221;<\/strong><\/p>\n<p>Orta sahada oyuna d\u00f6rtl\u00fc bir yap\u0131yla ba\u015flad\u0131k. Alan\u0131 daraltarak kapt\u0131\u011f\u0131m\u0131z toplarla, h\u0131zl\u0131 oyuncular\u0131m\u0131z\u0131 rakip savunman\u0131n arkas\u0131na sark\u0131tmay\u0131 planlad\u0131k. \u0130lk yar\u0131da bu stratejimiz kar\u015f\u0131l\u0131k buldu ancak oyuncular\u0131m\u0131z\u0131n bu yo\u011fun bask\u0131 ve tempoya fiziksel olarak ma\u00e7 boyu dayanmas\u0131 m\u00fcmk\u00fcn de\u011fildi. Bu nedenle oyunun bir b\u00f6l\u00fcm\u00fcnde tekrar orta saha \u00fc\u00e7l\u00fcs\u00fcne d\u00f6nd\u00fck, ard\u0131ndan \u00e7ift santrfora ge\u00e7i\u015f yapt\u0131k. Buradaki amac\u0131m\u0131z bask\u0131y\u0131 k\u0131r\u0131p direkt toplarla gol bulmakt\u0131. Her iki tak\u0131m\u0131n da pozisyonlar buldu\u011fu ma\u00e7\u0131n sonunda, taraflar sahadan birer gol ve birer puanla ayr\u0131ld\u0131.<\/p>\n","protected":false},"excerpt":{"rendered":"<p>Kayserispor Teknik Sorumlusu Muhammed T\u00fcrkmen, G\u00f6ztepe ma\u00e7\u0131n\u0131n ard\u0131ndan, T\u00fcrkiye\u2019nin en zorlu deplasmanlar\u0131ndan birinde m\u00fccadele ettiklerini s\u00f6yledi.<\/p>\n","protected":false},"author":1,"featured_media":45896,"comment_status":"open","ping_status":"open","sticky":false,"template":"","format":"standard","meta":{"footnotes":""},"categories":[14],"tags":[364,278,2395],"class_list":["post-45895","post","type-post","status-publish","format-standard","has-post-thumbnail","hentry","category-spor","tag-mac","tag-oyun","tag-saha"],"_links":{"self":[{"href":"https:\/\/bihavadis.com\/index.php\/wp-json\/wp\/v2\/posts\/45895","targetHints":{"allow":["GET"]}}],"collection":[{"href":"https:\/\/bihavadis.com\/index.php\/wp-json\/wp\/v2\/posts"}],"about":[{"href":"https:\/\/bihavadis.com\/index.php\/wp-json\/wp\/v2\/types\/post"}],"author":[{"embeddable":true,"href":"https:\/\/bihavadis.com\/index.php\/wp-json\/wp\/v2\/users\/1"}],"replies":[{"embeddable":true,"href":"https:\/\/bihavadis.com\/index.php\/wp-json\/wp\/v2\/comments?post=45895"}],"version-history":[{"count":1,"href":"https:\/\/bihavadis.com\/index.php\/wp-json\/wp\/v2\/posts\/45895\/revisions"}],"predecessor-version":[{"id":45898,"href":"https:\/\/bihavadis.com\/index.php\/wp-json\/wp\/v2\/posts\/45895\/revisions\/45898"}],"wp:featuredmedia":[{"embeddable":true,"href":"https:\/\/bihavadis.com\/index.php\/wp-json\/wp\/v2\/media\/45896"}],"wp:attachment":[{"href":"https:\/\/bihavadis.com\/index.php\/wp-json\/wp\/v2\/media?parent=45895"}],"wp:term":[{"taxonomy":"category","embeddable":true,"href":"https:\/\/bihavadis.com\/index.php\/wp-json\/wp\/v2\/categories?post=45895"},{"taxonomy":"post_tag","embeddable":true,"href":"https:\/\/bihavadis.com\/index.php\/wp-json\/wp\/v2\/tags?post=45895"}],"curies":[{"name":"wp","href":"https:\/\/api.w.org\/{rel}","templated":true}]}}