{"id":45899,"date":"2026-02-24T20:36:10","date_gmt":"2026-02-24T20:36:10","guid":{"rendered":"https:\/\/bihavadis.com\/?p=45899"},"modified":"2026-02-24T20:36:10","modified_gmt":"2026-02-24T20:36:10","slug":"rektor-canturk-yilin-kareleri-oylamasina-katildi","status":"publish","type":"post","link":"https:\/\/bihavadis.com\/index.php\/2026\/02\/24\/rektor-canturk-yilin-kareleri-oylamasina-katildi\/","title":{"rendered":"Rekt\u00f6r Cant\u00fcrk, Y\u0131l\u0131n Kareleri Oylamas\u0131na Kat\u0131ld\u0131"},"content":{"rendered":"<p> Kocaeli \u00dcniversitesi Rekt\u00f6r\u00fc Prof. Dr. Nuh Zafer Cant\u00fcrk, Anadolu Ajans\u0131n\u0131n (AA) g\u00f6z\u00fcnden 2025&#8217;e damga vuran olaylara ait foto\u011fraflar\u0131n yer ald\u0131\u011f\u0131 &#8220;Y\u0131l\u0131n Kareleri&#8221; oylamas\u0131na kat\u0131ld\u0131.<\/p>\n<p>Cant\u00fcrk, lifebox, AJet ve ROKETSAN sponsorlu\u011funda d\u00fczenlenen yar\u0131\u015fmada, AA foto muhabirleri ve muhabirlerinin 2025 y\u0131l\u0131nda T\u00fcrkiye ile d\u00fcnya g\u00fcndeminde yank\u0131 bulan toplam 6 kategorideki 112 foto\u011fraf\u0131n\u0131 inceledi.<\/p>\n<p>&#8220;Gazze: A\u00e7l\u0131k&#8221; kategorisinde Ali Jadallah&#8217;\u0131n &#8220;Gazze&#8217;de a\u00e7l\u0131kla m\u00fccadele eden Filistinlilere, yemek da\u011f\u0131t\u0131ld\u0131&#8221; ba\u015fl\u0131kl\u0131 foto\u011fraf\u0131n\u0131 se\u00e7en Cant\u00fcrk, &#8220;Portre&#8221; kategorisinde Cem \u00d6zdel&#8217;in &#8220;Rastgeldi&#8221; foto\u011fraf\u0131ndan yana se\u00e7im yapt\u0131.<\/p>\n<p>Cant\u00fcrk, &#8220;Haber&#8221; kategorisinde Hakan Akg\u00fcn&#8217;\u00fcn &#8220;\u0130nsans\u0131z hava kaleleri&#8221; foto\u011fraf\u0131na oy verirken, &#8220;Spor&#8221; kategorisinde B\u00fcnyamin \u00c7elik&#8217;in &#8220;Statlar\u0131n dili&#8221; foto\u011fraf\u0131n\u0131 tercih etti.<\/p>\n<p>&#8220;Do\u011fal Ya\u015fam ve \u00c7evre&#8221; kategorisinde Harun \u00d6zalp&#8217;in &#8220;Hareket zaman\u0131&#8221; karesini oylayan Cant\u00fcrk, &#8220;G\u00fcnl\u00fck Hayat&#8221; kategorisinde tercihini \u0130sa Terli&#8217;nin &#8220;Dolunay sefas\u0131&#8221; foto\u011fraf\u0131ndan yana kulland\u0131.<\/p>\n<p>Rekt\u00f6r Cant\u00fcrk, &#8220;Gazze: A\u00e7l\u0131k&#8221; kategorisinin \u00f6zellikle ilgisini \u00e7ekti\u011fini belirterek, &#8220;A\u00e7l\u0131kla ilgili olan, orada insanlar\u0131n bir tas yemek i\u00e7in \u00e7\u0131rp\u0131n\u0131\u015f\u0131n\u0131 g\u00f6steren foto\u011fraf \u00e7ok etkileyiciydi.&#8221; dedi.<\/p>\n<p>T\u00fcrk anlay\u0131\u015f\u0131 ve t\u00f6resinin, insan\u0131 \u00f6ne \u00e7\u0131karan bir anlay\u0131\u015f oldu\u011funu vurgulayan Cant\u00fcrk, &#8220;D\u00fcnyan\u0131n her yerinde olabilecek mezalimin, toplumsal yok edi\u015fin ortadan kalkmas\u0131n\u0131, insanlar\u0131n \u00f6ld\u00fcr\u00fclmesinin son bulmas\u0131n\u0131 diliyorum. Bu foto\u011fraflar da bunu \u00e7ok net \u015fekilde ortaya koyuyor. Arkada\u015flar, kendileriyle ne kadar gurur duysalar az. Biz onlarla gurur duyuyoruz.&#8221; ifadelerini kulland\u0131.<\/p>\n<p>Oylama<\/p>\n<p>AA&#8217;n\u0131n 2012 y\u0131l\u0131ndan bu yana d\u00fczenledi\u011fi yar\u0131\u015fmada bu y\u0131l &#8220;Haber&#8221;, &#8220;Do\u011fal Ya\u015fam ve \u00c7evre&#8221;, &#8220;Spor&#8221; ve &#8220;G\u00fcnl\u00fck Hayat&#8221; olmak \u00fczere 4 ana kategorinin yan\u0131 s\u0131ra &#8220;Gazze: A\u00e7l\u0131k&#8221; ve &#8220;Portre&#8221; ba\u015fl\u0131kl\u0131 2 \u00f6zel kategori de yer al\u0131yor.<\/p>\n<p>T\u00fcrk\u00e7e ve \u0130ngilizce alt yaz\u0131yla d\u00fcnya genelinde yap\u0131lan oylamaya kat\u0131lanlar, istedikleri say\u0131da foto\u011frafa oy verebiliyor.<\/p>\n<p>Oylama, &#8220;yilinkareleri.aa.com.tr&#8221; internet sitesinden 15 \u015eubat Pazar saat 17.00&#8217;ye kadar devam edecek.<\/p>\n","protected":false},"excerpt":{"rendered":"<p>Kocaeli \u00dcniversitesi Rekt\u00f6r\u00fc Cant\u00fcrk, AA&#8217;n\u0131n 2025 foto\u011fraf yar\u0131\u015fmas\u0131nda oylama yapt\u0131.<\/p>\n","protected":false},"author":1,"featured_media":45900,"comment_status":"open","ping_status":"open","sticky":false,"template":"","format":"standard","meta":{"footnotes":""},"categories":[9,4,13],"tags":[6111,311,312],"class_list":["post-45899","post","type-post","status-publish","format-standard","has-post-thumbnail","hentry","category-genel","category-gundem","category-son-dakika","tag-canturk","tag-foto","tag-kategorisinde"],"_links":{"self":[{"href":"https:\/\/bihavadis.com\/index.php\/wp-json\/wp\/v2\/posts\/45899","targetHints":{"allow":["GET"]}}],"collection":[{"href":"https:\/\/bihavadis.com\/index.php\/wp-json\/wp\/v2\/posts"}],"about":[{"href":"https:\/\/bihavadis.com\/index.php\/wp-json\/wp\/v2\/types\/post"}],"author":[{"embeddable":true,"href":"https:\/\/bihavadis.com\/index.php\/wp-json\/wp\/v2\/users\/1"}],"replies":[{"embeddable":true,"href":"https:\/\/bihavadis.com\/index.php\/wp-json\/wp\/v2\/comments?post=45899"}],"version-history":[{"count":1,"href":"https:\/\/bihavadis.com\/index.php\/wp-json\/wp\/v2\/posts\/45899\/revisions"}],"predecessor-version":[{"id":45901,"href":"https:\/\/bihavadis.com\/index.php\/wp-json\/wp\/v2\/posts\/45899\/revisions\/45901"}],"wp:featuredmedia":[{"embeddable":true,"href":"https:\/\/bihavadis.com\/index.php\/wp-json\/wp\/v2\/media\/45900"}],"wp:attachment":[{"href":"https:\/\/bihavadis.com\/index.php\/wp-json\/wp\/v2\/media?parent=45899"}],"wp:term":[{"taxonomy":"category","embeddable":true,"href":"https:\/\/bihavadis.com\/index.php\/wp-json\/wp\/v2\/categories?post=45899"},{"taxonomy":"post_tag","embeddable":true,"href":"https:\/\/bihavadis.com\/index.php\/wp-json\/wp\/v2\/tags?post=45899"}],"curies":[{"name":"wp","href":"https:\/\/api.w.org\/{rel}","templated":true}]}}